{"id":10137,"date":"2017-09-23T20:16:56","date_gmt":"2017-09-23T18:16:56","guid":{"rendered":"http:\/\/www.tuseichholzremmighausen.de\/wordpress\/?p=10137"},"modified":"2020-09-11T20:36:12","modified_gmt":"2020-09-11T18:36:12","slug":"00-zum-saisonstart-der-b-juniorinnen","status":"publish","type":"post","link":"https:\/\/www.tuseichholzremmighausen.de\/wordpress\/archives\/10137","title":{"rendered":"0:0 zum Saisonstart der B-Juniorinnen"},"content":{"rendered":"<p>Endlich starten auch die B-Juniorinnen in die neue Saison.<\/p>\n<figure id=\"attachment_10139\" aria-describedby=\"caption-attachment-10139\" style=\"width: 1200px\" class=\"wp-caption alignnone\"><img data-recalc-dims=\"1\" loading=\"lazy\" decoding=\"async\" data-attachment-id=\"10139\" data-permalink=\"https:\/\/www.tuseichholzremmighausen.de\/wordpress\/archives\/10137\/fb_b-juniorinnen_20170921_02\" data-orig-file=\"https:\/\/i0.wp.com\/www.tuseichholzremmighausen.de\/wordpress\/wp-content\/uploads\/2017\/09\/fb_b-juniorinnen_20170921_02.jpg?fit=1200%2C800&amp;ssl=1\" data-orig-size=\"1200,800\" data-comments-opened=\"0\" data-image-meta=\"{&quot;aperture&quot;:&quot;6.3&quot;,&quot;credit&quot;:&quot;Rolf Gehrke&quot;,&quot;camera&quot;:&quot;Canon EOS 70D&quot;,&quot;caption&quot;:&quot;&quot;,&quot;created_timestamp&quot;:&quot;1504548183&quot;,&quot;copyright&quot;:&quot;Rolf Gehrke 2016&quot;,&quot;focal_length&quot;:&quot;75&quot;,&quot;iso&quot;:&quot;500&quot;,&quot;shutter_speed&quot;:&quot;0.000625&quot;,&quot;title&quot;:&quot;&quot;,&quot;orientation&quot;:&quot;1&quot;}\" data-image-title=\"fb_b-juniorinnen_20170921_02\" data-image-description=\"\" data-image-caption=\"&lt;p&gt;Szenen aus einem Vorbereitungsspiel in Asemissen&lt;\/p&gt;\n\" data-large-file=\"https:\/\/i0.wp.com\/www.tuseichholzremmighausen.de\/wordpress\/wp-content\/uploads\/2017\/09\/fb_b-juniorinnen_20170921_02.jpg?fit=800%2C534&amp;ssl=1\" width=\"800\" height=\"533\" class=\"size-full wp-image-10139\" alt=\"Szenen aus einem Vorbereitungsspiel in Asemissen\" src=\"https:\/\/i0.wp.com\/www.tuseichholzremmighausen.de\/wordpress\/wp-content\/uploads\/2017\/09\/fb_b-juniorinnen_20170921_02.jpg?resize=800%2C533&#038;ssl=1\" srcset=\"https:\/\/i0.wp.com\/www.tuseichholzremmighausen.de\/wordpress\/wp-content\/uploads\/2017\/09\/fb_b-juniorinnen_20170921_02.jpg?w=1200&amp;ssl=1 1200w, https:\/\/i0.wp.com\/www.tuseichholzremmighausen.de\/wordpress\/wp-content\/uploads\/2017\/09\/fb_b-juniorinnen_20170921_02.jpg?resize=600%2C400&amp;ssl=1 600w, https:\/\/i0.wp.com\/www.tuseichholzremmighausen.de\/wordpress\/wp-content\/uploads\/2017\/09\/fb_b-juniorinnen_20170921_02.jpg?resize=300%2C200&amp;ssl=1 300w, https:\/\/i0.wp.com\/www.tuseichholzremmighausen.de\/wordpress\/wp-content\/uploads\/2017\/09\/fb_b-juniorinnen_20170921_02.jpg?resize=768%2C512&amp;ssl=1 768w, https:\/\/i0.wp.com\/www.tuseichholzremmighausen.de\/wordpress\/wp-content\/uploads\/2017\/09\/fb_b-juniorinnen_20170921_02.jpg?resize=1024%2C683&amp;ssl=1 1024w\" sizes=\"auto, (max-width: 800px) 100vw, 800px\" \/><figcaption id=\"caption-attachment-10139\" class=\"wp-caption-text\">Szenen aus einem Vorbereitungsspiel in Asemissen<\/figcaption><\/figure>\n<p>Nachdem in der vergangenen Woche die Partie gegen die SF Berlebeck-Heiligenkirchen abgesagt wurde, mussten unsere Nachbarn sogar das Team aus der Liga zur\u00fcckziehen. Da bleibt die Sorge um Spielerinnen und Personal im M\u00e4dchenfu\u00dfball sicher weiter zu beobachten! Am Freitag Abend hatte Gastgeber TuRa Elsen auch gro\u00dfe Probleme eine Mannschaft zur Ansto\u00dfzeit aufs Feld zu bekommen. Quasi in der letzten Minute und mit dem Eichholzer Wohlwollen, konnte die Partie stattfinden. Der TuS kehrte am Ende mit einem 0:0 die Heimreise an. Das f\u00fcr Sonntag angesetzte Heimspiel gegen die SF Oesterholz-Kohlst\u00e4dt haben die G\u00e4ste ebenfalls wegen akuter Personalprobleme absagen m\u00fcssen. Wann die Begegnung nachgeholt werden wird, stand bei Redaktionsschluss&nbsp; noch nicht fest.&nbsp;<\/p>\n","protected":false},"excerpt":{"rendered":"<p>B-M\u00e4dchen starten mit Remis in die neue Saison.<\/p>\n","protected":false},"author":16,"featured_media":10138,"comment_status":"closed","ping_status":"open","sticky":false,"template":"","format":"standard","meta":{"colormag_page_container_layout":"default_layout","colormag_page_sidebar_layout":"default_layout","_jetpack_memberships_contains_paid_content":false,"footnotes":"","jetpack_publicize_message":"0:0  B-Juniorinnen punkten in Elsen -Gr\u00fc\u00dfe nach Australien an Jannina! :)","jetpack_publicize_feature_enabled":true,"jetpack_social_post_already_shared":true,"jetpack_social_options":{"image_generator_settings":{"template":"highway","default_image_id":0,"font":"","enabled":false},"version":2}},"categories":[157,158],"tags":[],"class_list":["post-10137","post","type-post","status-publish","format-standard","has-post-thumbnail","hentry","category-archiv","category-fb-jugend-aktuell"],"jetpack_publicize_connections":[],"jetpack_featured_media_url":"https:\/\/i0.wp.com\/www.tuseichholzremmighausen.de\/wordpress\/wp-content\/uploads\/2017\/09\/fb_b-juniorinnen_20170921.jpg?fit=1200%2C800&ssl=1","jetpack_sharing_enabled":true,"_links":{"self":[{"href":"https:\/\/www.tuseichholzremmighausen.de\/wordpress\/wp-json\/wp\/v2\/posts\/10137","targetHints":{"allow":["GET"]}}],"collection":[{"href":"https:\/\/www.tuseichholzremmighausen.de\/wordpress\/wp-json\/wp\/v2\/posts"}],"about":[{"href":"https:\/\/www.tuseichholzremmighausen.de\/wordpress\/wp-json\/wp\/v2\/types\/post"}],"author":[{"embeddable":true,"href":"https:\/\/www.tuseichholzremmighausen.de\/wordpress\/wp-json\/wp\/v2\/users\/16"}],"replies":[{"embeddable":true,"href":"https:\/\/www.tuseichholzremmighausen.de\/wordpress\/wp-json\/wp\/v2\/comments?post=10137"}],"version-history":[{"count":0,"href":"https:\/\/www.tuseichholzremmighausen.de\/wordpress\/wp-json\/wp\/v2\/posts\/10137\/revisions"}],"wp:featuredmedia":[{"embeddable":true,"href":"https:\/\/www.tuseichholzremmighausen.de\/wordpress\/wp-json\/wp\/v2\/media\/10138"}],"wp:attachment":[{"href":"https:\/\/www.tuseichholzremmighausen.de\/wordpress\/wp-json\/wp\/v2\/media?parent=10137"}],"wp:term":[{"taxonomy":"category","embeddable":true,"href":"https:\/\/www.tuseichholzremmighausen.de\/wordpress\/wp-json\/wp\/v2\/categories?post=10137"},{"taxonomy":"post_tag","embeddable":true,"href":"https:\/\/www.tuseichholzremmighausen.de\/wordpress\/wp-json\/wp\/v2\/tags?post=10137"}],"curies":[{"name":"wp","href":"https:\/\/api.w.org\/{rel}","templated":true}]}}