{"id":10148,"date":"2017-09-24T21:15:53","date_gmt":"2017-09-24T19:15:53","guid":{"rendered":"http:\/\/www.tuseichholzremmighausen.de\/wordpress\/?p=10148"},"modified":"2020-09-11T20:36:12","modified_gmt":"2020-09-11T18:36:12","slug":"trotz-klarer-ueberlegenheit-nur-00-gegen-bsv-muessen","status":"publish","type":"post","link":"https:\/\/www.tuseichholzremmighausen.de\/wordpress\/archives\/10148","title":{"rendered":"Trotz klarer \u00dcberlegenheit &#8211; Nur 0:0 gegen BSV M\u00fcssen!"},"content":{"rendered":"<p>A1-Jugend, Spiel am Sa.23.09.<\/p>\n<p>Im ersten Heimspiel, mit dem neuen TuS-Outfit, empfing unsere A1-Jugend den Gast vom BSV M\u00fcssen. <\/p>\n<p>Das spielerische \u00dcbergewicht in den ersten 15. Min. besa\u00df klar der TUS:<br \/>\nzwei gute Einschussm\u00f6glichkeiten; der Gegner hatte nur sehr wenig Zugriff auf das Spiel!<br \/>\nDer Druck konnte danach weiterhin aufrecht erhalten werden. In der Folge machte der Keeper vom BSV M\u00fcssen zwei sehr gute Chancen zunichte und deutete seine TOP-Verfassung an diesem Tag an!<br \/>\n30 Min. waren gespielt und Lukas, bei uns im Tor, durfte das erste Mal den Ball aufnehmen.<br \/>\nBis zur Halbzeit verstand es die A1-Jugend den Gegner max. bis auf ca. 20 Meter vor unser Tor kommen zu lassen. Wir hatten bis zum Pausenpfiff nochmals den gegnerischen Torwart und die Torlatte, als scheinbar un\u00fcberwindbares Hindernis, zu akzeptieren.<\/p>\n<figure id=\"attachment_10150\" aria-describedby=\"caption-attachment-10150\" style=\"width: 800px\" class=\"wp-caption aligncenter\"><img data-recalc-dims=\"1\" loading=\"lazy\" decoding=\"async\" data-attachment-id=\"10150\" data-permalink=\"https:\/\/www.tuseichholzremmighausen.de\/wordpress\/archives\/10148\/170924ajug-2\" data-orig-file=\"https:\/\/i0.wp.com\/www.tuseichholzremmighausen.de\/wordpress\/wp-content\/uploads\/2017\/09\/170924AJug-1.jpg?fit=1440%2C1080&amp;ssl=1\" data-orig-size=\"1440,1080\" data-comments-opened=\"0\" data-image-meta=\"{&quot;aperture&quot;:&quot;2&quot;,&quot;credit&quot;:&quot;&quot;,&quot;camera&quot;:&quot;C6903&quot;,&quot;caption&quot;:&quot;&quot;,&quot;created_timestamp&quot;:&quot;1506178697&quot;,&quot;copyright&quot;:&quot;&quot;,&quot;focal_length&quot;:&quot;4.9&quot;,&quot;iso&quot;:&quot;100&quot;,&quot;shutter_speed&quot;:&quot;0.000625&quot;,&quot;title&quot;:&quot;&quot;,&quot;orientation&quot;:&quot;1&quot;}\" data-image-title=\"fb_170924_a_jun_vs.m\u00fcssen_1\" data-image-description=\"\" data-image-caption=\"&lt;p&gt;Anweisungen vom Trainerteam in der Halbzeitpause&lt;\/p&gt;\n\" data-large-file=\"https:\/\/i0.wp.com\/www.tuseichholzremmighausen.de\/wordpress\/wp-content\/uploads\/2017\/09\/170924AJug-1.jpg?fit=800%2C600&amp;ssl=1\" src=\"https:\/\/i0.wp.com\/www.tuseichholzremmighausen.de\/wordpress\/wp-content\/uploads\/2017\/09\/170924AJug-1.jpg?resize=800%2C600&#038;ssl=1\" alt=\"Anweisungen vom Trainerteam in der Halbzeitpause\" width=\"800\" height=\"600\" class=\"size-large wp-image-10150\" srcset=\"https:\/\/i0.wp.com\/www.tuseichholzremmighausen.de\/wordpress\/wp-content\/uploads\/2017\/09\/170924AJug-1.jpg?resize=1024%2C768&amp;ssl=1 1024w, https:\/\/i0.wp.com\/www.tuseichholzremmighausen.de\/wordpress\/wp-content\/uploads\/2017\/09\/170924AJug-1.jpg?resize=600%2C450&amp;ssl=1 600w, https:\/\/i0.wp.com\/www.tuseichholzremmighausen.de\/wordpress\/wp-content\/uploads\/2017\/09\/170924AJug-1.jpg?resize=300%2C225&amp;ssl=1 300w, https:\/\/i0.wp.com\/www.tuseichholzremmighausen.de\/wordpress\/wp-content\/uploads\/2017\/09\/170924AJug-1.jpg?resize=768%2C576&amp;ssl=1 768w, https:\/\/i0.wp.com\/www.tuseichholzremmighausen.de\/wordpress\/wp-content\/uploads\/2017\/09\/170924AJug-1.jpg?w=1440&amp;ssl=1 1440w\" sizes=\"auto, (max-width: 800px) 100vw, 800px\" \/><figcaption id=\"caption-attachment-10150\" class=\"wp-caption-text\">Anweisungen vom Trainerteam in der Halbzeitpause<\/figcaption><\/figure>\n<p>Vom Wiederansto\u00df bis zur 60. Min. waren es dann in Summe vier Treffer, leider alle nur an das Torgest\u00e4nge des Gastes!<br \/>\nIn den letzten 20 Min. \u00fcberschlugen sich die Ereignisse. Wir wollten unbedingt den ersehnten Dreier einfahren und riskierten noch mehr, mit teils offenen Visier und kamen zu weiteren Gro\u00dfchancen.<br \/>\nBSV M\u00fcssen, die sich bis dahin, lediglich ohne gro\u00dfen Spielaufbau nach vorne und mit k\u00e4mpferischen Dagegenhalten wehrten, kamen nun zu zwei hochkar\u00e4tigen Torchancen \u00fcber das Konterspiel. Da rettete dieses Mal unser Keeper, auch im Verbund mit unserem Torgeh\u00e4use.<br \/>\nErgebniss 0:0!<br \/>\nLeider hat uns ein wenig das Gl\u00fcck gefehlt! Aber vielleicht mus man auch sagen, dass wir am Ende Gl\u00fcck hatten, nicht noch mit leeren H\u00e4nden dazustehen. Zumindest konnte der 2. Tabellenplatz behauptet werden.<\/p>\n<p>Keine Zeit zum Nachdenken &#8211; Das n\u00e4chste Spiel ist bereits am kommenden Mittwoch, den<br \/>\n27.09. 19 Uhr beim Tabellenf\u00fchrer Kohlst\u00e4dt\/Oesterholz.<\/p>\n<p>PS: Herzlichen Dank an die vielen Zuschauer! Gerne sehen wir euch wieder!!<\/p>\n","protected":false},"excerpt":{"rendered":"<p>A1-Jugend, Spiel am Sa.23.09. Im ersten Heimspiel, mit dem neuen TuS-Outfit, empfing unsere A1-Jugend den Gast vom BSV M\u00fcssen. Das<\/p>\n","protected":false},"author":50,"featured_media":10149,"comment_status":"closed","ping_status":"open","sticky":false,"template":"","format":"standard","meta":{"colormag_page_container_layout":"default_layout","colormag_page_sidebar_layout":"default_layout","_jetpack_memberships_contains_paid_content":false,"footnotes":"","jetpack_publicize_message":"Trotz klarer \u00dcberlegenheit - Nur 0:0 gegen BSV M\u00fcssen!","jetpack_publicize_feature_enabled":true,"jetpack_social_post_already_shared":true,"jetpack_social_options":{"image_generator_settings":{"template":"highway","default_image_id":0,"font":"","enabled":false},"version":2}},"categories":[157],"tags":[],"class_list":["post-10148","post","type-post","status-publish","format-standard","has-post-thumbnail","hentry","category-archiv"],"jetpack_publicize_connections":[],"jetpack_featured_media_url":"https:\/\/i0.wp.com\/www.tuseichholzremmighausen.de\/wordpress\/wp-content\/uploads\/2017\/09\/170924AJug3-1.jpg?fit=1440%2C1080&ssl=1","jetpack_sharing_enabled":true,"_links":{"self":[{"href":"https:\/\/www.tuseichholzremmighausen.de\/wordpress\/wp-json\/wp\/v2\/posts\/10148","targetHints":{"allow":["GET"]}}],"collection":[{"href":"https:\/\/www.tuseichholzremmighausen.de\/wordpress\/wp-json\/wp\/v2\/posts"}],"about":[{"href":"https:\/\/www.tuseichholzremmighausen.de\/wordpress\/wp-json\/wp\/v2\/types\/post"}],"author":[{"embeddable":true,"href":"https:\/\/www.tuseichholzremmighausen.de\/wordpress\/wp-json\/wp\/v2\/users\/50"}],"replies":[{"embeddable":true,"href":"https:\/\/www.tuseichholzremmighausen.de\/wordpress\/wp-json\/wp\/v2\/comments?post=10148"}],"version-history":[{"count":0,"href":"https:\/\/www.tuseichholzremmighausen.de\/wordpress\/wp-json\/wp\/v2\/posts\/10148\/revisions"}],"wp:featuredmedia":[{"embeddable":true,"href":"https:\/\/www.tuseichholzremmighausen.de\/wordpress\/wp-json\/wp\/v2\/media\/10149"}],"wp:attachment":[{"href":"https:\/\/www.tuseichholzremmighausen.de\/wordpress\/wp-json\/wp\/v2\/media?parent=10148"}],"wp:term":[{"taxonomy":"category","embeddable":true,"href":"https:\/\/www.tuseichholzremmighausen.de\/wordpress\/wp-json\/wp\/v2\/categories?post=10148"},{"taxonomy":"post_tag","embeddable":true,"href":"https:\/\/www.tuseichholzremmighausen.de\/wordpress\/wp-json\/wp\/v2\/tags?post=10148"}],"curies":[{"name":"wp","href":"https:\/\/api.w.org\/{rel}","templated":true}]}}