{"id":10151,"date":"2017-09-24T21:29:24","date_gmt":"2017-09-24T19:29:24","guid":{"rendered":"http:\/\/www.tuseichholzremmighausen.de\/wordpress\/?p=10151"},"modified":"2020-09-11T20:36:12","modified_gmt":"2020-09-11T18:36:12","slug":"zweite-erkaempft-remis-in-kohlstaedt","status":"publish","type":"post","link":"https:\/\/www.tuseichholzremmighausen.de\/wordpress\/archives\/10151","title":{"rendered":"Zweite erk\u00e4mpft Remis in Kohlst\u00e4dt"},"content":{"rendered":"<p>Am Wahlsonntag war es wieder soweit,unsere Zweite reiste zu den favorisierten Sportfreunden aus Kohlst\u00e4dt. Um 13 Uhr ging es mit einer motivierten 14 Mann Truppe gegen einen offensiv starken Gegner los.<\/p>\n<p>Vor der Partie stimmte Coach Jens Hofele unsere Truppe auf die starke Offensive,aber auch auf die anf\u00e4llige Defensive des Gegners ein. Eine kompakte und konzentrierte Leistung sollte heute der Schl\u00fcssel zu einem verdienten Punkt werden.<\/p>\n<p>Beide Mannschaften ben\u00f6tigten die erste Viertelstunde um ins Spiel zu kommen. Danach nahm die Partie langsam Fahrt auf und wie erwartet hatte der Gegner die ersten Chancen und konnte daher in der 18. Minute die F\u00fchrung erzielen.<\/p>\n<p>Unsere Zweite lie\u00df sich trotz schwierigem Gel\u00e4uf und R\u00fcckstand jedoch nicht beirren und kreierte im Laufe der anschlie\u00dfenden Minuten einige Chancen,die aber der starke Schlussmann der Kohlst\u00e4dter vereitelte.<\/p>\n<figure id=\"attachment_10152\" aria-describedby=\"caption-attachment-10152\" style=\"width: 300px\" class=\"wp-caption alignnone\"><img data-recalc-dims=\"1\" loading=\"lazy\" decoding=\"async\" data-attachment-id=\"10152\" data-permalink=\"https:\/\/www.tuseichholzremmighausen.de\/wordpress\/archives\/10151\/zweite-2-bearbeitet-fertig\" data-orig-file=\"https:\/\/i0.wp.com\/www.tuseichholzremmighausen.de\/wordpress\/wp-content\/uploads\/2017\/09\/Zweite-2-bearbeitet-fertig.jpg?fit=800%2C533&amp;ssl=1\" data-orig-size=\"800,533\" data-comments-opened=\"0\" data-image-meta=\"{&quot;aperture&quot;:&quot;0&quot;,&quot;credit&quot;:&quot;&quot;,&quot;camera&quot;:&quot;&quot;,&quot;caption&quot;:&quot;&quot;,&quot;created_timestamp&quot;:&quot;0&quot;,&quot;copyright&quot;:&quot;&quot;,&quot;focal_length&quot;:&quot;0&quot;,&quot;iso&quot;:&quot;0&quot;,&quot;shutter_speed&quot;:&quot;0&quot;,&quot;title&quot;:&quot;&quot;,&quot;orientation&quot;:&quot;0&quot;}\" data-image-title=\"Zweite Ausw\u00e4rts\" data-image-description=\"\" data-image-caption=\"&lt;p&gt;Rasen in Kohlst\u00e4dt nicht optimal&lt;\/p&gt;\n\" data-large-file=\"https:\/\/i0.wp.com\/www.tuseichholzremmighausen.de\/wordpress\/wp-content\/uploads\/2017\/09\/Zweite-2-bearbeitet-fertig.jpg?fit=800%2C533&amp;ssl=1\" class=\"size-medium wp-image-10152\" src=\"https:\/\/i0.wp.com\/www.tuseichholzremmighausen.de\/wordpress\/wp-content\/uploads\/2017\/09\/Zweite-2-bearbeitet-fertig.jpg?resize=300%2C200&#038;ssl=1\" alt=\"\" width=\"300\" height=\"200\" srcset=\"https:\/\/i0.wp.com\/www.tuseichholzremmighausen.de\/wordpress\/wp-content\/uploads\/2017\/09\/Zweite-2-bearbeitet-fertig.jpg?resize=300%2C200&amp;ssl=1 300w, https:\/\/i0.wp.com\/www.tuseichholzremmighausen.de\/wordpress\/wp-content\/uploads\/2017\/09\/Zweite-2-bearbeitet-fertig.jpg?resize=600%2C400&amp;ssl=1 600w, https:\/\/i0.wp.com\/www.tuseichholzremmighausen.de\/wordpress\/wp-content\/uploads\/2017\/09\/Zweite-2-bearbeitet-fertig.jpg?resize=768%2C512&amp;ssl=1 768w, https:\/\/i0.wp.com\/www.tuseichholzremmighausen.de\/wordpress\/wp-content\/uploads\/2017\/09\/Zweite-2-bearbeitet-fertig.jpg?w=800&amp;ssl=1 800w\" sizes=\"auto, (max-width: 300px) 100vw, 300px\" \/><figcaption id=\"caption-attachment-10152\" class=\"wp-caption-text\">Rasen in Kohlst\u00e4dt nicht optimal<\/figcaption><\/figure>\n<p>St\u00fcrmer Jan Busse und Dennis Esau konnten durch ihre Schnelligkeit die Hintermannschaft der Gegner h\u00e4ufig in Laufduelle zwingen und sorgten so das gesamten Spiels f\u00fcr jede Menge Gefahr f\u00fcr die Heimmannschaft.<\/p>\n<p>In der 32. Minute war es soweit,Enis Ben Ayed schie\u00dft aus ca. 45 Metern ein Tor des Jahres. Schlitzohr Enis hat schon fr\u00fchzeitig erkannt, dass der gegnerische Keeper im eigenen Ballbesitz sehr weit vor seinem Tor steht und hat kurz hinter der Mittellinie einfach mal abgezogen.<\/p>\n<p>Traumtor von Enis, Ausgleich f\u00fcr unsere Zweite!<\/p>\n<p>Mit dem Ergebnis ging es dann auch in die Kabine.<\/p>\n<p>Die erste Halbzeit verlief genauso,wie wir uns das vorgestellt haben und deshalb sollte es in der zweiten H\u00e4lfte auch so weitergehen.<\/p>\n<p>Nach der Pause lie\u00df unsere Truppe wenig zu, kreierte sehr viele Chancen und hatte die M\u00f6glichkeit sogar drei Punkte mitzunehmen. Hierbei standen erneut unsere St\u00fcrmer und unser technisch brillanter Sechser Ziver im Fokus,welcher traumhafte P\u00e4sse in den Lauf spielte.<\/p>\n<p>Unser Defensivverbund um Kapit\u00e4n Dami, Andi und Tobi lieferten einen \u00fcberragenden Job ab. Auch unser Keeper Andre machte \u00fcber 90 Minuten erneut einen tollen Job!<\/p>\n<p><b>Fazit:<br \/>\n<\/b>Insgesamt ein tolles und packendes Spiel mit vielen Chancen und klasse Spielz\u00fcgen.<\/p>\n<p>Schade,dass es bei einer solch k\u00e4mpferischen Leistung nur f\u00fcr ein Remis gereicht hat.<\/p>\n<p>In dem Spiel war mehr drin,aber gegen diesen Gegner ein gutes und zufriedenstellendes Ergebnis f\u00fcr unsere Zweite.<\/p>\n<p><b>Torsch\u00fctzen:<br \/>\n<\/b>1:0 Michael Bader (18\u00b4)<br \/>\n1:1 Enis Ben Ayed (32\u00b4)<\/p>\n","protected":false},"excerpt":{"rendered":"<p>Am Wahlsonntag war es wieder soweit,unsere Zweite reiste zu den favorisierten Sportfreunden aus Kohlst\u00e4dt. Um 13 Uhr ging es mit<\/p>\n","protected":false},"author":48,"featured_media":10153,"comment_status":"closed","ping_status":"open","sticky":false,"template":"","format":"standard","meta":{"colormag_page_container_layout":"default_layout","colormag_page_sidebar_layout":"default_layout","_jetpack_memberships_contains_paid_content":false,"footnotes":"","jetpack_publicize_message":"Zweite erk\u00e4mpft Remis in Kohlst\u00e4dt","jetpack_publicize_feature_enabled":true,"jetpack_social_post_already_shared":true,"jetpack_social_options":{"image_generator_settings":{"template":"highway","default_image_id":0,"font":"","enabled":false},"version":2}},"categories":[157,159],"tags":[178,182],"class_list":["post-10151","post","type-post","status-publish","format-standard","has-post-thumbnail","hentry","category-archiv","category-fb-senioren-aktuell","tag-fussball","tag-zweite"],"jetpack_publicize_connections":[],"jetpack_featured_media_url":"https:\/\/i0.wp.com\/www.tuseichholzremmighausen.de\/wordpress\/wp-content\/uploads\/2017\/09\/Zweite-1-bearbeitet-fertig.jpg?fit=800%2C601&ssl=1","jetpack_sharing_enabled":true,"_links":{"self":[{"href":"https:\/\/www.tuseichholzremmighausen.de\/wordpress\/wp-json\/wp\/v2\/posts\/10151","targetHints":{"allow":["GET"]}}],"collection":[{"href":"https:\/\/www.tuseichholzremmighausen.de\/wordpress\/wp-json\/wp\/v2\/posts"}],"about":[{"href":"https:\/\/www.tuseichholzremmighausen.de\/wordpress\/wp-json\/wp\/v2\/types\/post"}],"author":[{"embeddable":true,"href":"https:\/\/www.tuseichholzremmighausen.de\/wordpress\/wp-json\/wp\/v2\/users\/48"}],"replies":[{"embeddable":true,"href":"https:\/\/www.tuseichholzremmighausen.de\/wordpress\/wp-json\/wp\/v2\/comments?post=10151"}],"version-history":[{"count":0,"href":"https:\/\/www.tuseichholzremmighausen.de\/wordpress\/wp-json\/wp\/v2\/posts\/10151\/revisions"}],"wp:featuredmedia":[{"embeddable":true,"href":"https:\/\/www.tuseichholzremmighausen.de\/wordpress\/wp-json\/wp\/v2\/media\/10153"}],"wp:attachment":[{"href":"https:\/\/www.tuseichholzremmighausen.de\/wordpress\/wp-json\/wp\/v2\/media?parent=10151"}],"wp:term":[{"taxonomy":"category","embeddable":true,"href":"https:\/\/www.tuseichholzremmighausen.de\/wordpress\/wp-json\/wp\/v2\/categories?post=10151"},{"taxonomy":"post_tag","embeddable":true,"href":"https:\/\/www.tuseichholzremmighausen.de\/wordpress\/wp-json\/wp\/v2\/tags?post=10151"}],"curies":[{"name":"wp","href":"https:\/\/api.w.org\/{rel}","templated":true}]}}