{"id":10201,"date":"2017-09-28T22:08:29","date_gmt":"2017-09-28T20:08:29","guid":{"rendered":"http:\/\/www.tuseichholzremmighausen.de\/wordpress\/?p=10201"},"modified":"2020-09-11T20:36:12","modified_gmt":"2020-09-11T18:36:12","slug":"__trashed-10","status":"publish","type":"post","link":"https:\/\/www.tuseichholzremmighausen.de\/wordpress\/archives\/10201","title":{"rendered":"A1-Jugend gewinnt beim Tabellenf\u00fchrer"},"content":{"rendered":"<p>&#8230;und \u00fcbernimmt die Pole-Position!<br \/>\n(Spiel am Mi., 27.09.17)<\/p>\n<p>Nach dem &#8222;Nur&#8220;-Unentschieden gegen M\u00fcssen, war das Ziel eindeutig definiert:<br \/>\n&#8222;Drei Punkte sollten es werden!&#8220;<\/p>\n<p>Allerdings war der Gegner kein geringerer als der aktuelle verlustpunktfreie Tabellenf\u00fchrer der SF Oesterholz-Kohlst\u00e4dt, welcher uns vor zwei Wochen, auf gleichem Gel\u00e4uf (Sportplatz &#8220; Am Paradies&#8220; in Oesterholz) in der ersten Pokalrunde, bereits rausgekegelt hatte.<\/p>\n<p>Stark fokussiert und mit klar definierten Zuordnungen und Aufgaben, durch das Trainergespann, gingen wir in das Match. Die Spielweise des Gastgebers aus dem Strothetal war bekannt und doch hatten wir anfangs alle H\u00e4nde zu tun, um das hohe ballf\u00fchrende Tempospiel zu unterbinden. Zur Folge gab es dann auch M\u00f6glichkeiten, welche im Verbund unserer starken Abwehrleistung gekonnt verhindert wurden. Selbst waren wir immer in der Lage gef\u00e4hrlich unser Spiel nach vorne zu tragen. <\/p>\n<p>So kam es dann auch, dass wir in der 12. Min. durch Moritz, nach einem TOP-Zuspiel von Jannis in die Sturmspitze, das 0:1 f\u00fcr Gr\u00fcn-Wei\u00df markierten. Damit hatten wir ein Ausrufezeichen gesetzt! <\/p>\n<p>Das Spiel war bis zur Halbzeit dann ziemlich ausgeglichen, von beiden Seiten zwar umk\u00e4mpft, aber immer mit der n\u00f6tigen Fairness! <\/p>\n<p>Nach Wiederanpfiff verlor das Spiel nicht an Attraktivit\u00e4t! Die \u201eN\u00e4hmaschine\u201c aus Kohlst\u00e4dt\/Oesterholz lief weiter hoch und runter und wir kamen weiterhin \u00fcber eine geschlossene und harmonische Mannschaftsleistung, mit gef\u00e4lligem Kombinationsspiel und jeder Menge Einsatzfreudigkeit, in Richtung des gegnerischen Tores. <\/p>\n<p>Die intensive Begegnung hatte jetzt auf beiden Seiten Einschussm\u00f6glichkeiten. Dabei konnte Lukas im Tor mit einer sehr guten Leistung unsere \u201e0\u201c verteidigen. Wir nutzten diese Chancen besser und kamen nach Freisto\u00df durch Henrik, mit einem Kopfballtor durch Jannis, unseren an dem Tag 1a aufgelegten Kapit\u00e4n, zum 0:2 in der 60. Min.<\/p>\n<p>Aufregung kurz danach vor unserem Tor! Ein vermutlich unberechtigter Elfer f\u00fcr die Heimmannschaft, wird letztendlich \u00fcber das Geb\u00e4lk geschossen.  <\/p>\n<p>Einige Min. sp\u00e4ter, 67., macht die A1-Jugend des TuS den Sack zu!! Nach starkem Sololauf von Martin \u00fcber au\u00dfen, dringt er in die gegnerische Box und passt genial auf den F\u00fcnfer zu Jannis. Der schie\u00dft trocken in die kurze Ecke \u2013 0:3! Jubel allesamt!<\/p>\n<p>Ein Sieg der uns viel K\u00f6rner gekostet hat, kann nun mit dem Platz an der Tabellenspitze genossen werden! <\/p>\n","protected":false},"excerpt":{"rendered":"<p>&#8230;und \u00fcbernimmt die Pole-Position! (Spiel am Mi., 27.09.17) Nach dem &#8222;Nur&#8220;-Unentschieden gegen M\u00fcssen, war das Ziel eindeutig definiert: &#8222;Drei Punkte<\/p>\n","protected":false},"author":50,"featured_media":10206,"comment_status":"closed","ping_status":"open","sticky":false,"template":"","format":"standard","meta":{"colormag_page_container_layout":"default_layout","colormag_page_sidebar_layout":"default_layout","_jetpack_memberships_contains_paid_content":false,"footnotes":"","jetpack_publicize_message":"A1 gewinnt beim Tabellenf\u00fchrer","jetpack_publicize_feature_enabled":true,"jetpack_social_post_already_shared":true,"jetpack_social_options":{"image_generator_settings":{"template":"highway","default_image_id":0,"font":"","enabled":false},"version":2}},"categories":[157],"tags":[],"class_list":["post-10201","post","type-post","status-publish","format-standard","has-post-thumbnail","hentry","category-archiv"],"jetpack_publicize_connections":[],"jetpack_featured_media_url":"https:\/\/i0.wp.com\/www.tuseichholzremmighausen.de\/wordpress\/wp-content\/uploads\/2017\/09\/DSC_0251a.jpg?fit=1280%2C960&ssl=1","jetpack_sharing_enabled":true,"_links":{"self":[{"href":"https:\/\/www.tuseichholzremmighausen.de\/wordpress\/wp-json\/wp\/v2\/posts\/10201","targetHints":{"allow":["GET"]}}],"collection":[{"href":"https:\/\/www.tuseichholzremmighausen.de\/wordpress\/wp-json\/wp\/v2\/posts"}],"about":[{"href":"https:\/\/www.tuseichholzremmighausen.de\/wordpress\/wp-json\/wp\/v2\/types\/post"}],"author":[{"embeddable":true,"href":"https:\/\/www.tuseichholzremmighausen.de\/wordpress\/wp-json\/wp\/v2\/users\/50"}],"replies":[{"embeddable":true,"href":"https:\/\/www.tuseichholzremmighausen.de\/wordpress\/wp-json\/wp\/v2\/comments?post=10201"}],"version-history":[{"count":0,"href":"https:\/\/www.tuseichholzremmighausen.de\/wordpress\/wp-json\/wp\/v2\/posts\/10201\/revisions"}],"wp:featuredmedia":[{"embeddable":true,"href":"https:\/\/www.tuseichholzremmighausen.de\/wordpress\/wp-json\/wp\/v2\/media\/10206"}],"wp:attachment":[{"href":"https:\/\/www.tuseichholzremmighausen.de\/wordpress\/wp-json\/wp\/v2\/media?parent=10201"}],"wp:term":[{"taxonomy":"category","embeddable":true,"href":"https:\/\/www.tuseichholzremmighausen.de\/wordpress\/wp-json\/wp\/v2\/categories?post=10201"},{"taxonomy":"post_tag","embeddable":true,"href":"https:\/\/www.tuseichholzremmighausen.de\/wordpress\/wp-json\/wp\/v2\/tags?post=10201"}],"curies":[{"name":"wp","href":"https:\/\/api.w.org\/{rel}","templated":true}]}}