{"id":10588,"date":"2018-02-10T15:37:17","date_gmt":"2018-02-10T14:37:17","guid":{"rendered":"http:\/\/www.tuseichholzremmighausen.de\/wordpress\/?p=10588"},"modified":"2020-09-11T20:40:40","modified_gmt":"2020-09-11T18:40:40","slug":"quo-vadis-tus-eichholz-remmighausen","status":"publish","type":"post","link":"https:\/\/www.tuseichholzremmighausen.de\/wordpress\/archives\/10588","title":{"rendered":"Quo vadis TuS Eichholz-Remmighausen?"},"content":{"rendered":"<p>Auf der JHV 2018 am Freitagabend verabschiedeten sich gleich zwei der insgesamt drei gesch\u00e4ftsf\u00fchrenden Vorstandsmitglieder des TuS. Lediglich der 2. Vorsitzende Peter Breyer steht f\u00fcr eine weitere Amtsperiode (wenn auch eingeschr\u00e4nkt) zur Verf\u00fcgung.<\/p>\n<p>Die langj\u00e4hrige (8 Jahre!) 1. Kassiererin Ulrike Schaefer und der langj\u00e4hrige (20 Jahre!) 1. Vorsitzende des TuS Detlef Wilberg stehen dagegen f\u00fcr eine weitere Amtsperiode nicht zur Verf\u00fcgung. Beiden dankte die Versammlung f\u00fcr die geleistete Arbeit. Peter Breyer fand zur Verabschiedung die richtigen Worte\u00a0 und Annette Schwartmann hatte mit Ihrem Team eine kleine Zeremonie vorbereitet (siehe Bild).<\/p>\n<p>Aber wie geht es nun weiter? Der aus der Versammlung bestimmte Wahlleiter Klaus Brand (Ortsvorsteher Spork Eichholz) kl\u00e4rte die Versammlung in klaren Worten dar\u00fcber im Detail auf. Das schlimmste aller Szenarien trat allerdings zum Gl\u00fcck nicht ein, weil sich mit Birol Altunbas ein neuer 1. Kassierer zur Wahl stellte, der aus der Versammlung dazu ein klares Votum erhielt. Somit bleibt der gesch\u00e4ftsf\u00fchrende Vorstand des TuS handlungsf\u00e4hig!<\/p>\n<p>Das ist jedoch eindeutig als Notvorstand anzusehen und keine L\u00f6sung auf Dauer, zumal Peter Breyer zeitweilig nicht zur Verf\u00fcgung steht. Ein zu w\u00e4hlender 1. Vorsitzender kann jedoch auf eine v\u00f6llig intakte, funktionierende F\u00fchrungsmannschaft bauen. Der 1. Kassierer ist sicher schnell eingearbeitet. Die 4 Abteilungen des TuS (alle Abteilungsf\u00fchrungen wurden durch die JHV best\u00e4tigt) arbeiten weitgehend selbstst\u00e4ndig und effektiv. Der TuS ist sicher gut beraten wenn er zur L\u00f6sung dieser Personalfrage auch externe Hilfe (Ortsvorsteher, Verb\u00e4nde etc.) in Anspruch nimmt.<\/p>\n<p>Weitere Berichte zur JHV folgen.<\/p>\n","protected":false},"excerpt":{"rendered":"<p>Auf der JHV 2018 am Freitagabend verabschiedeten sich gleich zwei der insgesamt drei gesch\u00e4ftsf\u00fchrenden Vorstandsmitglieder des TuS. Lediglich der 2.<\/p>\n","protected":false},"author":2,"featured_media":10586,"comment_status":"closed","ping_status":"open","sticky":false,"template":"","format":"standard","meta":{"colormag_page_container_layout":"default_layout","colormag_page_sidebar_layout":"default_layout","_jetpack_memberships_contains_paid_content":false,"footnotes":"","jetpack_publicize_message":"Quo vadis TuS Eichholz-Remmighausen - Die Situation im TuS nach der JHV 2018","jetpack_publicize_feature_enabled":true,"jetpack_social_post_already_shared":true,"jetpack_social_options":{"image_generator_settings":{"template":"highway","default_image_id":0,"font":"","enabled":false},"version":2}},"categories":[157],"tags":[],"class_list":["post-10588","post","type-post","status-publish","format-standard","has-post-thumbnail","hentry","category-archiv"],"jetpack_publicize_connections":[],"jetpack_featured_media_url":"https:\/\/i0.wp.com\/www.tuseichholzremmighausen.de\/wordpress\/wp-content\/uploads\/2018\/02\/JHV_2018_01.jpg?fit=800%2C444&ssl=1","jetpack_sharing_enabled":true,"_links":{"self":[{"href":"https:\/\/www.tuseichholzremmighausen.de\/wordpress\/wp-json\/wp\/v2\/posts\/10588","targetHints":{"allow":["GET"]}}],"collection":[{"href":"https:\/\/www.tuseichholzremmighausen.de\/wordpress\/wp-json\/wp\/v2\/posts"}],"about":[{"href":"https:\/\/www.tuseichholzremmighausen.de\/wordpress\/wp-json\/wp\/v2\/types\/post"}],"author":[{"embeddable":true,"href":"https:\/\/www.tuseichholzremmighausen.de\/wordpress\/wp-json\/wp\/v2\/users\/2"}],"replies":[{"embeddable":true,"href":"https:\/\/www.tuseichholzremmighausen.de\/wordpress\/wp-json\/wp\/v2\/comments?post=10588"}],"version-history":[{"count":0,"href":"https:\/\/www.tuseichholzremmighausen.de\/wordpress\/wp-json\/wp\/v2\/posts\/10588\/revisions"}],"wp:featuredmedia":[{"embeddable":true,"href":"https:\/\/www.tuseichholzremmighausen.de\/wordpress\/wp-json\/wp\/v2\/media\/10586"}],"wp:attachment":[{"href":"https:\/\/www.tuseichholzremmighausen.de\/wordpress\/wp-json\/wp\/v2\/media?parent=10588"}],"wp:term":[{"taxonomy":"category","embeddable":true,"href":"https:\/\/www.tuseichholzremmighausen.de\/wordpress\/wp-json\/wp\/v2\/categories?post=10588"},{"taxonomy":"post_tag","embeddable":true,"href":"https:\/\/www.tuseichholzremmighausen.de\/wordpress\/wp-json\/wp\/v2\/tags?post=10588"}],"curies":[{"name":"wp","href":"https:\/\/api.w.org\/{rel}","templated":true}]}}