{"id":10625,"date":"2018-02-18T11:38:20","date_gmt":"2018-02-18T10:38:20","guid":{"rendered":"http:\/\/www.tuseichholzremmighausen.de\/wordpress\/?p=10625"},"modified":"2020-09-11T20:40:40","modified_gmt":"2020-09-11T18:40:40","slug":"anna-maria-beim-fufu-cup-ausgezeichnet","status":"publish","type":"post","link":"https:\/\/www.tuseichholzremmighausen.de\/wordpress\/archives\/10625","title":{"rendered":"Anna-Maria beim JuFu-Cup ausgezeichnet"},"content":{"rendered":"<figure id=\"attachment_10627\" aria-describedby=\"caption-attachment-10627\" style=\"width: 600px\" class=\"wp-caption alignleft\"><img data-recalc-dims=\"1\" loading=\"lazy\" decoding=\"async\" data-attachment-id=\"10627\" data-permalink=\"https:\/\/www.tuseichholzremmighausen.de\/wordpress\/archives\/10625\/fb_c-juniorinnen_180217_02\" data-orig-file=\"https:\/\/i0.wp.com\/www.tuseichholzremmighausen.de\/wordpress\/wp-content\/uploads\/2018\/02\/fb_c-juniorinnen_180217_02.jpg?fit=600%2C900&amp;ssl=1\" data-orig-size=\"600,900\" data-comments-opened=\"0\" data-image-meta=\"{&quot;aperture&quot;:&quot;2.2&quot;,&quot;credit&quot;:&quot;Rolf Gehrke&quot;,&quot;camera&quot;:&quot;Canon EOS 70D&quot;,&quot;caption&quot;:&quot;&quot;,&quot;created_timestamp&quot;:&quot;1518880241&quot;,&quot;copyright&quot;:&quot;Rolf Gehrke 2017&quot;,&quot;focal_length&quot;:&quot;85&quot;,&quot;iso&quot;:&quot;1000&quot;,&quot;shutter_speed&quot;:&quot;0.005&quot;,&quot;title&quot;:&quot;&quot;,&quot;orientation&quot;:&quot;1&quot;}\" data-image-title=\"fb_c-juniorinnen_180217_02\" data-image-description=\"\" data-image-caption=\"&lt;p&gt;Anna-Maria als Keeper des JuFu-Cups ausgezeichnet&lt;\/p&gt;\n\" data-large-file=\"https:\/\/i0.wp.com\/www.tuseichholzremmighausen.de\/wordpress\/wp-content\/uploads\/2018\/02\/fb_c-juniorinnen_180217_02.jpg?fit=600%2C900&amp;ssl=1\" width=\"600\" height=\"900\" class=\"size-full wp-image-10627\" alt=\"Anna-Maria als Keeper des JuFu-Cups ausgezeichnet\" src=\"https:\/\/i0.wp.com\/www.tuseichholzremmighausen.de\/wordpress\/wp-content\/uploads\/2018\/02\/fb_c-juniorinnen_180217_02.jpg?resize=600%2C900&#038;ssl=1\" srcset=\"https:\/\/i0.wp.com\/www.tuseichholzremmighausen.de\/wordpress\/wp-content\/uploads\/2018\/02\/fb_c-juniorinnen_180217_02.jpg?w=600&amp;ssl=1 600w, https:\/\/i0.wp.com\/www.tuseichholzremmighausen.de\/wordpress\/wp-content\/uploads\/2018\/02\/fb_c-juniorinnen_180217_02.jpg?resize=200%2C300&amp;ssl=1 200w\" sizes=\"auto, (max-width: 600px) 100vw, 600px\" \/><figcaption id=\"caption-attachment-10627\" class=\"wp-caption-text\">Anna-Maria als Keeper des JuFu-Cups ausgezeichnet<\/figcaption><\/figure>\n<p>Beim diesj\u00e4hrigen JuFu-Cup in der DBB-Halle erreichten die C-Juniorinnen des TuS den vierten Rang. In der Vorrundengruppe gab es eine Niederlage gegen die Kreisauswahl Lemgo, und Siege gegen Benhausen und Oesterholz-Kohlst\u00e4dt.&nbsp; Somit zog das Team unter den Augen der vielen Gr\u00fcn-Wei\u00dfen Anh\u00e4nger ins Spiel um Platz 3 ein. In einer packenden Partie auf Augenh\u00f6he hatte DSC Arminia Bielefeld neben dem klangvolleren Namen auch das Qu\u00e4ntchen Gl\u00fcck auf seiner Seite. Das 0:1 bedeutete Platz 4 im Klassement. Gratulationen der Eichholzer gehen nat\u00fcrlich auch an die Turniersieger aus Herzebrock-Clarholz, sowie dem Zweiten Kreisauswahl Lemgo. Besondere Gratulationen gehen heute allerdings an Anna-Maria Reher \ud83d\ude42<\/p>\n<p>Sie wurde vom Turnierausrichter und der JuFu-Redaktion zur Torh\u00fcterin des Turniers gew\u00e4hlt wurde. Bilder vom Turnier gibt&#8217;s hier: <a href=\"https:\/\/www.facebook.com\/pg\/tuseichholzremmighausen\/photos\/?tab=album&amp;album_id=1705131192842573\" target=\"_blank\" rel=\"noopener noreferrer\">Klick \ud83d\ude09<\/a> &nbsp;&nbsp;<\/p>\n<p>Hier ein Link zur Berichterstattung von JuFu Lippe:&nbsp;<a href=\"https:\/\/www.facebook.com\/jugendfussball.lippe\/posts\/1457428224382638\" target=\"_blank\" rel=\"noopener noreferrer\">JuFu Bericht \ud83d\ude42<\/a><\/p>\n","protected":false},"excerpt":{"rendered":"<p>Torh\u00fcterin des Ju-Fu-Cups Anna-Maria Reher sichert dem TuS Platz 4 in der DBB-Halle<\/p>\n","protected":false},"author":16,"featured_media":10626,"comment_status":"closed","ping_status":"open","sticky":false,"template":"","format":"standard","meta":{"colormag_page_container_layout":"default_layout","colormag_page_sidebar_layout":"default_layout","_jetpack_memberships_contains_paid_content":false,"footnotes":"","jetpack_publicize_message":"","jetpack_publicize_feature_enabled":true,"jetpack_social_post_already_shared":true,"jetpack_social_options":{"image_generator_settings":{"template":"highway","default_image_id":0,"font":"","enabled":false},"version":2}},"categories":[157,158],"tags":[],"class_list":["post-10625","post","type-post","status-publish","format-standard","has-post-thumbnail","hentry","category-archiv","category-fb-jugend-aktuell"],"jetpack_publicize_connections":[],"jetpack_featured_media_url":"https:\/\/i0.wp.com\/www.tuseichholzremmighausen.de\/wordpress\/wp-content\/uploads\/2018\/02\/fb_c-juniorinnen_180217_01.jpg?fit=1200%2C800&ssl=1","jetpack_sharing_enabled":true,"_links":{"self":[{"href":"https:\/\/www.tuseichholzremmighausen.de\/wordpress\/wp-json\/wp\/v2\/posts\/10625","targetHints":{"allow":["GET"]}}],"collection":[{"href":"https:\/\/www.tuseichholzremmighausen.de\/wordpress\/wp-json\/wp\/v2\/posts"}],"about":[{"href":"https:\/\/www.tuseichholzremmighausen.de\/wordpress\/wp-json\/wp\/v2\/types\/post"}],"author":[{"embeddable":true,"href":"https:\/\/www.tuseichholzremmighausen.de\/wordpress\/wp-json\/wp\/v2\/users\/16"}],"replies":[{"embeddable":true,"href":"https:\/\/www.tuseichholzremmighausen.de\/wordpress\/wp-json\/wp\/v2\/comments?post=10625"}],"version-history":[{"count":0,"href":"https:\/\/www.tuseichholzremmighausen.de\/wordpress\/wp-json\/wp\/v2\/posts\/10625\/revisions"}],"wp:featuredmedia":[{"embeddable":true,"href":"https:\/\/www.tuseichholzremmighausen.de\/wordpress\/wp-json\/wp\/v2\/media\/10626"}],"wp:attachment":[{"href":"https:\/\/www.tuseichholzremmighausen.de\/wordpress\/wp-json\/wp\/v2\/media?parent=10625"}],"wp:term":[{"taxonomy":"category","embeddable":true,"href":"https:\/\/www.tuseichholzremmighausen.de\/wordpress\/wp-json\/wp\/v2\/categories?post=10625"},{"taxonomy":"post_tag","embeddable":true,"href":"https:\/\/www.tuseichholzremmighausen.de\/wordpress\/wp-json\/wp\/v2\/tags?post=10625"}],"curies":[{"name":"wp","href":"https:\/\/api.w.org\/{rel}","templated":true}]}}