{"id":10629,"date":"2018-02-18T22:13:24","date_gmt":"2018-02-18T21:13:24","guid":{"rendered":"http:\/\/www.tuseichholzremmighausen.de\/wordpress\/?p=10629"},"modified":"2020-09-11T20:40:40","modified_gmt":"2020-09-11T18:40:40","slug":"der-tus-in-den-medien-eine-bestandsaufnahme","status":"publish","type":"post","link":"https:\/\/www.tuseichholzremmighausen.de\/wordpress\/archives\/10629","title":{"rendered":"Der TuS in den Medien, eine Bestandsaufnahme"},"content":{"rendered":"<p>Die Darstellung des TuS, ob in den Printmedien oder im Internet obliegt in den meisten F\u00e4llen den handelnden Personen. Hat eine Abteilung oder der Vorstand des TuS den Wunsch etwas zu publizieren, dann macht sie dies nach bestem Wissen mit dem gew\u00e4hlten Medienpartner, sei es also die LZ, LippeAktuell, LN, LippeKick, FuPa oder wer auch immer. Selten nur wird dieses durch den TuS als Gesamtverein begleitet.<\/p>\n<p>Dar\u00fcber hinaus steht allen, die Beitr\u00e4ge zu sportlichen oder gesellschaftlichen Ereignissen im TuS beisteuern wollen auch die Website des TuS zur Publikation zur Verf\u00fcgung. Diese hat sich schon lange etabliert und publiziert erfolgreich Beitr\u00e4ge der genannten Art seit \u00fcber mehr als 10 Jahre von zur Zeit etwa 8 Autoren. Siehe folgende Grafik der letzten zwei Jahre:<br \/>\n<a href=\"https:\/\/www.tuseichholzremmighausen.de\/wordpress\/zugriffe_website\"><img data-recalc-dims=\"1\" loading=\"lazy\" decoding=\"async\" data-attachment-id=\"10631\" data-permalink=\"https:\/\/www.tuseichholzremmighausen.de\/wordpress\/archives\/10629\/zugriffe_website\" data-orig-file=\"https:\/\/i0.wp.com\/www.tuseichholzremmighausen.de\/wordpress\/wp-content\/uploads\/2018\/02\/zugriffe_website.jpg?fit=779%2C507&amp;ssl=1\" data-orig-size=\"779,507\" data-comments-opened=\"0\" data-image-meta=\"{&quot;aperture&quot;:&quot;0&quot;,&quot;credit&quot;:&quot;Jochen Franz&quot;,&quot;camera&quot;:&quot;&quot;,&quot;caption&quot;:&quot;&quot;,&quot;created_timestamp&quot;:&quot;1518817589&quot;,&quot;copyright&quot;:&quot;&quot;,&quot;focal_length&quot;:&quot;0&quot;,&quot;iso&quot;:&quot;0&quot;,&quot;shutter_speed&quot;:&quot;0&quot;,&quot;title&quot;:&quot;&quot;,&quot;orientation&quot;:&quot;0&quot;}\" data-image-title=\"zugriffe_website\" data-image-description=\"\" data-image-caption=\"\" data-large-file=\"https:\/\/i0.wp.com\/www.tuseichholzremmighausen.de\/wordpress\/wp-content\/uploads\/2018\/02\/zugriffe_website.jpg?fit=779%2C507&amp;ssl=1\" width=\"779\" height=\"507\" class=\"alignleft size-full wp-image-10631\" alt=\"\" src=\"https:\/\/i0.wp.com\/www.tuseichholzremmighausen.de\/wordpress\/wp-content\/uploads\/2018\/02\/zugriffe_website.jpg?resize=779%2C507&#038;ssl=1\" srcset=\"https:\/\/i0.wp.com\/www.tuseichholzremmighausen.de\/wordpress\/wp-content\/uploads\/2018\/02\/zugriffe_website.jpg?w=779&amp;ssl=1 779w, https:\/\/i0.wp.com\/www.tuseichholzremmighausen.de\/wordpress\/wp-content\/uploads\/2018\/02\/zugriffe_website.jpg?resize=600%2C391&amp;ssl=1 600w, https:\/\/i0.wp.com\/www.tuseichholzremmighausen.de\/wordpress\/wp-content\/uploads\/2018\/02\/zugriffe_website.jpg?resize=300%2C195&amp;ssl=1 300w, https:\/\/i0.wp.com\/www.tuseichholzremmighausen.de\/wordpress\/wp-content\/uploads\/2018\/02\/zugriffe_website.jpg?resize=768%2C500&amp;ssl=1 768w\" sizes=\"auto, (max-width: 779px) 100vw, 779px\" \/><\/a> &nbsp;&nbsp;<\/p>\n<p>Seit einigen Jahren hinzu gekommen ist die Pr\u00e4sentation einer TuS Vereinsseite auf Facebook, die von einigen Moderatoren begleitet wird. Anf\u00e4ngliche Bedenken, dass es dort zu nicht tolerierbaren Kommentaren kommt haben sich nicht best\u00e4tigt. Leider spielen die &#8222;AltenHerren&#8220; da nicht mit und haben eine eigene Seite auf FB, interessanter Weise mit dem Hermann Kligge Zitat &#8222;Fu\u00dfball f\u00e4ngt mit Gemeinschaft an&#8220;<\/p>\n<p>Die TuS Facebook Seite hat bisher 436 Abbonenten und 441 &#8222;Gef\u00e4llt mir&#8220; Angaben. 40% davon entfallen auf Frauenstimmen und 60% auf M\u00e4nnerstimmen.<\/p>\n<p>An die im folgenden benannten Autoren d\u00fcrft ihr euch gerne wenden, wenn auch ihr aus eurer Gruppe\/Mannschaft etc. etwas aus dem Vereinsleben auf der Website oder auf Facebook berichten wollt. Eine kurze Mitteilung an die Mailadresse info@tuseichholzremmighausen.de reicht.&nbsp;<\/p>\n<p>Annette Schwartmann &#8211; TuL, Tanzen<br \/>\nDaniel Friedrich &#8211; 1. und 2. Fu\u00dfball M\u00e4nner<br \/>\nDirk Rose &#8211; AH Fu\u00dfball<br \/>\nJochen Franz &#8211; Administration, TuS, Fu\u00dfball<br \/>\nLothar Windmeier &#8211; Schach<br \/>\nMelanie Bertmann &#8211; Fu\u00dfball Junior(inn)en<br \/>\nMichael Grote &#8211; Fu\u00dfball Junioren<br \/>\nRainer Helms &#8211; AH Fu\u00dfball<br \/>\nRamon Berner &#8211; Handball<br \/>\nRolf Gehrke &#8211; TuS, Fu\u00dfball<\/p>\n","protected":false},"excerpt":{"rendered":"<p>Die Darstellung des TuS, ob in den Printmedien oder im Internet obliegt in den meisten F\u00e4llen den handelnden Personen. Hat<\/p>\n","protected":false},"author":2,"featured_media":10630,"comment_status":"closed","ping_status":"open","sticky":false,"template":"","format":"standard","meta":{"colormag_page_container_layout":"default_layout","colormag_page_sidebar_layout":"default_layout","_jetpack_memberships_contains_paid_content":false,"footnotes":"","jetpack_publicize_message":"Der TuS in den Medien, eine Bestandsaufnahme","jetpack_publicize_feature_enabled":true,"jetpack_social_post_already_shared":true,"jetpack_social_options":{"image_generator_settings":{"template":"highway","default_image_id":0,"font":"","enabled":false},"version":2}},"categories":[157],"tags":[],"class_list":["post-10629","post","type-post","status-publish","format-standard","has-post-thumbnail","hentry","category-archiv"],"jetpack_publicize_connections":[],"jetpack_featured_media_url":"https:\/\/i0.wp.com\/www.tuseichholzremmighausen.de\/wordpress\/wp-content\/uploads\/2018\/02\/programming_01.jpg?fit=800%2C444&ssl=1","jetpack_sharing_enabled":true,"_links":{"self":[{"href":"https:\/\/www.tuseichholzremmighausen.de\/wordpress\/wp-json\/wp\/v2\/posts\/10629","targetHints":{"allow":["GET"]}}],"collection":[{"href":"https:\/\/www.tuseichholzremmighausen.de\/wordpress\/wp-json\/wp\/v2\/posts"}],"about":[{"href":"https:\/\/www.tuseichholzremmighausen.de\/wordpress\/wp-json\/wp\/v2\/types\/post"}],"author":[{"embeddable":true,"href":"https:\/\/www.tuseichholzremmighausen.de\/wordpress\/wp-json\/wp\/v2\/users\/2"}],"replies":[{"embeddable":true,"href":"https:\/\/www.tuseichholzremmighausen.de\/wordpress\/wp-json\/wp\/v2\/comments?post=10629"}],"version-history":[{"count":0,"href":"https:\/\/www.tuseichholzremmighausen.de\/wordpress\/wp-json\/wp\/v2\/posts\/10629\/revisions"}],"wp:featuredmedia":[{"embeddable":true,"href":"https:\/\/www.tuseichholzremmighausen.de\/wordpress\/wp-json\/wp\/v2\/media\/10630"}],"wp:attachment":[{"href":"https:\/\/www.tuseichholzremmighausen.de\/wordpress\/wp-json\/wp\/v2\/media?parent=10629"}],"wp:term":[{"taxonomy":"category","embeddable":true,"href":"https:\/\/www.tuseichholzremmighausen.de\/wordpress\/wp-json\/wp\/v2\/categories?post=10629"},{"taxonomy":"post_tag","embeddable":true,"href":"https:\/\/www.tuseichholzremmighausen.de\/wordpress\/wp-json\/wp\/v2\/tags?post=10629"}],"curies":[{"name":"wp","href":"https:\/\/api.w.org\/{rel}","templated":true}]}}