{"id":10639,"date":"2018-02-19T20:52:22","date_gmt":"2018-02-19T19:52:22","guid":{"rendered":"http:\/\/www.tuseichholzremmighausen.de\/wordpress\/?p=10639"},"modified":"2020-09-11T20:40:40","modified_gmt":"2020-09-11T18:40:40","slug":"erfolgreiches-wochenende-fuer-die-erste","status":"publish","type":"post","link":"https:\/\/www.tuseichholzremmighausen.de\/wordpress\/archives\/10639","title":{"rendered":"Erfolgreiches Wochenende f\u00fcr die Erste"},"content":{"rendered":"<p><span style=\"font-family: Georgia, serif\">Da aufgrund der winterlichen Wetterbedingungen die letzten angesetzten Testspiele ausfallen mussten, waren alle Beteiligten froh, dass an diesem Wochenende endlich wieder gespielt werden konnte. Am Freitag Abend war der FC Donop-Vo\u00dfheide zu Gast. Die Partie war keine 20 Minuten alt und es stand 0:2 f\u00fcr die G\u00e4ste. Beide Gegentore resultierten aus eigenen Fehlern im Spielaufbau und waren somit durchaus vermeidbar. In der Folge zeigten die Jungs um Timo Tcheon und Mirko R\u00f6hl dann aber was in ihnen steckt. Die Torfabrik in gr\u00fcn und wei\u00df spielte sich in einen Rausch und erzielte Tore im Minutentakt, sodass es nach 45 Minuten bereits 5:2 stand. Aufgrund vieler Wechsel und dem immer schwerer zu bespielenden Platz (der Frost zog langsam wieder in den Rasen) fielen im zweiten Abschnitt keine weiteren Tore.<\/span><\/p>\n<p><span style=\"font-family: Georgia, serif\">Torsch\u00fctzen :<\/span><\/p>\n<p><span style=\"font-family: Georgia, serif\">Lars Philip Wiens <\/span><\/p>\n<p><span style=\"font-family: Georgia, serif\">Timo Tcheon (2x)<\/span><\/p>\n<p><span style=\"font-family: Georgia, serif\">Mirko R\u00f6hl (2x)<\/span><\/p>\n<p><span style=\"font-family: Georgia, serif\">Am Sonntag stand dann das zweite Testspiel des Wochenendes auf dem Programm. Zu Gast war der FC Oberes Extertal und somit wieder ein Vertreter aus der Lemgoer B-Liga. Nach ausgeglichenen Anfangsminuten \u00fcbernahm unsere Erste mehr und mehr die Kontrolle \u00fcber das Spiel und erzielte nach einer sch\u00f6nen Flanke das 1:0. Der Gast wiederum antwortete direkt mit einem sch\u00f6nen Spielzug und glich zum 1:1 aus. Bis zur Halbzeitpause entwickelte sich dann ein Spiel auf Augenh\u00f6he und trotzdem gingen unsere Farben durch zwei weitere Treffer mit 3:1 in Front. Mit Beginn der zweiten H\u00e4lfte spielten sich dann die meisten Szenen in der H\u00e4lfte der G\u00e4ste aus dem Extertal ab. Fr\u00fches Pressing und die daraus resultierenden Ballgewinne sorgten f\u00fcr sch\u00f6ne Spielz\u00fcge und einige weitere Tore. Somit gewinnt die Erste am Ende verdient mit 7:1. Hierbei muss erw\u00e4hnt werden, dass der FC O durchaus gut mitspielte und sicherlich kein schlechter Gegner war.<\/span><\/p>\n<p><span style=\"font-family: Georgia, serif\">Torsch\u00fctzen :<\/span><\/p>\n<p><span style=\"font-family: Georgia, serif\">Mirko R\u00f6hl<\/span><\/p>\n<p><span style=\"font-family: Georgia, serif\">Karamo Camara<\/span><\/p>\n<p><span style=\"font-family: Georgia, serif\">Jan Lukas (2x)<\/span><\/p>\n<p><span style=\"font-family: Georgia, serif\">Jannik Rother (3x)<\/span><\/p>\n<p><span style=\"font-family: Georgia, serif\">Fazit: In beiden Spielen des Wochenendes bringt die gesamte Mannschaft sch\u00f6nen Fu\u00dfball auf den Kunstrasen und auch Positionswechsel bringen kaum Unsicherheit ins Spiel. Das macht Lust auf mehr, weiter so Jungs!<\/span><\/p>\n","protected":false},"excerpt":{"rendered":"<p>Da aufgrund der winterlichen Wetterbedingungen die letzten angesetzten Testspiele ausfallen mussten, waren alle Beteiligten froh, dass an diesem Wochenende endlich<\/p>\n","protected":false},"author":48,"featured_media":10084,"comment_status":"closed","ping_status":"open","sticky":false,"template":"","format":"standard","meta":{"colormag_page_container_layout":"default_layout","colormag_page_sidebar_layout":"default_layout","_jetpack_memberships_contains_paid_content":false,"footnotes":"","jetpack_publicize_message":"Erfolgreiches Wochenende f\u00fcr die Erste","jetpack_publicize_feature_enabled":true,"jetpack_social_post_already_shared":true,"jetpack_social_options":{"image_generator_settings":{"template":"highway","default_image_id":0,"font":"","enabled":false},"version":2}},"categories":[157],"tags":[],"class_list":["post-10639","post","type-post","status-publish","format-standard","has-post-thumbnail","hentry","category-archiv"],"jetpack_publicize_connections":[],"jetpack_featured_media_url":"https:\/\/i0.wp.com\/www.tuseichholzremmighausen.de\/wordpress\/wp-content\/uploads\/2017\/09\/tus_beitragsbild_18.jpg?fit=800%2C444&ssl=1","jetpack_sharing_enabled":true,"_links":{"self":[{"href":"https:\/\/www.tuseichholzremmighausen.de\/wordpress\/wp-json\/wp\/v2\/posts\/10639","targetHints":{"allow":["GET"]}}],"collection":[{"href":"https:\/\/www.tuseichholzremmighausen.de\/wordpress\/wp-json\/wp\/v2\/posts"}],"about":[{"href":"https:\/\/www.tuseichholzremmighausen.de\/wordpress\/wp-json\/wp\/v2\/types\/post"}],"author":[{"embeddable":true,"href":"https:\/\/www.tuseichholzremmighausen.de\/wordpress\/wp-json\/wp\/v2\/users\/48"}],"replies":[{"embeddable":true,"href":"https:\/\/www.tuseichholzremmighausen.de\/wordpress\/wp-json\/wp\/v2\/comments?post=10639"}],"version-history":[{"count":0,"href":"https:\/\/www.tuseichholzremmighausen.de\/wordpress\/wp-json\/wp\/v2\/posts\/10639\/revisions"}],"wp:featuredmedia":[{"embeddable":true,"href":"https:\/\/www.tuseichholzremmighausen.de\/wordpress\/wp-json\/wp\/v2\/media\/10084"}],"wp:attachment":[{"href":"https:\/\/www.tuseichholzremmighausen.de\/wordpress\/wp-json\/wp\/v2\/media?parent=10639"}],"wp:term":[{"taxonomy":"category","embeddable":true,"href":"https:\/\/www.tuseichholzremmighausen.de\/wordpress\/wp-json\/wp\/v2\/categories?post=10639"},{"taxonomy":"post_tag","embeddable":true,"href":"https:\/\/www.tuseichholzremmighausen.de\/wordpress\/wp-json\/wp\/v2\/tags?post=10639"}],"curies":[{"name":"wp","href":"https:\/\/api.w.org\/{rel}","templated":true}]}}