{"id":10655,"date":"2018-03-04T14:05:54","date_gmt":"2018-03-04T13:05:54","guid":{"rendered":"http:\/\/www.tuseichholzremmighausen.de\/wordpress\/?p=10655"},"modified":"2020-09-11T20:40:40","modified_gmt":"2020-09-11T18:40:40","slug":"heulerwuerfe-und-stolze-sieger","status":"publish","type":"post","link":"https:\/\/www.tuseichholzremmighausen.de\/wordpress\/archives\/10655","title":{"rendered":"Heulerw\u00fcrfe und stolze Sieger"},"content":{"rendered":"<p><strong>Heulerw\u00fcrfe und stolze Sieger bei den Kinder-Hallenbestenk\u00e4mpfen<\/strong><\/p>\n<p>\u201eMama, stell dir vor, ich konnte wie drau\u00dfen in richtigen Sand springen\u201c, kam ein kleines M\u00e4dchen freudig zu ihrer Mutter auf der Trib\u00fcne gelaufen, und ein Junge daneben rief dazu: \u201eUnd mein Wurfger\u00e4t heulte sogar in der Luft!\u201c &#8211; zwei Beispiele, die die Atmosph\u00e4re bei den \u201eKinder-Hallenbestenk\u00e4mpfen&#8220; in der dbb-Halle in Detmold deutlich machten.<\/p>\n<p>Man hatte viel Spa\u00df beim Mehrkampf \u00fcber 35m und 35m Hindernis \u00fcber Papph\u00fcrden, beim Weit- und Hochsprung \u00fcber eine variable Latte, Sto\u00dfen mit einem Medizinball, beim Werfen eines \u201eHeulers\u201c und beim abschlie\u00dfenden 6- bzw. 8 Rundenlauf. Nach jeder Disziplin konnte die F\u00fchrung wechseln, und wer zum Schluss die Nase vorn hatte, war zun\u00e4chst nicht abzusehen, was der ganzen Veranstaltung eine zus\u00e4tzliche Spannung verschaffte. Die Eltern fieberten mit ihren Kindern mit und entspannten sich \u00f6fters bei Kaffee und Br\u00f6tchen an der Cafeteria.<\/p>\n<p><a href=\"https:\/\/www.tuseichholzremmighausen.de\/wordpress\/2018_tul_01\"><img data-recalc-dims=\"1\" loading=\"lazy\" decoding=\"async\" data-attachment-id=\"10653\" data-permalink=\"https:\/\/www.tuseichholzremmighausen.de\/wordpress\/archives\/10655\/2018_tul_01\" data-orig-file=\"https:\/\/i0.wp.com\/www.tuseichholzremmighausen.de\/wordpress\/wp-content\/uploads\/2018\/03\/2018_TuL_01.jpg?fit=621%2C383&amp;ssl=1\" data-orig-size=\"621,383\" data-comments-opened=\"0\" data-image-meta=\"{&quot;aperture&quot;:&quot;2.2&quot;,&quot;credit&quot;:&quot;&quot;,&quot;camera&quot;:&quot;iPhone 6&quot;,&quot;caption&quot;:&quot;&quot;,&quot;created_timestamp&quot;:&quot;1518802460&quot;,&quot;copyright&quot;:&quot;&quot;,&quot;focal_length&quot;:&quot;4.15&quot;,&quot;iso&quot;:&quot;80&quot;,&quot;shutter_speed&quot;:&quot;0.03030303&quot;,&quot;title&quot;:&quot;&quot;,&quot;orientation&quot;:&quot;1&quot;}\" data-image-title=\"2018_TuL_01\" data-image-description=\"\" data-image-caption=\"\" data-large-file=\"https:\/\/i0.wp.com\/www.tuseichholzremmighausen.de\/wordpress\/wp-content\/uploads\/2018\/03\/2018_TuL_01.jpg?fit=621%2C383&amp;ssl=1\" class=\"alignleft size-full wp-image-10653\" src=\"https:\/\/i0.wp.com\/www.tuseichholzremmighausen.de\/wordpress\/wp-content\/uploads\/2018\/03\/2018_TuL_01.jpg?resize=621%2C383&#038;ssl=1\" alt=\"\" width=\"621\" height=\"383\" srcset=\"https:\/\/i0.wp.com\/www.tuseichholzremmighausen.de\/wordpress\/wp-content\/uploads\/2018\/03\/2018_TuL_01.jpg?w=621&amp;ssl=1 621w, https:\/\/i0.wp.com\/www.tuseichholzremmighausen.de\/wordpress\/wp-content\/uploads\/2018\/03\/2018_TuL_01.jpg?resize=600%2C370&amp;ssl=1 600w, https:\/\/i0.wp.com\/www.tuseichholzremmighausen.de\/wordpress\/wp-content\/uploads\/2018\/03\/2018_TuL_01.jpg?resize=300%2C185&amp;ssl=1 300w\" sizes=\"auto, (max-width: 621px) 100vw, 621px\" \/><\/a><\/p>\n<p>\u201eF\u00fcr die jugendlichen Leichtathleten werden stets etliche Meisterschaften und Veranstaltungen angeboten, f\u00fcr die j\u00fcngeren Jahrg\u00e4nge dagegen nicht\u201c, wusste ein zufriedener Veranstaltungsleiter Klaus Brand f\u00fcr den Kreis-Leichtathletik-Ausschuss Lippe zu berichten, \u201edaher wollten wir bewusst etwas machen, das nur die Minis und nur den Spa\u00df an Laufen Werfen und Springen und den Erlebnischarakter im Vordergrund sieht. Die J\u00fcngsten sind immerhin unsere Zukunft!\u201c<\/p>\n<p>Wettkampfwart Ulrich Offel hatte die Veranstaltung musterg\u00fcltig vorbereitet, so dass es keinen Leerlauf gab und eine stimmungsvolle Siegerehrung den Abschluss bildete, auf der jedes Kind einzeln mit einer Urkunde belohnt wurde, die vom Ex-B\u00fcrgermeister der Stadt Detmold, Fritz Brakemeier, und Annett Schmidt, der lippischen Jugendwartin, \u00fcberreicht wurde. Ein gemeinsames Foto mit allen Siegern rundete eine attraktive Veranstaltung ab, die im n\u00e4chsten Jahr hoffentlich noch mehr Kinder am Start sehen wird. Die Kampfrichter unter Falco Budde und Helfer, die f\u00fcr die Kinder ihren Freitagabend geopfert hatten, wurden von allen Anwesenden mit einem herzlichen Beifall bedacht.<\/p>\n<p>Hier die Kinder, die in ihren Altersklassen ganz vorn lagen: Lasse Westphal, LG Lippe-S\u00fcd (M11), Luca David, LG Lippe-S\u00fcd (M10), Lina Stuckemeier, LG Lippe-S\u00fcd (W11), Merle Brakemeier, LG Lemgo (W10), Kilian Liebig, LG Lippe-S\u00fcd (M9), Max Kornejenkovs, LG Lage-Detmold-Bad Salzuflen (M8), Miranda Wolf, Polizei-SV Detmold (W9), Sophie Sichelschmidt dos Santos, LG Lage-Detmold-Bad Salzuflen (W8), Collin W\u00e4chter, LG Lippe-S\u00fcd (m\u00e4nnliche Kinder U8), Julia Richter, LG Lage-Detmold-Bad Salzuflen (weibliche Kinder U8).<br \/>\n(die komplette Ergebnisliste unter \u201ewww.flvw-lemgo.de&#8220;)<\/p>\n<p>Klaus Brand, VKLA<\/p>\n","protected":false},"excerpt":{"rendered":"<p>Heulerw\u00fcrfe und stolze Sieger bei den Kinder-Hallenbestenk\u00e4mpfen \u201eMama, stell dir vor, ich konnte wie drau\u00dfen in richtigen Sand springen\u201c, kam<\/p>\n","protected":false},"author":46,"featured_media":10654,"comment_status":"closed","ping_status":"open","sticky":false,"template":"","format":"standard","meta":{"colormag_page_container_layout":"default_layout","colormag_page_sidebar_layout":"default_layout","_jetpack_memberships_contains_paid_content":false,"footnotes":"","jetpack_publicize_message":"Heulerw\u00fcrfe und stolze Sieger bei den Kinder-Hallenbestenk\u00e4mpfen","jetpack_publicize_feature_enabled":true,"jetpack_social_post_already_shared":true,"jetpack_social_options":{"image_generator_settings":{"template":"highway","default_image_id":0,"font":"","enabled":false},"version":2}},"categories":[157],"tags":[],"class_list":["post-10655","post","type-post","status-publish","format-standard","has-post-thumbnail","hentry","category-archiv"],"jetpack_publicize_connections":[],"jetpack_featured_media_url":"https:\/\/i0.wp.com\/www.tuseichholzremmighausen.de\/wordpress\/wp-content\/uploads\/2018\/03\/2018_TuL_titel.jpg?fit=800%2C445&ssl=1","jetpack_sharing_enabled":true,"_links":{"self":[{"href":"https:\/\/www.tuseichholzremmighausen.de\/wordpress\/wp-json\/wp\/v2\/posts\/10655","targetHints":{"allow":["GET"]}}],"collection":[{"href":"https:\/\/www.tuseichholzremmighausen.de\/wordpress\/wp-json\/wp\/v2\/posts"}],"about":[{"href":"https:\/\/www.tuseichholzremmighausen.de\/wordpress\/wp-json\/wp\/v2\/types\/post"}],"author":[{"embeddable":true,"href":"https:\/\/www.tuseichholzremmighausen.de\/wordpress\/wp-json\/wp\/v2\/users\/46"}],"replies":[{"embeddable":true,"href":"https:\/\/www.tuseichholzremmighausen.de\/wordpress\/wp-json\/wp\/v2\/comments?post=10655"}],"version-history":[{"count":0,"href":"https:\/\/www.tuseichholzremmighausen.de\/wordpress\/wp-json\/wp\/v2\/posts\/10655\/revisions"}],"wp:featuredmedia":[{"embeddable":true,"href":"https:\/\/www.tuseichholzremmighausen.de\/wordpress\/wp-json\/wp\/v2\/media\/10654"}],"wp:attachment":[{"href":"https:\/\/www.tuseichholzremmighausen.de\/wordpress\/wp-json\/wp\/v2\/media?parent=10655"}],"wp:term":[{"taxonomy":"category","embeddable":true,"href":"https:\/\/www.tuseichholzremmighausen.de\/wordpress\/wp-json\/wp\/v2\/categories?post=10655"},{"taxonomy":"post_tag","embeddable":true,"href":"https:\/\/www.tuseichholzremmighausen.de\/wordpress\/wp-json\/wp\/v2\/tags?post=10655"}],"curies":[{"name":"wp","href":"https:\/\/api.w.org\/{rel}","templated":true}]}}