{"id":10873,"date":"2018-05-14T17:52:14","date_gmt":"2018-05-14T15:52:14","guid":{"rendered":"http:\/\/www.tuseichholzremmighausen.de\/wordpress\/?p=10873"},"modified":"2020-09-11T20:40:38","modified_gmt":"2020-09-11T18:40:38","slug":"vatertag-in-roedinghausen-c-maedchen-vierter","status":"publish","type":"post","link":"https:\/\/www.tuseichholzremmighausen.de\/wordpress\/archives\/10873","title":{"rendered":"Vatertag in R\u00f6dinghausen, C-M\u00e4dchen Vierter"},"content":{"rendered":"<figure id=\"attachment_10875\" aria-describedby=\"caption-attachment-10875\" style=\"width: 1200px\" class=\"wp-caption alignnone\"><img data-recalc-dims=\"1\" loading=\"lazy\" decoding=\"async\" data-attachment-id=\"10875\" data-permalink=\"https:\/\/www.tuseichholzremmighausen.de\/wordpress\/archives\/10873\/fb_c-juniorinnen_180511_002\" data-orig-file=\"https:\/\/i0.wp.com\/www.tuseichholzremmighausen.de\/wordpress\/wp-content\/uploads\/2018\/05\/fb_c-juniorinnen_180511_002.jpg?fit=1200%2C675&amp;ssl=1\" data-orig-size=\"1200,675\" data-comments-opened=\"0\" data-image-meta=\"{&quot;aperture&quot;:&quot;2&quot;,&quot;credit&quot;:&quot;&quot;,&quot;camera&quot;:&quot;Lumia 925&quot;,&quot;caption&quot;:&quot;&quot;,&quot;created_timestamp&quot;:&quot;1525976991&quot;,&quot;copyright&quot;:&quot;&quot;,&quot;focal_length&quot;:&quot;0&quot;,&quot;iso&quot;:&quot;100&quot;,&quot;shutter_speed&quot;:&quot;0.02&quot;,&quot;title&quot;:&quot;&quot;,&quot;orientation&quot;:&quot;1&quot;}\" data-image-title=\"fb_c-juniorinnen_180511_002\" data-image-description=\"\" data-image-caption=\"&lt;p&gt;Team Gr\u00fcn-Wei\u00df als C-Juniorinnen in R\u00f6dinghausen &lt;\/p&gt;\n\" data-large-file=\"https:\/\/i0.wp.com\/www.tuseichholzremmighausen.de\/wordpress\/wp-content\/uploads\/2018\/05\/fb_c-juniorinnen_180511_002.jpg?fit=800%2C450&amp;ssl=1\" width=\"800\" height=\"450\" class=\"size-full wp-image-10875\" alt=\"Team Gr\u00fcn-Wei\u00df als C-Juniorinnen in R\u00f6dinghausen \" src=\"https:\/\/i0.wp.com\/www.tuseichholzremmighausen.de\/wordpress\/wp-content\/uploads\/2018\/05\/fb_c-juniorinnen_180511_002.jpg?resize=800%2C450&#038;ssl=1\" srcset=\"https:\/\/i0.wp.com\/www.tuseichholzremmighausen.de\/wordpress\/wp-content\/uploads\/2018\/05\/fb_c-juniorinnen_180511_002.jpg?w=1200&amp;ssl=1 1200w, https:\/\/i0.wp.com\/www.tuseichholzremmighausen.de\/wordpress\/wp-content\/uploads\/2018\/05\/fb_c-juniorinnen_180511_002.jpg?resize=600%2C338&amp;ssl=1 600w, https:\/\/i0.wp.com\/www.tuseichholzremmighausen.de\/wordpress\/wp-content\/uploads\/2018\/05\/fb_c-juniorinnen_180511_002.jpg?resize=300%2C169&amp;ssl=1 300w, https:\/\/i0.wp.com\/www.tuseichholzremmighausen.de\/wordpress\/wp-content\/uploads\/2018\/05\/fb_c-juniorinnen_180511_002.jpg?resize=768%2C432&amp;ssl=1 768w, https:\/\/i0.wp.com\/www.tuseichholzremmighausen.de\/wordpress\/wp-content\/uploads\/2018\/05\/fb_c-juniorinnen_180511_002.jpg?resize=1024%2C576&amp;ssl=1 1024w\" sizes=\"auto, (max-width: 800px) 100vw, 800px\" \/><figcaption id=\"caption-attachment-10875\" class=\"wp-caption-text\">Team Gr\u00fcn-Wei\u00df als C-Juniorinnen in R\u00f6dinghausen<\/figcaption><\/figure>\n<p><strong>Am &#8222;Vatertag&#8220; waren nicht nur V\u00e4ter und Bollerwagen unterwegs<\/strong>&#8230; Eine Delegation aus D- und B-Juniorinnen reiste zum hochgradig besetzten Turnier des TuS Bruchm\u00fchlen nach R\u00f6dinghausen. Nat\u00fcrlich entsteht bei einer solchen Kombination ein schlagkr\u00e4ftiges C-Juniorinnenteam in Gr\u00fcn-Wei\u00df. Als Gruppensieger erreichte der TuS das Halbfinale. Leider mussten Turnierveranstalter und auch die Teams hier erkennen, dass die Unparteiischen nicht immer nur Glanzleistungen vollbringen k\u00f6nnen. Selbst die Verantwortlichen der ins Finale eingezogenen Mannschaft TuRa L\u00f6hne haben eine Vielzahl von Entscheidungen auf dem Feld nicht nachvollziehen k\u00f6nnen. Dennoch sind keinerlei b\u00f6se Worte diesbez\u00fcglich gefallen. <strong>Ganz im Gegenteil&#8230; man verstand sich am Platz und genoss gemeinsam dieses &#8222;Feiertagsturnier&#8220;.<\/strong>&nbsp; Dem TuS blieb das kleine Finale gegen die Kreisauswahl Tecklenburg.&nbsp; In einer packenden Partie und einem nervenaufreibenden Neun-Meter-Schie\u00dfen unterlag der TuS im shootout und belegte am Ende den vierten Platz. Gl\u00fcckwunsche der Eichholzer M\u00e4dels gingen an Turniersieger SC Enger, der das Finale gegen TuRa L\u00f6hne gewann.&nbsp; (Bilder: J. Runte) &nbsp; &nbsp; &nbsp;<\/p>\n","protected":false},"excerpt":{"rendered":"<p>Vatertag in R\u00f6dinghausen, C-M\u00e4dchen  Vierter<\/p>\n","protected":false},"author":16,"featured_media":10874,"comment_status":"closed","ping_status":"open","sticky":false,"template":"","format":"standard","meta":{"colormag_page_container_layout":"default_layout","colormag_page_sidebar_layout":"default_layout","_jetpack_memberships_contains_paid_content":false,"footnotes":"","jetpack_publicize_message":"","jetpack_publicize_feature_enabled":true,"jetpack_social_post_already_shared":true,"jetpack_social_options":{"image_generator_settings":{"template":"highway","default_image_id":0,"font":"","enabled":false},"version":2}},"categories":[157,158],"tags":[],"class_list":["post-10873","post","type-post","status-publish","format-standard","has-post-thumbnail","hentry","category-archiv","category-fb-jugend-aktuell"],"jetpack_publicize_connections":[],"jetpack_featured_media_url":"https:\/\/i0.wp.com\/www.tuseichholzremmighausen.de\/wordpress\/wp-content\/uploads\/2018\/05\/fb_c-juniorinnen_180511_001.jpg?fit=1200%2C676&ssl=1","jetpack_sharing_enabled":true,"_links":{"self":[{"href":"https:\/\/www.tuseichholzremmighausen.de\/wordpress\/wp-json\/wp\/v2\/posts\/10873","targetHints":{"allow":["GET"]}}],"collection":[{"href":"https:\/\/www.tuseichholzremmighausen.de\/wordpress\/wp-json\/wp\/v2\/posts"}],"about":[{"href":"https:\/\/www.tuseichholzremmighausen.de\/wordpress\/wp-json\/wp\/v2\/types\/post"}],"author":[{"embeddable":true,"href":"https:\/\/www.tuseichholzremmighausen.de\/wordpress\/wp-json\/wp\/v2\/users\/16"}],"replies":[{"embeddable":true,"href":"https:\/\/www.tuseichholzremmighausen.de\/wordpress\/wp-json\/wp\/v2\/comments?post=10873"}],"version-history":[{"count":0,"href":"https:\/\/www.tuseichholzremmighausen.de\/wordpress\/wp-json\/wp\/v2\/posts\/10873\/revisions"}],"wp:featuredmedia":[{"embeddable":true,"href":"https:\/\/www.tuseichholzremmighausen.de\/wordpress\/wp-json\/wp\/v2\/media\/10874"}],"wp:attachment":[{"href":"https:\/\/www.tuseichholzremmighausen.de\/wordpress\/wp-json\/wp\/v2\/media?parent=10873"}],"wp:term":[{"taxonomy":"category","embeddable":true,"href":"https:\/\/www.tuseichholzremmighausen.de\/wordpress\/wp-json\/wp\/v2\/categories?post=10873"},{"taxonomy":"post_tag","embeddable":true,"href":"https:\/\/www.tuseichholzremmighausen.de\/wordpress\/wp-json\/wp\/v2\/tags?post=10873"}],"curies":[{"name":"wp","href":"https:\/\/api.w.org\/{rel}","templated":true}]}}