{"id":10888,"date":"2018-05-22T21:53:20","date_gmt":"2018-05-22T19:53:20","guid":{"rendered":"https:\/\/www.tuseichholzremmighausen.de\/wordpress\/?p=10888"},"modified":"2023-06-07T09:22:43","modified_gmt":"2023-06-07T07:22:43","slug":"turniersieg-beim-sportfest","status":"publish","type":"post","link":"https:\/\/www.tuseichholzremmighausen.de\/wordpress\/archives\/10888","title":{"rendered":"Turniersieg beim Sportfest"},"content":{"rendered":"<figure id=\"attachment_10892\" aria-describedby=\"caption-attachment-10892\" style=\"width: 1200px\" class=\"wp-caption alignnone\"><img data-recalc-dims=\"1\" loading=\"lazy\" decoding=\"async\" data-attachment-id=\"10892\" data-permalink=\"https:\/\/www.tuseichholzremmighausen.de\/wordpress\/archives\/10888\/fb_minis_180519_004\" data-orig-file=\"https:\/\/i0.wp.com\/www.tuseichholzremmighausen.de\/wordpress\/wp-content\/uploads\/2018\/05\/fb_minis_180519_004.jpg?fit=1200%2C675&amp;ssl=1\" data-orig-size=\"1200,675\" data-comments-opened=\"0\" data-image-meta=\"{&quot;aperture&quot;:&quot;4.5&quot;,&quot;credit&quot;:&quot;Rolf Gehrke&quot;,&quot;camera&quot;:&quot;Canon EOS 70D&quot;,&quot;caption&quot;:&quot;&quot;,&quot;created_timestamp&quot;:&quot;1526729579&quot;,&quot;copyright&quot;:&quot;Rolf Gehrke 2017&quot;,&quot;focal_length&quot;:&quot;168&quot;,&quot;iso&quot;:&quot;320&quot;,&quot;shutter_speed&quot;:&quot;0.000625&quot;,&quot;title&quot;:&quot;&quot;,&quot;orientation&quot;:&quot;1&quot;}\" data-image-title=\"fb_minis_180519_004\" data-image-description=\"\" data-image-caption=\"&lt;p&gt;Zweikampff\u00fchrung &amp;#8211;  &amp;#8222;wie die Gro\u00dfen&amp;#8220;&lt;\/p&gt;\n\" data-large-file=\"https:\/\/i0.wp.com\/www.tuseichholzremmighausen.de\/wordpress\/wp-content\/uploads\/2018\/05\/fb_minis_180519_004.jpg?fit=800%2C450&amp;ssl=1\" class=\"size-full wp-image-10892\" src=\"https:\/\/i0.wp.com\/www.tuseichholzremmighausen.de\/wordpress\/wp-content\/uploads\/2018\/05\/fb_minis_180519_004.jpg?resize=800%2C450&#038;ssl=1\" alt=\"Zweikampff\u00fchrung - &quot;wie die Gro\u00dfen&quot;\" width=\"800\" height=\"450\" srcset=\"https:\/\/i0.wp.com\/www.tuseichholzremmighausen.de\/wordpress\/wp-content\/uploads\/2018\/05\/fb_minis_180519_004.jpg?w=1200&amp;ssl=1 1200w, https:\/\/i0.wp.com\/www.tuseichholzremmighausen.de\/wordpress\/wp-content\/uploads\/2018\/05\/fb_minis_180519_004.jpg?resize=600%2C338&amp;ssl=1 600w, https:\/\/i0.wp.com\/www.tuseichholzremmighausen.de\/wordpress\/wp-content\/uploads\/2018\/05\/fb_minis_180519_004.jpg?resize=300%2C169&amp;ssl=1 300w, https:\/\/i0.wp.com\/www.tuseichholzremmighausen.de\/wordpress\/wp-content\/uploads\/2018\/05\/fb_minis_180519_004.jpg?resize=768%2C432&amp;ssl=1 768w, https:\/\/i0.wp.com\/www.tuseichholzremmighausen.de\/wordpress\/wp-content\/uploads\/2018\/05\/fb_minis_180519_004.jpg?resize=1024%2C576&amp;ssl=1 1024w\" sizes=\"auto, (max-width: 800px) 100vw, 800px\" \/><figcaption id=\"caption-attachment-10892\" class=\"wp-caption-text\">Zweikampff\u00fchrung &#8211; &#8222;wie die Gro\u00dfen&#8220;<\/figcaption><\/figure>\n<p><span class=\"s4\">Wow, was war das f\u00fcr ein Finale! Kaum mit Worten zu beschreiben! Nach Kampf und Spannung konnten sich unsere Minis im Finale durchsetzen und gingen als Turniersieger vom Platz. Aber bis dahin war es ein langer Weg.<\/span><span class=\"s4\"> Als Gastgeber hat der TuS Eichholz <\/span><span class=\"s4\">Remmighausen<\/span><span class=\"s4\"> die angereisten Mannschaften in zwei Gruppen antreten lassen und nach der Vorrunde ging es \u00fcber das Halbfinale ins Finale. <\/span><span class=\"s4\">Zum Auftakt bekamen es unsere Minis mit dem FSV <\/span><span class=\"s4\">Pivitsheide<\/span><span class=\"s4\"> zu tun und in diesem Spiel gab es nicht die so gewohnten Anlaufschwierigkeiten. Unsere Minis rannten, k\u00e4mpften und kombinierten sich durch die gegnerischen Abwehrreihen. Am Ende brannten unsere Jungs ein Feuerwerk an Toren ab und gewannen mit 7:0! Die Tore erziel<\/span><span class=\"s4\">t<\/span><span class=\"s4\">en Max (1:0), gefolgt von einem lupenreinen Hattrick durch unseren Evan (2:0, 3:0, 4:0), Max (5:0), Dennis (6:0) und den Schlusspunkt durch Mico (7:0).\u00a0<\/span><span class=\"s4\">Im anschlie\u00dfenden Spiel trafen unsere Jungs auf die Mannschaft von TuS Lockhausen.<\/span><span class=\"s4\"> Auch hier<\/span><span class=\"s4\"> k\u00e4mpften unsere Jungs bis zum L<\/span><span class=\"s4\">etzten<\/span><span class=\"s4\">, konnten<\/span><span class=\"s4\"> sich aber gegen die gro\u00dfgewachsenen Abwehrspieler nicht durchsetzen. Am Ende mussten wir uns mit 0:2 geschlagen geben. <\/span><span class=\"s4\">Im letzten Vorrundenspiel traf<\/span><span class=\"s4\">en wir auf den BSV M\u00fcssen<\/span><span class=\"s4\">, der <\/span><span class=\"s4\">c<\/span><span class=\"s4\">hancenlos war gegen unsere Jungs.<\/span><\/p>\n<figure id=\"attachment_10893\" aria-describedby=\"caption-attachment-10893\" style=\"width: 1200px\" class=\"wp-caption alignnone\"><img data-recalc-dims=\"1\" loading=\"lazy\" decoding=\"async\" data-attachment-id=\"10893\" data-permalink=\"https:\/\/www.tuseichholzremmighausen.de\/wordpress\/archives\/10888\/fb_minis_180519_005\" data-orig-file=\"https:\/\/i0.wp.com\/www.tuseichholzremmighausen.de\/wordpress\/wp-content\/uploads\/2018\/05\/fb_minis_180519_005.jpg?fit=1200%2C800&amp;ssl=1\" data-orig-size=\"1200,800\" data-comments-opened=\"0\" data-image-meta=\"{&quot;aperture&quot;:&quot;4&quot;,&quot;credit&quot;:&quot;Rolf Gehrke&quot;,&quot;camera&quot;:&quot;Canon EOS 70D&quot;,&quot;caption&quot;:&quot;&quot;,&quot;created_timestamp&quot;:&quot;1526729670&quot;,&quot;copyright&quot;:&quot;Rolf Gehrke 2017&quot;,&quot;focal_length&quot;:&quot;78&quot;,&quot;iso&quot;:&quot;320&quot;,&quot;shutter_speed&quot;:&quot;0.0005&quot;,&quot;title&quot;:&quot;&quot;,&quot;orientation&quot;:&quot;1&quot;}\" data-image-title=\"fb_minis_180519_005\" data-image-description=\"\" data-image-caption=\"&lt;p&gt;Schu\u00dftechnik &amp;#8211; &amp;#8222;vom Allerfeinsten&amp;#8220;&lt;\/p&gt;\n\" data-large-file=\"https:\/\/i0.wp.com\/www.tuseichholzremmighausen.de\/wordpress\/wp-content\/uploads\/2018\/05\/fb_minis_180519_005.jpg?fit=800%2C534&amp;ssl=1\" class=\"size-full wp-image-10893\" src=\"https:\/\/i0.wp.com\/www.tuseichholzremmighausen.de\/wordpress\/wp-content\/uploads\/2018\/05\/fb_minis_180519_005.jpg?resize=800%2C533&#038;ssl=1\" alt=\"Schu\u00dftechnik - &quot;vom Allerfeinsten&quot;\" width=\"800\" height=\"533\" srcset=\"https:\/\/i0.wp.com\/www.tuseichholzremmighausen.de\/wordpress\/wp-content\/uploads\/2018\/05\/fb_minis_180519_005.jpg?w=1200&amp;ssl=1 1200w, https:\/\/i0.wp.com\/www.tuseichholzremmighausen.de\/wordpress\/wp-content\/uploads\/2018\/05\/fb_minis_180519_005.jpg?resize=600%2C400&amp;ssl=1 600w, https:\/\/i0.wp.com\/www.tuseichholzremmighausen.de\/wordpress\/wp-content\/uploads\/2018\/05\/fb_minis_180519_005.jpg?resize=300%2C200&amp;ssl=1 300w, https:\/\/i0.wp.com\/www.tuseichholzremmighausen.de\/wordpress\/wp-content\/uploads\/2018\/05\/fb_minis_180519_005.jpg?resize=768%2C512&amp;ssl=1 768w, https:\/\/i0.wp.com\/www.tuseichholzremmighausen.de\/wordpress\/wp-content\/uploads\/2018\/05\/fb_minis_180519_005.jpg?resize=1024%2C683&amp;ssl=1 1024w\" sizes=\"auto, (max-width: 800px) 100vw, 800px\" \/><figcaption id=\"caption-attachment-10893\" class=\"wp-caption-text\">Schusstechnik &#8211; &#8222;vom Allerfeinsten&#8220;<\/figcaption><\/figure>\n<p><span class=\"s4\">Tore durch Ben (1:0), Mico (2:0) und noch mal Ben (3:0) sorgten f\u00fcr den Sieg und den Einzug ins Halbfinale.\u00a0 <\/span><span class=\"s4\">Im Halbfinale trafen wir auf Fortuna Schlangen<\/span><span class=\"s4\">, den <\/span><span class=\"s4\">Gruppensieger der anderen Gruppe.<\/span><\/p>\n<figure id=\"attachment_10894\" aria-describedby=\"caption-attachment-10894\" style=\"width: 1200px\" class=\"wp-caption alignnone\"><img data-recalc-dims=\"1\" loading=\"lazy\" decoding=\"async\" data-attachment-id=\"10894\" data-permalink=\"https:\/\/www.tuseichholzremmighausen.de\/wordpress\/archives\/10888\/fb_minis_180519_002\" data-orig-file=\"https:\/\/i0.wp.com\/www.tuseichholzremmighausen.de\/wordpress\/wp-content\/uploads\/2018\/05\/fb_minis_180519_002.jpg?fit=1200%2C675&amp;ssl=1\" data-orig-size=\"1200,675\" data-comments-opened=\"0\" data-image-meta=\"{&quot;aperture&quot;:&quot;8&quot;,&quot;credit&quot;:&quot;Rolf Gehrke&quot;,&quot;camera&quot;:&quot;Canon EOS 70D&quot;,&quot;caption&quot;:&quot;&quot;,&quot;created_timestamp&quot;:&quot;1526727895&quot;,&quot;copyright&quot;:&quot;Rolf Gehrke 2017&quot;,&quot;focal_length&quot;:&quot;81&quot;,&quot;iso&quot;:&quot;320&quot;,&quot;shutter_speed&quot;:&quot;0.00125&quot;,&quot;title&quot;:&quot;&quot;,&quot;orientation&quot;:&quot;1&quot;}\" data-image-title=\"fb_minis_180519_002\" data-image-description=\"\" data-image-caption=\"&lt;p&gt;Aufstellung zur Begr\u00fc\u00dfung &lt;\/p&gt;\n\" data-large-file=\"https:\/\/i0.wp.com\/www.tuseichholzremmighausen.de\/wordpress\/wp-content\/uploads\/2018\/05\/fb_minis_180519_002.jpg?fit=800%2C450&amp;ssl=1\" class=\"size-full wp-image-10894\" src=\"https:\/\/i0.wp.com\/www.tuseichholzremmighausen.de\/wordpress\/wp-content\/uploads\/2018\/05\/fb_minis_180519_002.jpg?resize=800%2C450&#038;ssl=1\" alt=\"Aufstellung zur Begr\u00fc\u00dfung \" width=\"800\" height=\"450\" srcset=\"https:\/\/i0.wp.com\/www.tuseichholzremmighausen.de\/wordpress\/wp-content\/uploads\/2018\/05\/fb_minis_180519_002.jpg?w=1200&amp;ssl=1 1200w, https:\/\/i0.wp.com\/www.tuseichholzremmighausen.de\/wordpress\/wp-content\/uploads\/2018\/05\/fb_minis_180519_002.jpg?resize=600%2C338&amp;ssl=1 600w, https:\/\/i0.wp.com\/www.tuseichholzremmighausen.de\/wordpress\/wp-content\/uploads\/2018\/05\/fb_minis_180519_002.jpg?resize=300%2C169&amp;ssl=1 300w, https:\/\/i0.wp.com\/www.tuseichholzremmighausen.de\/wordpress\/wp-content\/uploads\/2018\/05\/fb_minis_180519_002.jpg?resize=768%2C432&amp;ssl=1 768w, https:\/\/i0.wp.com\/www.tuseichholzremmighausen.de\/wordpress\/wp-content\/uploads\/2018\/05\/fb_minis_180519_002.jpg?resize=1024%2C576&amp;ssl=1 1024w\" sizes=\"auto, (max-width: 800px) 100vw, 800px\" \/><figcaption id=\"caption-attachment-10894\" class=\"wp-caption-text\">Aufstellung zur Begr\u00fc\u00dfung<\/figcaption><\/figure>\n<p><span class=\"s4\">Die Zuschauer bekamen ein gutes und spannendes Halbfinale zu sehen indem sich unsere Minis am Ende durchsetzen konnten. Nach kurzem Abtasten gingen wir durch Ben (1:0) in F\u00fchrung. Die Antwort der Fortuna lie\u00df nicht lange auf sich warten und so kam Schlangen zum Ausgleich (1:1). Dann war es Dennis (2:1) der die F\u00fchrung wieder herstellen konnte und wieder Dennis (3:1) der die F\u00fchrung ausbauen konnte. Schlangen gab nicht auf und kam noch zum 3:2 Anschlusstreffer<\/span><span class=\"s4\">, f\u00fcr<\/span><span class=\"s4\"> mehr reichte es aber nicht mehr. <\/span><span class=\"s4\">Nachdem sich der TuS Lockhausen im zweiten Halbfinale gegen den VfL <\/span><span class=\"s4\">Hiddesen<\/span><span class=\"s4\"> nach einem Siebenmeterschie\u00dfen geschlagen geben musste<\/span><span class=\"s4\">, standen<\/span><span class=\"s4\"> wir gegen den VfL im Finale. Unsere Minis waren die spielbestimmende Mannschaft und schn\u00fcrten den VfL in der Verteidigung ein. Riesenjubel gab es als Max (1:0) die F\u00fchrung f\u00fcr unsere Minis erzielen konnte. <\/span><span class=\"s4\">Hiddesen<\/span><span class=\"s4\"> gab nicht auf und konnte vereinzelt immer wieder schnell nach Vorne spielen und so kam der VfL zum Ausgleich (1:1). <\/span><span class=\"s4\">Dann<\/span><span class=\"s4\"> gab es den <\/span><span class=\"s4\">Aufreger<\/span><span class=\"s4\"> des Tages: Die erneute F\u00fchrung durch Evan, nach einer \u00a0Ecke, wurde in beidseitigem Einvernehmen der Betreuer annulliert. Vorausgegangen war eine Verletzung auf Seiten des VfL. Sehr Fair und gro\u00dfz\u00fcgig von unserem Trainerteam! <\/span><span class=\"s4\">Unsere Jungs rannten weiter an und konnten durch Dennis (2:1) die erneute F\u00fchrung erzielen. Der VfL hatte noch zwei gute Gelegenheiten, die aber durch unseren Keeper Matti pariert werden konnten. <\/span><span class=\"s4\">Somit stand der TuS Eichholz <\/span><span class=\"s4\">Remmighausen<\/span><span class=\"s4\"> als Turniersieger fest! (Bilder: R. Gehrke; Bericht: M. Bertmann)<\/span><\/p>\n","protected":false},"excerpt":{"rendered":"<p>Minis triumphieren beim eigenen Turnier nach Herzschlagfinale.<\/p>\n","protected":false},"author":49,"featured_media":10891,"comment_status":"closed","ping_status":"open","sticky":false,"template":"","format":"standard","meta":{"colormag_page_container_layout":"default_layout","colormag_page_sidebar_layout":"default_layout","_jetpack_memberships_contains_paid_content":false,"footnotes":"","jetpack_publicize_message":"Turniersieg beim Sportfest","jetpack_publicize_feature_enabled":true,"jetpack_social_post_already_shared":true,"jetpack_social_options":{"image_generator_settings":{"template":"highway","default_image_id":0,"font":"","enabled":false},"version":2}},"categories":[157,158,201],"tags":[],"class_list":["post-10888","post","type-post","status-publish","format-standard","has-post-thumbnail","hentry","category-archiv","category-fb-jugend-aktuell","category-minikicker"],"jetpack_publicize_connections":[],"jetpack_featured_media_url":"https:\/\/i0.wp.com\/www.tuseichholzremmighausen.de\/wordpress\/wp-content\/uploads\/2018\/05\/fb_minis_180519_001.jpg?fit=1200%2C675&ssl=1","jetpack_sharing_enabled":true,"_links":{"self":[{"href":"https:\/\/www.tuseichholzremmighausen.de\/wordpress\/wp-json\/wp\/v2\/posts\/10888","targetHints":{"allow":["GET"]}}],"collection":[{"href":"https:\/\/www.tuseichholzremmighausen.de\/wordpress\/wp-json\/wp\/v2\/posts"}],"about":[{"href":"https:\/\/www.tuseichholzremmighausen.de\/wordpress\/wp-json\/wp\/v2\/types\/post"}],"author":[{"embeddable":true,"href":"https:\/\/www.tuseichholzremmighausen.de\/wordpress\/wp-json\/wp\/v2\/users\/49"}],"replies":[{"embeddable":true,"href":"https:\/\/www.tuseichholzremmighausen.de\/wordpress\/wp-json\/wp\/v2\/comments?post=10888"}],"version-history":[{"count":0,"href":"https:\/\/www.tuseichholzremmighausen.de\/wordpress\/wp-json\/wp\/v2\/posts\/10888\/revisions"}],"wp:featuredmedia":[{"embeddable":true,"href":"https:\/\/www.tuseichholzremmighausen.de\/wordpress\/wp-json\/wp\/v2\/media\/10891"}],"wp:attachment":[{"href":"https:\/\/www.tuseichholzremmighausen.de\/wordpress\/wp-json\/wp\/v2\/media?parent=10888"}],"wp:term":[{"taxonomy":"category","embeddable":true,"href":"https:\/\/www.tuseichholzremmighausen.de\/wordpress\/wp-json\/wp\/v2\/categories?post=10888"},{"taxonomy":"post_tag","embeddable":true,"href":"https:\/\/www.tuseichholzremmighausen.de\/wordpress\/wp-json\/wp\/v2\/tags?post=10888"}],"curies":[{"name":"wp","href":"https:\/\/api.w.org\/{rel}","templated":true}]}}