{"id":10939,"date":"2018-05-29T23:03:18","date_gmt":"2018-05-29T21:03:18","guid":{"rendered":"https:\/\/www.tuseichholzremmighausen.de\/wordpress\/?p=10939"},"modified":"2020-09-11T20:40:38","modified_gmt":"2020-09-11T18:40:38","slug":"tus-alles-im-gruenen-bereich","status":"publish","type":"post","link":"https:\/\/www.tuseichholzremmighausen.de\/wordpress\/archives\/10939","title":{"rendered":"TuS &#8211; alles im &#8222;gr\u00fcnen&#8220; Bereich?"},"content":{"rendered":"<p>Was man oben als Beitragsbild sieht, ist das Organigramm des TuS. So in etwa sind die Zust\u00e4ndigkeiten im Verein verteilt. Vielleicht f\u00e4llt Euch auf, dass einige Bereiche im Bild gelb\/orange gezeichnet sind? Genau um die Position geht es: <strong>Der TuS ben\u00f6tigt dringend einen neuen 1. Vorsitzenden<\/strong>.&nbsp;<\/p>\n<p>Das dies bis jetzt im t\u00e4glichen Betrieb nicht weiter auff\u00e4llt ist einigen Mitstreitern im Vorstand zu verdanken. Diese werden einem zuk\u00fcnftigen 1. Vorsitzenden auch von einigem Ballast der anstehenden Aufgaben befreien k\u00f6nnen, so dass die \u00dcbernahme einer solchen Position durchaus eine reizvolle Aufgabe mit viel Gestaltungsspielraum darstellen kann und soll!&nbsp;<\/p>\n<p>Wenn Interesse besteht, bitte mit dem 2. Vorsitzenden Peter Breyer Kontakt auf nehmen. Alles bleibt hinter verschlossenen T\u00fcren, denn wir arbeiten bereits nach den Vorgaben der neuen DSGVO \ud83d\ude09<\/p>\n<p>&nbsp;<\/p>\n","protected":false},"excerpt":{"rendered":"<p>Was man oben als Beitragsbild sieht, ist das Organigramm des TuS. So in etwa sind die Zust\u00e4ndigkeiten im Verein verteilt.<\/p>\n","protected":false},"author":2,"featured_media":0,"comment_status":"closed","ping_status":"open","sticky":false,"template":"","format":"standard","meta":{"colormag_page_container_layout":"default_layout","colormag_page_sidebar_layout":"default_layout","_jetpack_memberships_contains_paid_content":false,"footnotes":"","jetpack_publicize_message":"","jetpack_publicize_feature_enabled":true,"jetpack_social_post_already_shared":false,"jetpack_social_options":{"image_generator_settings":{"template":"highway","default_image_id":0,"font":"","enabled":false},"version":2}},"categories":[157],"tags":[],"class_list":["post-10939","post","type-post","status-publish","format-standard","hentry","category-archiv"],"jetpack_publicize_connections":[],"jetpack_featured_media_url":"","jetpack_sharing_enabled":true,"_links":{"self":[{"href":"https:\/\/www.tuseichholzremmighausen.de\/wordpress\/wp-json\/wp\/v2\/posts\/10939","targetHints":{"allow":["GET"]}}],"collection":[{"href":"https:\/\/www.tuseichholzremmighausen.de\/wordpress\/wp-json\/wp\/v2\/posts"}],"about":[{"href":"https:\/\/www.tuseichholzremmighausen.de\/wordpress\/wp-json\/wp\/v2\/types\/post"}],"author":[{"embeddable":true,"href":"https:\/\/www.tuseichholzremmighausen.de\/wordpress\/wp-json\/wp\/v2\/users\/2"}],"replies":[{"embeddable":true,"href":"https:\/\/www.tuseichholzremmighausen.de\/wordpress\/wp-json\/wp\/v2\/comments?post=10939"}],"version-history":[{"count":0,"href":"https:\/\/www.tuseichholzremmighausen.de\/wordpress\/wp-json\/wp\/v2\/posts\/10939\/revisions"}],"wp:attachment":[{"href":"https:\/\/www.tuseichholzremmighausen.de\/wordpress\/wp-json\/wp\/v2\/media?parent=10939"}],"wp:term":[{"taxonomy":"category","embeddable":true,"href":"https:\/\/www.tuseichholzremmighausen.de\/wordpress\/wp-json\/wp\/v2\/categories?post=10939"},{"taxonomy":"post_tag","embeddable":true,"href":"https:\/\/www.tuseichholzremmighausen.de\/wordpress\/wp-json\/wp\/v2\/tags?post=10939"}],"curies":[{"name":"wp","href":"https:\/\/api.w.org\/{rel}","templated":true}]}}