{"id":10961,"date":"2018-06-03T12:27:45","date_gmt":"2018-06-03T10:27:45","guid":{"rendered":"https:\/\/www.tuseichholzremmighausen.de\/wordpress\/?p=10961"},"modified":"2020-09-11T20:40:38","modified_gmt":"2020-09-11T18:40:38","slug":"b-juniorinnen-feiern-3-tabelenplatz","status":"publish","type":"post","link":"https:\/\/www.tuseichholzremmighausen.de\/wordpress\/archives\/10961","title":{"rendered":"B-Juniorinnen feiern 3. Tabelenplatz"},"content":{"rendered":"<figure id=\"attachment_10966\" aria-describedby=\"caption-attachment-10966\" style=\"width: 1200px\" class=\"wp-caption alignnone\"><img data-recalc-dims=\"1\" loading=\"lazy\" decoding=\"async\" data-attachment-id=\"10966\" data-permalink=\"https:\/\/www.tuseichholzremmighausen.de\/wordpress\/archives\/10961\/fb_b-juniorinnen_180602_004\" data-orig-file=\"https:\/\/i0.wp.com\/www.tuseichholzremmighausen.de\/wordpress\/wp-content\/uploads\/2018\/06\/fb_b-juniorinnen_180602_004.jpg?fit=1200%2C675&amp;ssl=1\" data-orig-size=\"1200,675\" data-comments-opened=\"0\" data-image-meta=\"{&quot;aperture&quot;:&quot;4.5&quot;,&quot;credit&quot;:&quot;Rolf Gehrke&quot;,&quot;camera&quot;:&quot;Canon EOS 70D&quot;,&quot;caption&quot;:&quot;&quot;,&quot;created_timestamp&quot;:&quot;1527941587&quot;,&quot;copyright&quot;:&quot;Rolf Gehrke 2017&quot;,&quot;focal_length&quot;:&quot;126&quot;,&quot;iso&quot;:&quot;500&quot;,&quot;shutter_speed&quot;:&quot;0.0005&quot;,&quot;title&quot;:&quot;&quot;,&quot;orientation&quot;:&quot;1&quot;}\" data-image-title=\"fb_b-juniorinnen_180602_004\" data-image-description=\"\" data-image-caption=\"&lt;p&gt;Vers\u00f6hnlicher Abschluss f\u00fcr die Juniorinnenteams! Marleen, gratuliert Anna Maria&lt;\/p&gt;\n\" data-large-file=\"https:\/\/i0.wp.com\/www.tuseichholzremmighausen.de\/wordpress\/wp-content\/uploads\/2018\/06\/fb_b-juniorinnen_180602_004.jpg?fit=800%2C450&amp;ssl=1\" width=\"800\" height=\"450\" class=\"size-full wp-image-10966\" alt=\"Vers\u00f6hnlicher Abschluss f\u00fcr die Juniorinnenteams! Marleen, gratuliert Anna Maria\" src=\"https:\/\/i0.wp.com\/www.tuseichholzremmighausen.de\/wordpress\/wp-content\/uploads\/2018\/06\/fb_b-juniorinnen_180602_004.jpg?resize=800%2C450&#038;ssl=1\" srcset=\"https:\/\/i0.wp.com\/www.tuseichholzremmighausen.de\/wordpress\/wp-content\/uploads\/2018\/06\/fb_b-juniorinnen_180602_004.jpg?w=1200&amp;ssl=1 1200w, https:\/\/i0.wp.com\/www.tuseichholzremmighausen.de\/wordpress\/wp-content\/uploads\/2018\/06\/fb_b-juniorinnen_180602_004.jpg?resize=600%2C338&amp;ssl=1 600w, https:\/\/i0.wp.com\/www.tuseichholzremmighausen.de\/wordpress\/wp-content\/uploads\/2018\/06\/fb_b-juniorinnen_180602_004.jpg?resize=300%2C169&amp;ssl=1 300w, https:\/\/i0.wp.com\/www.tuseichholzremmighausen.de\/wordpress\/wp-content\/uploads\/2018\/06\/fb_b-juniorinnen_180602_004.jpg?resize=768%2C432&amp;ssl=1 768w, https:\/\/i0.wp.com\/www.tuseichholzremmighausen.de\/wordpress\/wp-content\/uploads\/2018\/06\/fb_b-juniorinnen_180602_004.jpg?resize=1024%2C576&amp;ssl=1 1024w\" sizes=\"auto, (max-width: 800px) 100vw, 800px\" \/><figcaption id=\"caption-attachment-10966\" class=\"wp-caption-text\">Vers\u00f6hnlicher Abschluss f\u00fcr die Juniorinnenteams! Marleen, gratuliert Anna Maria zum Treffer<\/figcaption><\/figure>\n<p>Nach der Meisterschaft der D-Juniorinnen, ging am diesem Wochenende auch die Saison der B-Juniorinnen zu ende. Mit einem klaren 5:2 Erfolg feiern die Eichholzer M\u00e4dels den dritten Platz. Im letzten Spiel hatten die Gr\u00fcn-Wei\u00dfen den BSV F\u00fcrstenberg zu Gast. In Abwesenheit einiger Stammspielerinnen, setzte der TuS verst\u00e4rkt auf die D-Juniorinnen.<\/p>\n<figure id=\"attachment_10964\" aria-describedby=\"caption-attachment-10964\" style=\"width: 1200px\" class=\"wp-caption alignnone\"><img data-recalc-dims=\"1\" loading=\"lazy\" decoding=\"async\" data-attachment-id=\"10964\" data-permalink=\"https:\/\/www.tuseichholzremmighausen.de\/wordpress\/archives\/10961\/fb_b-juniorinnen_180602_003\" data-orig-file=\"https:\/\/i0.wp.com\/www.tuseichholzremmighausen.de\/wordpress\/wp-content\/uploads\/2018\/06\/fb_b-juniorinnen_180602_003.jpg?fit=1200%2C675&amp;ssl=1\" data-orig-size=\"1200,675\" data-comments-opened=\"0\" data-image-meta=\"{&quot;aperture&quot;:&quot;4.5&quot;,&quot;credit&quot;:&quot;Rolf Gehrke&quot;,&quot;camera&quot;:&quot;Canon EOS 70D&quot;,&quot;caption&quot;:&quot;&quot;,&quot;created_timestamp&quot;:&quot;1527941584&quot;,&quot;copyright&quot;:&quot;Rolf Gehrke 2017&quot;,&quot;focal_length&quot;:&quot;94&quot;,&quot;iso&quot;:&quot;500&quot;,&quot;shutter_speed&quot;:&quot;0.0005&quot;,&quot;title&quot;:&quot;&quot;,&quot;orientation&quot;:&quot;1&quot;}\" data-image-title=\"fb_b-juniorinnen_180602_003\" data-image-description=\"\" data-image-caption=\"&lt;p&gt;Aus der Ferne &amp;#8211; Anna Maria zeiht ab und trifft!&lt;\/p&gt;\n\" data-large-file=\"https:\/\/i0.wp.com\/www.tuseichholzremmighausen.de\/wordpress\/wp-content\/uploads\/2018\/06\/fb_b-juniorinnen_180602_003.jpg?fit=800%2C450&amp;ssl=1\" width=\"800\" height=\"450\" class=\"size-full wp-image-10964\" alt=\"Aus der Ferne - Anna Maria zeiht ab und trifft!\" src=\"https:\/\/i0.wp.com\/www.tuseichholzremmighausen.de\/wordpress\/wp-content\/uploads\/2018\/06\/fb_b-juniorinnen_180602_003.jpg?resize=800%2C450&#038;ssl=1\" srcset=\"https:\/\/i0.wp.com\/www.tuseichholzremmighausen.de\/wordpress\/wp-content\/uploads\/2018\/06\/fb_b-juniorinnen_180602_003.jpg?w=1200&amp;ssl=1 1200w, https:\/\/i0.wp.com\/www.tuseichholzremmighausen.de\/wordpress\/wp-content\/uploads\/2018\/06\/fb_b-juniorinnen_180602_003.jpg?resize=600%2C338&amp;ssl=1 600w, https:\/\/i0.wp.com\/www.tuseichholzremmighausen.de\/wordpress\/wp-content\/uploads\/2018\/06\/fb_b-juniorinnen_180602_003.jpg?resize=300%2C169&amp;ssl=1 300w, https:\/\/i0.wp.com\/www.tuseichholzremmighausen.de\/wordpress\/wp-content\/uploads\/2018\/06\/fb_b-juniorinnen_180602_003.jpg?resize=768%2C432&amp;ssl=1 768w, https:\/\/i0.wp.com\/www.tuseichholzremmighausen.de\/wordpress\/wp-content\/uploads\/2018\/06\/fb_b-juniorinnen_180602_003.jpg?resize=1024%2C576&amp;ssl=1 1024w\" sizes=\"auto, (max-width: 800px) 100vw, 800px\" \/><figcaption id=\"caption-attachment-10964\" class=\"wp-caption-text\">Aus der Ferne &#8211; Anna Maria zeiht ab und trifft!<\/figcaption><\/figure>\n<p>Anna Maria, die sich zudem mit einem herrlichen Distanzschuss in die Torsch\u00fctzinnenliste eintragen konnte, und Mirai zeigten ihre fu\u00dfballerischen Finessen.<\/p>\n<figure id=\"attachment_10965\" aria-describedby=\"caption-attachment-10965\" style=\"width: 1200px\" class=\"wp-caption alignnone\"><img data-recalc-dims=\"1\" loading=\"lazy\" decoding=\"async\" data-attachment-id=\"10965\" data-permalink=\"https:\/\/www.tuseichholzremmighausen.de\/wordpress\/archives\/10961\/fb_b-juniorinnen_180602_002\" data-orig-file=\"https:\/\/i0.wp.com\/www.tuseichholzremmighausen.de\/wordpress\/wp-content\/uploads\/2018\/06\/fb_b-juniorinnen_180602_002.jpg?fit=1200%2C675&amp;ssl=1\" data-orig-size=\"1200,675\" data-comments-opened=\"0\" data-image-meta=\"{&quot;aperture&quot;:&quot;4.5&quot;,&quot;credit&quot;:&quot;Rolf Gehrke&quot;,&quot;camera&quot;:&quot;Canon EOS 70D&quot;,&quot;caption&quot;:&quot;&quot;,&quot;created_timestamp&quot;:&quot;1527942479&quot;,&quot;copyright&quot;:&quot;Rolf Gehrke 2017&quot;,&quot;focal_length&quot;:&quot;113&quot;,&quot;iso&quot;:&quot;320&quot;,&quot;shutter_speed&quot;:&quot;0.0005&quot;,&quot;title&quot;:&quot;&quot;,&quot;orientation&quot;:&quot;1&quot;}\" data-image-title=\"fb_b-juniorinnen_180602_002\" data-image-description=\"\" data-image-caption=\"&lt;p&gt;Mirai \u00fcber rechts holt zum Schuss aus&lt;\/p&gt;\n\" data-large-file=\"https:\/\/i0.wp.com\/www.tuseichholzremmighausen.de\/wordpress\/wp-content\/uploads\/2018\/06\/fb_b-juniorinnen_180602_002.jpg?fit=800%2C450&amp;ssl=1\" width=\"800\" height=\"450\" class=\"size-full wp-image-10965\" alt=\"Mirai \u00fcber rechts holt zum Schuss aus\" src=\"https:\/\/i0.wp.com\/www.tuseichholzremmighausen.de\/wordpress\/wp-content\/uploads\/2018\/06\/fb_b-juniorinnen_180602_002.jpg?resize=800%2C450&#038;ssl=1\" srcset=\"https:\/\/i0.wp.com\/www.tuseichholzremmighausen.de\/wordpress\/wp-content\/uploads\/2018\/06\/fb_b-juniorinnen_180602_002.jpg?w=1200&amp;ssl=1 1200w, https:\/\/i0.wp.com\/www.tuseichholzremmighausen.de\/wordpress\/wp-content\/uploads\/2018\/06\/fb_b-juniorinnen_180602_002.jpg?resize=600%2C338&amp;ssl=1 600w, https:\/\/i0.wp.com\/www.tuseichholzremmighausen.de\/wordpress\/wp-content\/uploads\/2018\/06\/fb_b-juniorinnen_180602_002.jpg?resize=300%2C169&amp;ssl=1 300w, https:\/\/i0.wp.com\/www.tuseichholzremmighausen.de\/wordpress\/wp-content\/uploads\/2018\/06\/fb_b-juniorinnen_180602_002.jpg?resize=768%2C432&amp;ssl=1 768w, https:\/\/i0.wp.com\/www.tuseichholzremmighausen.de\/wordpress\/wp-content\/uploads\/2018\/06\/fb_b-juniorinnen_180602_002.jpg?resize=1024%2C576&amp;ssl=1 1024w\" sizes=\"auto, (max-width: 800px) 100vw, 800px\" \/><figcaption id=\"caption-attachment-10965\" class=\"wp-caption-text\">Mirai \u00fcber rechts holt zum Schuss aus<\/figcaption><\/figure>\n<p>Wie jedes Jahr m\u00fcssen Abschiede aus Altersgr\u00fcnden weggesteckt werden.&nbsp;<\/p>\n<figure id=\"attachment_10962\" aria-describedby=\"caption-attachment-10962\" style=\"width: 1200px\" class=\"wp-caption alignnone\"><img data-recalc-dims=\"1\" loading=\"lazy\" decoding=\"async\" data-attachment-id=\"10962\" data-permalink=\"https:\/\/www.tuseichholzremmighausen.de\/wordpress\/archives\/10961\/fb_b-juniorinnen_180602_001\" data-orig-file=\"https:\/\/i0.wp.com\/www.tuseichholzremmighausen.de\/wordpress\/wp-content\/uploads\/2018\/06\/fb_b-juniorinnen_180602_001.jpg?fit=1200%2C800&amp;ssl=1\" data-orig-size=\"1200,800\" data-comments-opened=\"0\" data-image-meta=\"{&quot;aperture&quot;:&quot;8&quot;,&quot;credit&quot;:&quot;Rolf Gehrke&quot;,&quot;camera&quot;:&quot;Canon EOS 70D&quot;,&quot;caption&quot;:&quot;&quot;,&quot;created_timestamp&quot;:&quot;1527942849&quot;,&quot;copyright&quot;:&quot;Rolf Gehrke 2017&quot;,&quot;focal_length&quot;:&quot;70&quot;,&quot;iso&quot;:&quot;320&quot;,&quot;shutter_speed&quot;:&quot;0.0015625&quot;,&quot;title&quot;:&quot;&quot;,&quot;orientation&quot;:&quot;1&quot;}\" data-image-title=\"fb_b-juniorinnen_180602_001\" data-image-description=\"\" data-image-caption=\"&lt;p&gt;Abschied f\u00e4llt immer schwer- Julia, Jannina und Steffi&lt;\/p&gt;\n\" data-large-file=\"https:\/\/i0.wp.com\/www.tuseichholzremmighausen.de\/wordpress\/wp-content\/uploads\/2018\/06\/fb_b-juniorinnen_180602_001.jpg?fit=800%2C534&amp;ssl=1\" width=\"800\" height=\"533\" class=\"size-full wp-image-10962\" alt=\"Abschied f\u00e4llt immer schwer- Julia, Jannina und Steffi\" src=\"https:\/\/i0.wp.com\/www.tuseichholzremmighausen.de\/wordpress\/wp-content\/uploads\/2018\/06\/fb_b-juniorinnen_180602_001.jpg?resize=800%2C533&#038;ssl=1\" srcset=\"https:\/\/i0.wp.com\/www.tuseichholzremmighausen.de\/wordpress\/wp-content\/uploads\/2018\/06\/fb_b-juniorinnen_180602_001.jpg?w=1200&amp;ssl=1 1200w, https:\/\/i0.wp.com\/www.tuseichholzremmighausen.de\/wordpress\/wp-content\/uploads\/2018\/06\/fb_b-juniorinnen_180602_001.jpg?resize=600%2C400&amp;ssl=1 600w, https:\/\/i0.wp.com\/www.tuseichholzremmighausen.de\/wordpress\/wp-content\/uploads\/2018\/06\/fb_b-juniorinnen_180602_001.jpg?resize=300%2C200&amp;ssl=1 300w, https:\/\/i0.wp.com\/www.tuseichholzremmighausen.de\/wordpress\/wp-content\/uploads\/2018\/06\/fb_b-juniorinnen_180602_001.jpg?resize=768%2C512&amp;ssl=1 768w, https:\/\/i0.wp.com\/www.tuseichholzremmighausen.de\/wordpress\/wp-content\/uploads\/2018\/06\/fb_b-juniorinnen_180602_001.jpg?resize=1024%2C683&amp;ssl=1 1024w\" sizes=\"auto, (max-width: 800px) 100vw, 800px\" \/><figcaption id=\"caption-attachment-10962\" class=\"wp-caption-text\">Abschied f\u00e4llt immer schwer- Julia, Jannina und Steffi<\/figcaption><\/figure>\n<p>Jannina, Julia und Steffi werden im kommenden Jahr f\u00fcr die Frauen an den Ball treten. &nbsp; &nbsp;<\/p>\n","protected":false},"excerpt":{"rendered":"<p>Juniorinnen beenden Saison als Dritter<\/p>\n","protected":false},"author":16,"featured_media":10963,"comment_status":"closed","ping_status":"open","sticky":false,"template":"","format":"standard","meta":{"colormag_page_container_layout":"default_layout","colormag_page_sidebar_layout":"default_layout","_jetpack_memberships_contains_paid_content":false,"footnotes":"","jetpack_publicize_message":"","jetpack_publicize_feature_enabled":true,"jetpack_social_post_already_shared":false,"jetpack_social_options":{"image_generator_settings":{"template":"highway","default_image_id":0,"font":"","enabled":false},"version":2}},"categories":[157,158],"tags":[],"class_list":["post-10961","post","type-post","status-publish","format-standard","has-post-thumbnail","hentry","category-archiv","category-fb-jugend-aktuell"],"jetpack_publicize_connections":[],"jetpack_featured_media_url":"https:\/\/i0.wp.com\/www.tuseichholzremmighausen.de\/wordpress\/wp-content\/uploads\/2018\/06\/fb_b-juniorinnen_180602_005.jpg?fit=1200%2C675&ssl=1","jetpack_sharing_enabled":true,"_links":{"self":[{"href":"https:\/\/www.tuseichholzremmighausen.de\/wordpress\/wp-json\/wp\/v2\/posts\/10961","targetHints":{"allow":["GET"]}}],"collection":[{"href":"https:\/\/www.tuseichholzremmighausen.de\/wordpress\/wp-json\/wp\/v2\/posts"}],"about":[{"href":"https:\/\/www.tuseichholzremmighausen.de\/wordpress\/wp-json\/wp\/v2\/types\/post"}],"author":[{"embeddable":true,"href":"https:\/\/www.tuseichholzremmighausen.de\/wordpress\/wp-json\/wp\/v2\/users\/16"}],"replies":[{"embeddable":true,"href":"https:\/\/www.tuseichholzremmighausen.de\/wordpress\/wp-json\/wp\/v2\/comments?post=10961"}],"version-history":[{"count":0,"href":"https:\/\/www.tuseichholzremmighausen.de\/wordpress\/wp-json\/wp\/v2\/posts\/10961\/revisions"}],"wp:featuredmedia":[{"embeddable":true,"href":"https:\/\/www.tuseichholzremmighausen.de\/wordpress\/wp-json\/wp\/v2\/media\/10963"}],"wp:attachment":[{"href":"https:\/\/www.tuseichholzremmighausen.de\/wordpress\/wp-json\/wp\/v2\/media?parent=10961"}],"wp:term":[{"taxonomy":"category","embeddable":true,"href":"https:\/\/www.tuseichholzremmighausen.de\/wordpress\/wp-json\/wp\/v2\/categories?post=10961"},{"taxonomy":"post_tag","embeddable":true,"href":"https:\/\/www.tuseichholzremmighausen.de\/wordpress\/wp-json\/wp\/v2\/tags?post=10961"}],"curies":[{"name":"wp","href":"https:\/\/api.w.org\/{rel}","templated":true}]}}