{"id":10974,"date":"2018-06-06T20:30:41","date_gmt":"2018-06-06T18:30:41","guid":{"rendered":"https:\/\/www.tuseichholzremmighausen.de\/wordpress\/?p=10974"},"modified":"2020-09-11T20:40:38","modified_gmt":"2020-09-11T18:40:38","slug":"verbandssichtungslehrgang-fuer-torhueterinnen-anna-maria-in-kaiserau","status":"publish","type":"post","link":"https:\/\/www.tuseichholzremmighausen.de\/wordpress\/archives\/10974","title":{"rendered":"Verbandssichtungslehrgang f\u00fcr Torh\u00fcterinnen &#8211; Anna-Maria in Kaiserau"},"content":{"rendered":"<p>Paarallel zum tollen Turnier am Sonntag in D\u00f6rentrup&nbsp; fand ein Torh\u00fcterinnen-Sichtungslehrgang der Jahrg\u00e4nge 2005\/2006 im Sport-Centrum Kamen-Kaiserau statt. Anna-Maria wurde eingeladen und vertrat die Gr\u00fcn-Wei\u00dfen Farben bei dieser Verbandsveranstaltung.<\/p>\n<figure id=\"attachment_10977\" aria-describedby=\"caption-attachment-10977\" style=\"width: 1200px\" class=\"wp-caption alignnone\"><img data-recalc-dims=\"1\" loading=\"lazy\" decoding=\"async\" data-attachment-id=\"10977\" data-permalink=\"https:\/\/www.tuseichholzremmighausen.de\/wordpress\/archives\/10974\/fb_d-juniorinnen_180603_002\" data-orig-file=\"https:\/\/i0.wp.com\/www.tuseichholzremmighausen.de\/wordpress\/wp-content\/uploads\/2018\/06\/fb_d-juniorinnen_180603_002.jpg?fit=1200%2C674&amp;ssl=1\" data-orig-size=\"1200,674\" data-comments-opened=\"0\" data-image-meta=\"{&quot;aperture&quot;:&quot;2.6&quot;,&quot;credit&quot;:&quot;&quot;,&quot;camera&quot;:&quot;GT-I9195&quot;,&quot;caption&quot;:&quot;&quot;,&quot;created_timestamp&quot;:&quot;1528024669&quot;,&quot;copyright&quot;:&quot;&quot;,&quot;focal_length&quot;:&quot;3.7&quot;,&quot;iso&quot;:&quot;50&quot;,&quot;shutter_speed&quot;:&quot;0.00068587105624143&quot;,&quot;title&quot;:&quot;&quot;,&quot;orientation&quot;:&quot;1&quot;}\" data-image-title=\"fb_d-juniorinnen_180603_002\" data-image-description=\"\" data-image-caption=\"&lt;p&gt;Trainingsszene aus Kaiserau &amp;#8211; Anna zwischen den Pfosten&lt;\/p&gt;\n\" data-large-file=\"https:\/\/i0.wp.com\/www.tuseichholzremmighausen.de\/wordpress\/wp-content\/uploads\/2018\/06\/fb_d-juniorinnen_180603_002.jpg?fit=800%2C449&amp;ssl=1\" width=\"800\" height=\"449\" class=\"size-full wp-image-10977\" alt=\"Trainingsszene aus Kaiserau - Anna zwischen den Pfosten\" src=\"https:\/\/i0.wp.com\/www.tuseichholzremmighausen.de\/wordpress\/wp-content\/uploads\/2018\/06\/fb_d-juniorinnen_180603_002.jpg?resize=800%2C449&#038;ssl=1\" srcset=\"https:\/\/i0.wp.com\/www.tuseichholzremmighausen.de\/wordpress\/wp-content\/uploads\/2018\/06\/fb_d-juniorinnen_180603_002.jpg?w=1200&amp;ssl=1 1200w, https:\/\/i0.wp.com\/www.tuseichholzremmighausen.de\/wordpress\/wp-content\/uploads\/2018\/06\/fb_d-juniorinnen_180603_002.jpg?resize=600%2C337&amp;ssl=1 600w, https:\/\/i0.wp.com\/www.tuseichholzremmighausen.de\/wordpress\/wp-content\/uploads\/2018\/06\/fb_d-juniorinnen_180603_002.jpg?resize=300%2C169&amp;ssl=1 300w, https:\/\/i0.wp.com\/www.tuseichholzremmighausen.de\/wordpress\/wp-content\/uploads\/2018\/06\/fb_d-juniorinnen_180603_002.jpg?resize=768%2C431&amp;ssl=1 768w, https:\/\/i0.wp.com\/www.tuseichholzremmighausen.de\/wordpress\/wp-content\/uploads\/2018\/06\/fb_d-juniorinnen_180603_002.jpg?resize=1024%2C575&amp;ssl=1 1024w\" sizes=\"auto, (max-width: 800px) 100vw, 800px\" \/><figcaption id=\"caption-attachment-10977\" class=\"wp-caption-text\">Trainingsszene aus Kaiserau &#8211; Anna zwischen den Pfosten<\/figcaption><\/figure>\n<p>Nat\u00fcrlich h\u00e4tten ihre Mannschaftskolleginnen, und auch Coach Andreas (mit Miray im Bild neben Anna-Maria) sie gerne beim Turnier in D\u00f6rentrup dabei gehabt.<\/p>\n<figure id=\"attachment_10976\" aria-describedby=\"caption-attachment-10976\" style=\"width: 1200px\" class=\"wp-caption alignnone\"><img data-recalc-dims=\"1\" loading=\"lazy\" decoding=\"async\" data-attachment-id=\"10976\" data-permalink=\"https:\/\/www.tuseichholzremmighausen.de\/wordpress\/archives\/10974\/fb_d-juniorinnen_180606_002\" data-orig-file=\"https:\/\/i0.wp.com\/www.tuseichholzremmighausen.de\/wordpress\/wp-content\/uploads\/2018\/06\/fb_d-juniorinnen_180606_002.jpg?fit=1200%2C800&amp;ssl=1\" data-orig-size=\"1200,800\" data-comments-opened=\"0\" data-image-meta=\"{&quot;aperture&quot;:&quot;2.8&quot;,&quot;credit&quot;:&quot;Rolf Gehrke&quot;,&quot;camera&quot;:&quot;Canon EOS 70D&quot;,&quot;caption&quot;:&quot;&quot;,&quot;created_timestamp&quot;:&quot;1518874508&quot;,&quot;copyright&quot;:&quot;Rolf Gehrke 2017&quot;,&quot;focal_length&quot;:&quot;85&quot;,&quot;iso&quot;:&quot;1000&quot;,&quot;shutter_speed&quot;:&quot;0.003125&quot;,&quot;title&quot;:&quot;&quot;,&quot;orientation&quot;:&quot;1&quot;}\" data-image-title=\"fb_d-juniorinnen_180606_002\" data-image-description=\"\" data-image-caption=\"&lt;p&gt;Keeper Anna-Maria hat sich auch in der Halle auszeichnen k\u00f6nnen&lt;\/p&gt;\n\" data-large-file=\"https:\/\/i0.wp.com\/www.tuseichholzremmighausen.de\/wordpress\/wp-content\/uploads\/2018\/06\/fb_d-juniorinnen_180606_002.jpg?fit=800%2C534&amp;ssl=1\" width=\"800\" height=\"533\" class=\"size-full wp-image-10976\" alt=\"Keeper Anna-Maria hat sich auch in der Halle auszeichnen k\u00f6nnen\" src=\"https:\/\/i0.wp.com\/www.tuseichholzremmighausen.de\/wordpress\/wp-content\/uploads\/2018\/06\/fb_d-juniorinnen_180606_002.jpg?resize=800%2C533&#038;ssl=1\" srcset=\"https:\/\/i0.wp.com\/www.tuseichholzremmighausen.de\/wordpress\/wp-content\/uploads\/2018\/06\/fb_d-juniorinnen_180606_002.jpg?w=1200&amp;ssl=1 1200w, https:\/\/i0.wp.com\/www.tuseichholzremmighausen.de\/wordpress\/wp-content\/uploads\/2018\/06\/fb_d-juniorinnen_180606_002.jpg?resize=600%2C400&amp;ssl=1 600w, https:\/\/i0.wp.com\/www.tuseichholzremmighausen.de\/wordpress\/wp-content\/uploads\/2018\/06\/fb_d-juniorinnen_180606_002.jpg?resize=300%2C200&amp;ssl=1 300w, https:\/\/i0.wp.com\/www.tuseichholzremmighausen.de\/wordpress\/wp-content\/uploads\/2018\/06\/fb_d-juniorinnen_180606_002.jpg?resize=768%2C512&amp;ssl=1 768w, https:\/\/i0.wp.com\/www.tuseichholzremmighausen.de\/wordpress\/wp-content\/uploads\/2018\/06\/fb_d-juniorinnen_180606_002.jpg?resize=1024%2C683&amp;ssl=1 1024w\" sizes=\"auto, (max-width: 800px) 100vw, 800px\" \/><figcaption id=\"caption-attachment-10976\" class=\"wp-caption-text\">Keeper Anna-Maria hat sich neben den Erfolgen auf dem Feld auch in der Halle auszeichnen k\u00f6nnen, f\u00fcr den TuS und auch f\u00fcr die Kreisauswahl<\/figcaption><\/figure>\n<p>Doch die Ehre, bei einer Verbandssichtung dabei zu sein, durfte sich Anna-Maria verst\u00e4ndlicherweise nicht entgehen lassen. Teilgenommen haben 12 Torh\u00fcterinnen. Es fanden eine Trainingseinheit am Vormittag und eine am Nachmittag statt. Dazwischen Mittagessen.<\/p>\n<figure id=\"attachment_10978\" aria-describedby=\"caption-attachment-10978\" style=\"width: 1200px\" class=\"wp-caption alignnone\"><img data-recalc-dims=\"1\" loading=\"lazy\" decoding=\"async\" data-attachment-id=\"10978\" data-permalink=\"https:\/\/www.tuseichholzremmighausen.de\/wordpress\/archives\/10974\/fb_d-juniorinnen_180603_001\" data-orig-file=\"https:\/\/i0.wp.com\/www.tuseichholzremmighausen.de\/wordpress\/wp-content\/uploads\/2018\/06\/fb_d-juniorinnen_180603_001.jpg?fit=1200%2C674&amp;ssl=1\" data-orig-size=\"1200,674\" data-comments-opened=\"0\" data-image-meta=\"{&quot;aperture&quot;:&quot;2.6&quot;,&quot;credit&quot;:&quot;&quot;,&quot;camera&quot;:&quot;GT-I9195&quot;,&quot;caption&quot;:&quot;&quot;,&quot;created_timestamp&quot;:&quot;1528024144&quot;,&quot;copyright&quot;:&quot;&quot;,&quot;focal_length&quot;:&quot;3.7&quot;,&quot;iso&quot;:&quot;50&quot;,&quot;shutter_speed&quot;:&quot;0.00086355785837651&quot;,&quot;title&quot;:&quot;&quot;,&quot;orientation&quot;:&quot;1&quot;}\" data-image-title=\"fb_d-juniorinnen_180603_001\" data-image-description=\"\" data-image-caption=\"&lt;p&gt;Mit geschulten Augen &amp;#8211; Verbandstrainer (rechts im Bild) beobachtet die Sch\u00fctzlinge&lt;\/p&gt;\n\" data-large-file=\"https:\/\/i0.wp.com\/www.tuseichholzremmighausen.de\/wordpress\/wp-content\/uploads\/2018\/06\/fb_d-juniorinnen_180603_001.jpg?fit=800%2C449&amp;ssl=1\" width=\"800\" height=\"449\" class=\"size-full wp-image-10978\" alt=\"Mit geschulten Augen - Verbandstrainer (rechts im Bild) beobachtet die Sch\u00fctzlinge\" src=\"https:\/\/i0.wp.com\/www.tuseichholzremmighausen.de\/wordpress\/wp-content\/uploads\/2018\/06\/fb_d-juniorinnen_180603_001.jpg?resize=800%2C449&#038;ssl=1\" srcset=\"https:\/\/i0.wp.com\/www.tuseichholzremmighausen.de\/wordpress\/wp-content\/uploads\/2018\/06\/fb_d-juniorinnen_180603_001.jpg?w=1200&amp;ssl=1 1200w, https:\/\/i0.wp.com\/www.tuseichholzremmighausen.de\/wordpress\/wp-content\/uploads\/2018\/06\/fb_d-juniorinnen_180603_001.jpg?resize=600%2C337&amp;ssl=1 600w, https:\/\/i0.wp.com\/www.tuseichholzremmighausen.de\/wordpress\/wp-content\/uploads\/2018\/06\/fb_d-juniorinnen_180603_001.jpg?resize=300%2C169&amp;ssl=1 300w, https:\/\/i0.wp.com\/www.tuseichholzremmighausen.de\/wordpress\/wp-content\/uploads\/2018\/06\/fb_d-juniorinnen_180603_001.jpg?resize=768%2C431&amp;ssl=1 768w, https:\/\/i0.wp.com\/www.tuseichholzremmighausen.de\/wordpress\/wp-content\/uploads\/2018\/06\/fb_d-juniorinnen_180603_001.jpg?resize=1024%2C575&amp;ssl=1 1024w\" sizes=\"auto, (max-width: 800px) 100vw, 800px\" \/><figcaption id=\"caption-attachment-10978\" class=\"wp-caption-text\">Mit geschulten Augen &#8211; Verbandstrainer (rechts im Bild) beobachtet die Sch\u00fctzlinge<\/figcaption><\/figure>\n<p>Gutes, anstrengendes Training mit professionellen Erkl\u00e4rungen, Anweisungen und gezieltem Verbessern der M\u00e4dchen &#8211; von 1 gegen 1 \u00fcber Koordinationsleiter bis hin zum Spiel &#8222;2 Mannschaften auf 4 Tore&#8220;. Ob Anna-Maria weiter dabei sein wird, erfahren wir in der n\u00e4chsten Woche. Vielen Dank an Tina f\u00fcr die Infos und Bilder aus Kaiserau.<\/p>\n","protected":false},"excerpt":{"rendered":"<p>Anna-Maria folgt Einladung zum Sichtungslehrgang in Kaiserau <\/p>\n","protected":false},"author":16,"featured_media":10975,"comment_status":"closed","ping_status":"open","sticky":false,"template":"","format":"standard","meta":{"colormag_page_container_layout":"default_layout","colormag_page_sidebar_layout":"default_layout","_jetpack_memberships_contains_paid_content":false,"footnotes":"","jetpack_publicize_message":"","jetpack_publicize_feature_enabled":true,"jetpack_social_post_already_shared":false,"jetpack_social_options":{"image_generator_settings":{"template":"highway","default_image_id":0,"font":"","enabled":false},"version":2}},"categories":[157,158],"tags":[],"class_list":["post-10974","post","type-post","status-publish","format-standard","has-post-thumbnail","hentry","category-archiv","category-fb-jugend-aktuell"],"jetpack_publicize_connections":[],"jetpack_featured_media_url":"https:\/\/i0.wp.com\/www.tuseichholzremmighausen.de\/wordpress\/wp-content\/uploads\/2018\/06\/fb_d-juniorinnen_180606_001.jpg?fit=1200%2C675&ssl=1","jetpack_sharing_enabled":true,"_links":{"self":[{"href":"https:\/\/www.tuseichholzremmighausen.de\/wordpress\/wp-json\/wp\/v2\/posts\/10974","targetHints":{"allow":["GET"]}}],"collection":[{"href":"https:\/\/www.tuseichholzremmighausen.de\/wordpress\/wp-json\/wp\/v2\/posts"}],"about":[{"href":"https:\/\/www.tuseichholzremmighausen.de\/wordpress\/wp-json\/wp\/v2\/types\/post"}],"author":[{"embeddable":true,"href":"https:\/\/www.tuseichholzremmighausen.de\/wordpress\/wp-json\/wp\/v2\/users\/16"}],"replies":[{"embeddable":true,"href":"https:\/\/www.tuseichholzremmighausen.de\/wordpress\/wp-json\/wp\/v2\/comments?post=10974"}],"version-history":[{"count":0,"href":"https:\/\/www.tuseichholzremmighausen.de\/wordpress\/wp-json\/wp\/v2\/posts\/10974\/revisions"}],"wp:featuredmedia":[{"embeddable":true,"href":"https:\/\/www.tuseichholzremmighausen.de\/wordpress\/wp-json\/wp\/v2\/media\/10975"}],"wp:attachment":[{"href":"https:\/\/www.tuseichholzremmighausen.de\/wordpress\/wp-json\/wp\/v2\/media?parent=10974"}],"wp:term":[{"taxonomy":"category","embeddable":true,"href":"https:\/\/www.tuseichholzremmighausen.de\/wordpress\/wp-json\/wp\/v2\/categories?post=10974"},{"taxonomy":"post_tag","embeddable":true,"href":"https:\/\/www.tuseichholzremmighausen.de\/wordpress\/wp-json\/wp\/v2\/tags?post=10974"}],"curies":[{"name":"wp","href":"https:\/\/api.w.org\/{rel}","templated":true}]}}