{"id":11025,"date":"2018-06-21T12:32:35","date_gmt":"2018-06-21T10:32:35","guid":{"rendered":"https:\/\/www.tuseichholzremmighausen.de\/wordpress\/?p=11025"},"modified":"2020-09-11T20:40:37","modified_gmt":"2020-09-11T18:40:37","slug":"tina-rother-fuer-u23-dm-qualifiziert","status":"publish","type":"post","link":"https:\/\/www.tuseichholzremmighausen.de\/wordpress\/archives\/11025","title":{"rendered":"Tina Rother f\u00fcr U23 DM qualifiziert"},"content":{"rendered":"<figure id=\"attachment_11027\" aria-describedby=\"caption-attachment-11027\" style=\"width: 1200px\" class=\"wp-caption alignnone\"><img data-recalc-dims=\"1\" loading=\"lazy\" decoding=\"async\" data-attachment-id=\"11027\" data-permalink=\"https:\/\/www.tuseichholzremmighausen.de\/wordpress\/archives\/11025\/img_5169\" data-orig-file=\"https:\/\/i0.wp.com\/www.tuseichholzremmighausen.de\/wordpress\/wp-content\/uploads\/2018\/06\/IMG_5169.jpg?fit=1200%2C800&amp;ssl=1\" data-orig-size=\"1200,800\" data-comments-opened=\"0\" data-image-meta=\"{&quot;aperture&quot;:&quot;2.5&quot;,&quot;credit&quot;:&quot;Rolf Gehrke&quot;,&quot;camera&quot;:&quot;Canon EOS 70D&quot;,&quot;caption&quot;:&quot;&quot;,&quot;created_timestamp&quot;:&quot;1529077240&quot;,&quot;copyright&quot;:&quot;Rolf Gehrke 2017&quot;,&quot;focal_length&quot;:&quot;85&quot;,&quot;iso&quot;:&quot;250&quot;,&quot;shutter_speed&quot;:&quot;0.000625&quot;,&quot;title&quot;:&quot;&quot;,&quot;orientation&quot;:&quot;1&quot;}\" data-image-title=\"IMG_5169\" data-image-description=\"\" data-image-caption=\"&lt;p&gt;Konzentration in der Vorbereitung &lt;\/p&gt;\n\" data-large-file=\"https:\/\/i0.wp.com\/www.tuseichholzremmighausen.de\/wordpress\/wp-content\/uploads\/2018\/06\/IMG_5169.jpg?fit=800%2C534&amp;ssl=1\" width=\"800\" height=\"533\" class=\"size-full wp-image-11027\" alt=\"Konzentration in der Vorbereitung \" src=\"https:\/\/i0.wp.com\/www.tuseichholzremmighausen.de\/wordpress\/wp-content\/uploads\/2018\/06\/IMG_5169.jpg?resize=800%2C533&#038;ssl=1\" srcset=\"https:\/\/i0.wp.com\/www.tuseichholzremmighausen.de\/wordpress\/wp-content\/uploads\/2018\/06\/IMG_5169.jpg?w=1200&amp;ssl=1 1200w, https:\/\/i0.wp.com\/www.tuseichholzremmighausen.de\/wordpress\/wp-content\/uploads\/2018\/06\/IMG_5169.jpg?resize=600%2C400&amp;ssl=1 600w, https:\/\/i0.wp.com\/www.tuseichholzremmighausen.de\/wordpress\/wp-content\/uploads\/2018\/06\/IMG_5169.jpg?resize=300%2C200&amp;ssl=1 300w, https:\/\/i0.wp.com\/www.tuseichholzremmighausen.de\/wordpress\/wp-content\/uploads\/2018\/06\/IMG_5169.jpg?resize=768%2C512&amp;ssl=1 768w, https:\/\/i0.wp.com\/www.tuseichholzremmighausen.de\/wordpress\/wp-content\/uploads\/2018\/06\/IMG_5169.jpg?resize=1024%2C683&amp;ssl=1 1024w\" sizes=\"auto, (max-width: 800px) 100vw, 800px\" \/><figcaption id=\"caption-attachment-11027\" class=\"wp-caption-text\">Konzentration in der Vorbereitung<\/figcaption><\/figure>\n<p>Viel zu wenig wird im TuS \u00fcber die Ereignisse der Leichtathleten berichtet. Dieser Bericht soll auch als kleiner Anstupser fungieren, genau das zu \u00e4ndern&#8230;<\/p>\n<figure id=\"attachment_11028\" aria-describedby=\"caption-attachment-11028\" style=\"width: 1200px\" class=\"wp-caption alignnone\"><img data-recalc-dims=\"1\" loading=\"lazy\" decoding=\"async\" data-attachment-id=\"11028\" data-permalink=\"https:\/\/www.tuseichholzremmighausen.de\/wordpress\/archives\/11025\/img_5096\" data-orig-file=\"https:\/\/i0.wp.com\/www.tuseichholzremmighausen.de\/wordpress\/wp-content\/uploads\/2018\/06\/IMG_5096.jpg?fit=1200%2C800&amp;ssl=1\" data-orig-size=\"1200,800\" data-comments-opened=\"0\" data-image-meta=\"{&quot;aperture&quot;:&quot;3.5&quot;,&quot;credit&quot;:&quot;Rolf Gehrke&quot;,&quot;camera&quot;:&quot;Canon EOS 70D&quot;,&quot;caption&quot;:&quot;&quot;,&quot;created_timestamp&quot;:&quot;1529076569&quot;,&quot;copyright&quot;:&quot;Rolf Gehrke 2017&quot;,&quot;focal_length&quot;:&quot;85&quot;,&quot;iso&quot;:&quot;200&quot;,&quot;shutter_speed&quot;:&quot;0.0004&quot;,&quot;title&quot;:&quot;&quot;,&quot;orientation&quot;:&quot;1&quot;}\" data-image-title=\"IMG_5096\" data-image-description=\"\" data-image-caption=\"&lt;p&gt;Tina steigt mit viel Schwung in die H\u00f6he&lt;\/p&gt;\n\" data-large-file=\"https:\/\/i0.wp.com\/www.tuseichholzremmighausen.de\/wordpress\/wp-content\/uploads\/2018\/06\/IMG_5096.jpg?fit=800%2C534&amp;ssl=1\" width=\"800\" height=\"533\" class=\"size-full wp-image-11028\" alt=\"Tina steigt mit viel Schwung in die H\u00f6he\" src=\"https:\/\/i0.wp.com\/www.tuseichholzremmighausen.de\/wordpress\/wp-content\/uploads\/2018\/06\/IMG_5096.jpg?resize=800%2C533&#038;ssl=1\" srcset=\"https:\/\/i0.wp.com\/www.tuseichholzremmighausen.de\/wordpress\/wp-content\/uploads\/2018\/06\/IMG_5096.jpg?w=1200&amp;ssl=1 1200w, https:\/\/i0.wp.com\/www.tuseichholzremmighausen.de\/wordpress\/wp-content\/uploads\/2018\/06\/IMG_5096.jpg?resize=600%2C400&amp;ssl=1 600w, https:\/\/i0.wp.com\/www.tuseichholzremmighausen.de\/wordpress\/wp-content\/uploads\/2018\/06\/IMG_5096.jpg?resize=300%2C200&amp;ssl=1 300w, https:\/\/i0.wp.com\/www.tuseichholzremmighausen.de\/wordpress\/wp-content\/uploads\/2018\/06\/IMG_5096.jpg?resize=768%2C512&amp;ssl=1 768w, https:\/\/i0.wp.com\/www.tuseichholzremmighausen.de\/wordpress\/wp-content\/uploads\/2018\/06\/IMG_5096.jpg?resize=1024%2C683&amp;ssl=1 1024w\" sizes=\"auto, (max-width: 800px) 100vw, 800px\" \/><figcaption id=\"caption-attachment-11028\" class=\"wp-caption-text\">Tina steigt mit viel Schwung in die H\u00f6he<\/figcaption><\/figure>\n<p>Am Freitag, dem 15. Juni fand auf der Au\u00dfensportanlage des Schulzentrums in Horn ein Stabhochsprung-Meeting statt. Dabei bekam die LG Lippe S\u00fcd Besuch von den Freunden der Leichtathletik aus Ratingen, die von der famili\u00e4ren Atmosph\u00e4re im Lipperland begeistert waren.<\/p>\n<figure id=\"attachment_11029\" aria-describedby=\"caption-attachment-11029\" style=\"width: 1200px\" class=\"wp-caption alignnone\"><img data-recalc-dims=\"1\" loading=\"lazy\" decoding=\"async\" data-attachment-id=\"11029\" data-permalink=\"https:\/\/www.tuseichholzremmighausen.de\/wordpress\/archives\/11025\/img_4991\" data-orig-file=\"https:\/\/i0.wp.com\/www.tuseichholzremmighausen.de\/wordpress\/wp-content\/uploads\/2018\/06\/IMG_4991.jpg?fit=1200%2C800&amp;ssl=1\" data-orig-size=\"1200,800\" data-comments-opened=\"0\" data-image-meta=\"{&quot;aperture&quot;:&quot;8&quot;,&quot;credit&quot;:&quot;Rolf Gehrke&quot;,&quot;camera&quot;:&quot;Canon EOS 70D&quot;,&quot;caption&quot;:&quot;&quot;,&quot;created_timestamp&quot;:&quot;1529074813&quot;,&quot;copyright&quot;:&quot;Rolf Gehrke 2017&quot;,&quot;focal_length&quot;:&quot;85&quot;,&quot;iso&quot;:&quot;320&quot;,&quot;shutter_speed&quot;:&quot;0.0025&quot;,&quot;title&quot;:&quot;&quot;,&quot;orientation&quot;:&quot;1&quot;}\" data-image-title=\"IMG_4991\" data-image-description=\"\" data-image-caption=\"&lt;p&gt;Klasse Atmosph\u00e4re beim Stabhochsprung-Meeting in Horn&lt;\/p&gt;\n\" data-large-file=\"https:\/\/i0.wp.com\/www.tuseichholzremmighausen.de\/wordpress\/wp-content\/uploads\/2018\/06\/IMG_4991.jpg?fit=800%2C534&amp;ssl=1\" width=\"800\" height=\"533\" class=\"size-full wp-image-11029\" alt=\"Klasse Atmosph\u00e4re beim Stabhochsprung-Meeting in Horn\" src=\"https:\/\/i0.wp.com\/www.tuseichholzremmighausen.de\/wordpress\/wp-content\/uploads\/2018\/06\/IMG_4991.jpg?resize=800%2C533&#038;ssl=1\" srcset=\"https:\/\/i0.wp.com\/www.tuseichholzremmighausen.de\/wordpress\/wp-content\/uploads\/2018\/06\/IMG_4991.jpg?w=1200&amp;ssl=1 1200w, https:\/\/i0.wp.com\/www.tuseichholzremmighausen.de\/wordpress\/wp-content\/uploads\/2018\/06\/IMG_4991.jpg?resize=600%2C400&amp;ssl=1 600w, https:\/\/i0.wp.com\/www.tuseichholzremmighausen.de\/wordpress\/wp-content\/uploads\/2018\/06\/IMG_4991.jpg?resize=300%2C200&amp;ssl=1 300w, https:\/\/i0.wp.com\/www.tuseichholzremmighausen.de\/wordpress\/wp-content\/uploads\/2018\/06\/IMG_4991.jpg?resize=768%2C512&amp;ssl=1 768w, https:\/\/i0.wp.com\/www.tuseichholzremmighausen.de\/wordpress\/wp-content\/uploads\/2018\/06\/IMG_4991.jpg?resize=1024%2C683&amp;ssl=1 1024w\" sizes=\"auto, (max-width: 800px) 100vw, 800px\" \/><figcaption id=\"caption-attachment-11029\" class=\"wp-caption-text\">Klasse Atmosph\u00e4re beim Stabhochsprung-Meeting in Horn<\/figcaption><\/figure>\n<p>F\u00fcr weitere Informationen zum Meeting, sowie Erfolgen, Terminen und Events der LG Lippe S\u00fcd &nbsp;<a href=\"http:\/\/www.lglippesued.de\/\" target=\"_blank\" rel=\"noopener noreferrer\">Klick \ud83d\ude42<\/a><\/p>\n<p>Zur Foto-Serie geht&#8217;s hier:&nbsp;<a href=\"https:\/\/www.facebook.com\/pg\/tuseichholzremmighausen\/photos\/?tab=album&amp;album_id=1835343296488028\" target=\"_blank\" rel=\"noopener noreferrer\">Klick \ud83d\ude09<\/a><\/p>\n","protected":false},"excerpt":{"rendered":"<p>Tina Rother f\u00fcr U23 DM qualifiziert<\/p>\n","protected":false},"author":16,"featured_media":11026,"comment_status":"closed","ping_status":"open","sticky":false,"template":"","format":"standard","meta":{"colormag_page_container_layout":"default_layout","colormag_page_sidebar_layout":"default_layout","_jetpack_memberships_contains_paid_content":false,"footnotes":"","jetpack_publicize_message":"","jetpack_publicize_feature_enabled":true,"jetpack_social_post_already_shared":false,"jetpack_social_options":{"image_generator_settings":{"template":"highway","default_image_id":0,"font":"","enabled":false},"version":2}},"categories":[157],"tags":[],"class_list":["post-11025","post","type-post","status-publish","format-standard","has-post-thumbnail","hentry","category-archiv"],"jetpack_publicize_connections":[],"jetpack_featured_media_url":"https:\/\/i0.wp.com\/www.tuseichholzremmighausen.de\/wordpress\/wp-content\/uploads\/2018\/06\/IMG_5099.jpg?fit=1200%2C800&ssl=1","jetpack_sharing_enabled":true,"_links":{"self":[{"href":"https:\/\/www.tuseichholzremmighausen.de\/wordpress\/wp-json\/wp\/v2\/posts\/11025","targetHints":{"allow":["GET"]}}],"collection":[{"href":"https:\/\/www.tuseichholzremmighausen.de\/wordpress\/wp-json\/wp\/v2\/posts"}],"about":[{"href":"https:\/\/www.tuseichholzremmighausen.de\/wordpress\/wp-json\/wp\/v2\/types\/post"}],"author":[{"embeddable":true,"href":"https:\/\/www.tuseichholzremmighausen.de\/wordpress\/wp-json\/wp\/v2\/users\/16"}],"replies":[{"embeddable":true,"href":"https:\/\/www.tuseichholzremmighausen.de\/wordpress\/wp-json\/wp\/v2\/comments?post=11025"}],"version-history":[{"count":0,"href":"https:\/\/www.tuseichholzremmighausen.de\/wordpress\/wp-json\/wp\/v2\/posts\/11025\/revisions"}],"wp:featuredmedia":[{"embeddable":true,"href":"https:\/\/www.tuseichholzremmighausen.de\/wordpress\/wp-json\/wp\/v2\/media\/11026"}],"wp:attachment":[{"href":"https:\/\/www.tuseichholzremmighausen.de\/wordpress\/wp-json\/wp\/v2\/media?parent=11025"}],"wp:term":[{"taxonomy":"category","embeddable":true,"href":"https:\/\/www.tuseichholzremmighausen.de\/wordpress\/wp-json\/wp\/v2\/categories?post=11025"},{"taxonomy":"post_tag","embeddable":true,"href":"https:\/\/www.tuseichholzremmighausen.de\/wordpress\/wp-json\/wp\/v2\/tags?post=11025"}],"curies":[{"name":"wp","href":"https:\/\/api.w.org\/{rel}","templated":true}]}}