{"id":11031,"date":"2018-06-25T12:06:29","date_gmt":"2018-06-25T10:06:29","guid":{"rendered":"https:\/\/www.tuseichholzremmighausen.de\/wordpress\/?p=11031"},"modified":"2020-09-11T20:40:37","modified_gmt":"2020-09-11T18:40:37","slug":"leichtathleten-vom-tus-immer-mit-vorne-dabei","status":"publish","type":"post","link":"https:\/\/www.tuseichholzremmighausen.de\/wordpress\/archives\/11031","title":{"rendered":"Leichtathleten vom TuS immer mit vorne dabei"},"content":{"rendered":"<p>Unsere Leichtathleten vom TuS Eichholz-Remmighausen, welche bei der LG Lippe S\u00fcd trainieren, k\u00f6nnen bis jetzt mit vielen Qualifikationen gl\u00e4nzen. So hat sich Tina Rother (U23, 1997) bereits in zwei Disziplinen f\u00fcr die Deutschen Meisterschaften die Qualis geholt. Zum einen \u00fcbersprang sie beim 7. Soester Stabhochsprung-Festival 3,80m, und zu anderen schaffte sie schon bei der Bahner\u00f6ffnung in Bad Salzuflen dieses Jahr die Quali im Diskuswurf 1kg mit einer Weite von 43,11m. Zur Zeit liegt sie hier schon bei einer Weite von 47,28m.<\/p>\n<p><a href=\"https:\/\/www.tuseichholzremmighausen.de\/wordpress\/archives\/11031\/lg_1806_text\" rel=\"attachment wp-att-11033\"><img data-recalc-dims=\"1\" loading=\"lazy\" decoding=\"async\" data-attachment-id=\"11033\" data-permalink=\"https:\/\/www.tuseichholzremmighausen.de\/wordpress\/archives\/11031\/lg_1806_text\" data-orig-file=\"https:\/\/i0.wp.com\/www.tuseichholzremmighausen.de\/wordpress\/wp-content\/uploads\/2018\/06\/LG_1806_text.jpg?fit=400%2C600&amp;ssl=1\" data-orig-size=\"400,600\" data-comments-opened=\"0\" data-image-meta=\"{&quot;aperture&quot;:&quot;2.2&quot;,&quot;credit&quot;:&quot;&quot;,&quot;camera&quot;:&quot;iPhone 5s&quot;,&quot;caption&quot;:&quot;&quot;,&quot;created_timestamp&quot;:&quot;1529225956&quot;,&quot;copyright&quot;:&quot;&quot;,&quot;focal_length&quot;:&quot;4.15&quot;,&quot;iso&quot;:&quot;32&quot;,&quot;shutter_speed&quot;:&quot;0.00039001&quot;,&quot;title&quot;:&quot;&quot;,&quot;orientation&quot;:&quot;1&quot;}\" data-image-title=\"LG_1806_text\" data-image-description=\"\" data-image-caption=\"\" data-large-file=\"https:\/\/i0.wp.com\/www.tuseichholzremmighausen.de\/wordpress\/wp-content\/uploads\/2018\/06\/LG_1806_text.jpg?fit=400%2C600&amp;ssl=1\" width=\"400\" height=\"600\" class=\"alignleft size-full wp-image-11033\" alt=\"\" src=\"https:\/\/i0.wp.com\/www.tuseichholzremmighausen.de\/wordpress\/wp-content\/uploads\/2018\/06\/LG_1806_text.jpg?resize=400%2C600&#038;ssl=1\" srcset=\"https:\/\/i0.wp.com\/www.tuseichholzremmighausen.de\/wordpress\/wp-content\/uploads\/2018\/06\/LG_1806_text.jpg?w=400&amp;ssl=1 400w, https:\/\/i0.wp.com\/www.tuseichholzremmighausen.de\/wordpress\/wp-content\/uploads\/2018\/06\/LG_1806_text.jpg?resize=200%2C300&amp;ssl=1 200w\" sizes=\"auto, (max-width: 400px) 100vw, 400px\" \/><\/a><\/p>\n<p>Sonja Husemann (U20, 2000) nahm zusammen mit Gerrit Justin Gr\u00f6ne (M15, 2003) mehr bekannt durch Fu\u00dfball, am 16.\/17.06.2018 an den NRW-Mehrkampf-Meisterschaft in Lage teil. Sonja war zwar nicht ganz zufrieden mit ihrer Leistung, erreichte trotzdem in einer staken Riege mit 15 Teilnehmerinnen den 11. Platz im Siebenkampf mit 4.025 Punkten. Sonja hat die Quali f\u00fcr die NRW-Jugendmeisterschaft im 100m H\u00fcrden mit 15,97sec. erreicht. Gerrit wurde NRW-Vizemeister im Neunkampf mit 4.733 Punkten. Er erreichte ebenfalls die Qualifikation f\u00fcr die NRW-Jugendmeisterschaften in 80m H\u00fcrden mit 11,48 sec, in 100m Lauf mit 12,18 sec. und im Stab-Hochsprung mit 3,20m. Die Qualifikation in 80m H\u00fcrden f\u00fcr die Deutschen Meisterschaften liegt bei 11,40 sec. Er hofft sich diese am kommenden Wochenende bei den Westf\u00e4lischen Jugendmeisterschaften in Paderborn zu erlaufen. Wir dr\u00fccken ihm die Daumen.<br \/>\nZusammen mit ihm bilden Manuel David mit 4580 Punkten und Hauke Herlemann mit 4338 Punkten die Mannschaft, die zusammen mit 13651 Punkten den Meistertitel mit klarem Vorsprung vor ASC D\u00fcsseldorf schafften.<\/p>\n<p>Man achte auf die M\u00fctze, der TuS ist bei jedem Wettkampf dabei, und der TuS-Regenschirm leistet auch gute Dienste bei Sonne<\/p>\n<p>Bericht und Fotos<br \/>\nAnnett Schmid<\/p>\n<p>&nbsp;<\/p>\n","protected":false},"excerpt":{"rendered":"<p>Unsere Leichtathleten vom TuS Eichholz-Remmighausen, welche bei der LG Lippe S\u00fcd trainieren, k\u00f6nnen bis jetzt mit vielen Qualifikationen gl\u00e4nzen. So<\/p>\n","protected":false},"author":46,"featured_media":11032,"comment_status":"closed","ping_status":"open","sticky":false,"template":"","format":"standard","meta":{"colormag_page_container_layout":"default_layout","colormag_page_sidebar_layout":"default_layout","_jetpack_memberships_contains_paid_content":false,"footnotes":"","jetpack_publicize_message":"","jetpack_publicize_feature_enabled":true,"jetpack_social_post_already_shared":false,"jetpack_social_options":{"image_generator_settings":{"template":"highway","default_image_id":0,"font":"","enabled":false},"version":2}},"categories":[157],"tags":[],"class_list":["post-11031","post","type-post","status-publish","format-standard","has-post-thumbnail","hentry","category-archiv"],"jetpack_publicize_connections":[],"jetpack_featured_media_url":"https:\/\/i0.wp.com\/www.tuseichholzremmighausen.de\/wordpress\/wp-content\/uploads\/2018\/06\/LG_1806_titel.jpg?fit=800%2C445&ssl=1","jetpack_sharing_enabled":true,"_links":{"self":[{"href":"https:\/\/www.tuseichholzremmighausen.de\/wordpress\/wp-json\/wp\/v2\/posts\/11031","targetHints":{"allow":["GET"]}}],"collection":[{"href":"https:\/\/www.tuseichholzremmighausen.de\/wordpress\/wp-json\/wp\/v2\/posts"}],"about":[{"href":"https:\/\/www.tuseichholzremmighausen.de\/wordpress\/wp-json\/wp\/v2\/types\/post"}],"author":[{"embeddable":true,"href":"https:\/\/www.tuseichholzremmighausen.de\/wordpress\/wp-json\/wp\/v2\/users\/46"}],"replies":[{"embeddable":true,"href":"https:\/\/www.tuseichholzremmighausen.de\/wordpress\/wp-json\/wp\/v2\/comments?post=11031"}],"version-history":[{"count":0,"href":"https:\/\/www.tuseichholzremmighausen.de\/wordpress\/wp-json\/wp\/v2\/posts\/11031\/revisions"}],"wp:featuredmedia":[{"embeddable":true,"href":"https:\/\/www.tuseichholzremmighausen.de\/wordpress\/wp-json\/wp\/v2\/media\/11032"}],"wp:attachment":[{"href":"https:\/\/www.tuseichholzremmighausen.de\/wordpress\/wp-json\/wp\/v2\/media?parent=11031"}],"wp:term":[{"taxonomy":"category","embeddable":true,"href":"https:\/\/www.tuseichholzremmighausen.de\/wordpress\/wp-json\/wp\/v2\/categories?post=11031"},{"taxonomy":"post_tag","embeddable":true,"href":"https:\/\/www.tuseichholzremmighausen.de\/wordpress\/wp-json\/wp\/v2\/tags?post=11031"}],"curies":[{"name":"wp","href":"https:\/\/api.w.org\/{rel}","templated":true}]}}