{"id":11059,"date":"2018-07-01T22:06:11","date_gmt":"2018-07-01T20:06:11","guid":{"rendered":"https:\/\/www.tuseichholzremmighausen.de\/wordpress\/?p=11059"},"modified":"2025-01-10T11:35:53","modified_gmt":"2025-01-10T10:35:53","slug":"abschlussfest-als-sahnehaeubchen-auf-eine-tolle-saison","status":"publish","type":"post","link":"https:\/\/www.tuseichholzremmighausen.de\/wordpress\/archives\/11059","title":{"rendered":"Abschlussfest als Sahneh\u00e4ubchen auf eine tolle Saison"},"content":{"rendered":"<p>Gestern stand der Saisonabschluss der Minikicker auf dem Programm. Gemeinsam mit der F-Jugend gab es ein leckeres Grillen im Jugendheim des TuS, bei dem Ralf seine kompletten Grillk\u00fcnste darbieten konnte.<\/p>\n<p>Garniert mit den leckeren Mitbringseln der Eltern wurde beim WM-Achtelfinale zwischen Frankreich und Argentinien gegessen und mitgefiebert.<\/p>\n<p>Im Anschluss zog Ralf ein kurzes Saisonfazit eines tollen und \u00fcberaus erfolgreichen Jahres mit seinen Jungs, bevor insbesondere Ralf, Phillip und Melanie f\u00fcr ihr au\u00dfergew\u00f6hnliches Engagement rund um die Truppe gedankt wurde.<\/p>\n<p><img data-recalc-dims=\"1\" loading=\"lazy\" decoding=\"async\" data-attachment-id=\"11060\" data-permalink=\"https:\/\/www.tuseichholzremmighausen.de\/wordpress\/archives\/11059\/20180630_191721\" data-orig-file=\"https:\/\/i0.wp.com\/www.tuseichholzremmighausen.de\/wordpress\/wp-content\/uploads\/2018\/07\/20180630_191721-scaled.jpg?fit=2560%2C1440&amp;ssl=1\" data-orig-size=\"2560,1440\" data-comments-opened=\"0\" data-image-meta=\"{&quot;aperture&quot;:&quot;1.9&quot;,&quot;credit&quot;:&quot;&quot;,&quot;camera&quot;:&quot;SM-A510F&quot;,&quot;caption&quot;:&quot;&quot;,&quot;created_timestamp&quot;:&quot;1530386241&quot;,&quot;copyright&quot;:&quot;&quot;,&quot;focal_length&quot;:&quot;3.7&quot;,&quot;iso&quot;:&quot;40&quot;,&quot;shutter_speed&quot;:&quot;0.0015384615384615&quot;,&quot;title&quot;:&quot;&quot;,&quot;orientation&quot;:&quot;1&quot;}\" data-image-title=\"20180630_191721\" data-image-description=\"\" data-image-caption=\"\" data-large-file=\"https:\/\/i0.wp.com\/www.tuseichholzremmighausen.de\/wordpress\/wp-content\/uploads\/2018\/07\/20180630_191721-scaled.jpg?fit=800%2C450&amp;ssl=1\" class=\"alignnone size-full wp-image-11060\" src=\"https:\/\/i0.wp.com\/www.tuseichholzremmighausen.de\/wordpress\/wp-content\/uploads\/2018\/07\/20180630_191721.jpg?resize=800%2C450&#038;ssl=1\" alt=\"\" width=\"800\" height=\"450\" \/><\/p>\n<p>H\u00f6hepunkt des Tages war das fieberhaft erwartete Duell \u201eMinis gegen Oldies\u201c auf dem Kunstrasenplatz. Verst\u00e4rkt durch Evan im Tor und einigen M\u00fctter in der Schaltzentrale im Mittelfeld konnten die alten Hasen zwar in F\u00fchrung gehen, zur Pause stand es dann allerdings 3-1 f\u00fcr die k\u00e4mpferisch starken Minis. Nach dem Seitenwechsel kam es den Elternkickern dann zugute, dass sie nun auf das gro\u00dfe Tor st\u00fcrmen durften und so stand es nach einem hochklassigen Spiel noch Sekunden vor dem Ende 6:5 f\u00fcr die Alten, bevor die Minis mit einem satten Schuss noch den verdienten Ausgleich erzielten.<img data-recalc-dims=\"1\" loading=\"lazy\" decoding=\"async\" data-attachment-id=\"11061\" data-permalink=\"https:\/\/www.tuseichholzremmighausen.de\/wordpress\/archives\/11059\/20180630_191919\" data-orig-file=\"https:\/\/i0.wp.com\/www.tuseichholzremmighausen.de\/wordpress\/wp-content\/uploads\/2018\/07\/20180630_191919-scaled.jpg?fit=2560%2C1440&amp;ssl=1\" data-orig-size=\"2560,1440\" data-comments-opened=\"0\" data-image-meta=\"{&quot;aperture&quot;:&quot;1.9&quot;,&quot;credit&quot;:&quot;&quot;,&quot;camera&quot;:&quot;SM-A510F&quot;,&quot;caption&quot;:&quot;&quot;,&quot;created_timestamp&quot;:&quot;1530386359&quot;,&quot;copyright&quot;:&quot;&quot;,&quot;focal_length&quot;:&quot;3.7&quot;,&quot;iso&quot;:&quot;40&quot;,&quot;shutter_speed&quot;:&quot;0.0014684287812041&quot;,&quot;title&quot;:&quot;&quot;,&quot;orientation&quot;:&quot;1&quot;}\" data-image-title=\"20180630_191919\" data-image-description=\"\" data-image-caption=\"\" data-large-file=\"https:\/\/i0.wp.com\/www.tuseichholzremmighausen.de\/wordpress\/wp-content\/uploads\/2018\/07\/20180630_191919-scaled.jpg?fit=800%2C450&amp;ssl=1\" class=\"size-full wp-image-11061 alignleft\" src=\"https:\/\/i0.wp.com\/www.tuseichholzremmighausen.de\/wordpress\/wp-content\/uploads\/2018\/07\/20180630_191919.jpg?resize=800%2C450&#038;ssl=1\" alt=\"\" width=\"800\" height=\"450\" \/><img data-recalc-dims=\"1\" loading=\"lazy\" decoding=\"async\" data-attachment-id=\"11063\" data-permalink=\"https:\/\/www.tuseichholzremmighausen.de\/wordpress\/archives\/11059\/20180630_192125\" data-orig-file=\"https:\/\/i0.wp.com\/www.tuseichholzremmighausen.de\/wordpress\/wp-content\/uploads\/2018\/07\/20180630_192125-scaled.jpg?fit=2560%2C1440&amp;ssl=1\" data-orig-size=\"2560,1440\" data-comments-opened=\"0\" data-image-meta=\"{&quot;aperture&quot;:&quot;1.9&quot;,&quot;credit&quot;:&quot;&quot;,&quot;camera&quot;:&quot;SM-A510F&quot;,&quot;caption&quot;:&quot;&quot;,&quot;created_timestamp&quot;:&quot;1530386485&quot;,&quot;copyright&quot;:&quot;&quot;,&quot;focal_length&quot;:&quot;3.7&quot;,&quot;iso&quot;:&quot;40&quot;,&quot;shutter_speed&quot;:&quot;0.0017211703958692&quot;,&quot;title&quot;:&quot;&quot;,&quot;orientation&quot;:&quot;1&quot;}\" data-image-title=\"20180630_192125\" data-image-description=\"\" data-image-caption=\"\" data-large-file=\"https:\/\/i0.wp.com\/www.tuseichholzremmighausen.de\/wordpress\/wp-content\/uploads\/2018\/07\/20180630_192125-scaled.jpg?fit=800%2C450&amp;ssl=1\" class=\"alignnone size-full wp-image-11063\" src=\"https:\/\/i0.wp.com\/www.tuseichholzremmighausen.de\/wordpress\/wp-content\/uploads\/2018\/07\/20180630_192125.jpg?resize=800%2C450&#038;ssl=1\" alt=\"\" width=\"800\" height=\"450\" \/><\/p>\n<p>Im abschlie\u00dfenden Elfmeterschie\u00dfen trat dann noch einmal alles an, was trotz des kr\u00e4ftezehrenden Matches noch laufen konnte, doch Tore blieben Mangelware. Auf beiden Seiten gab es nur noch jeweils drei Akteure, bei denen die Nerven st\u00e4rker waren als der Kr\u00e4fteverschlei\u00df und so endete das Spiel mit einem spektakul\u00e4ren 9:9.<\/p>\n<p>Es bleibt zu hoffen, dass wir bis zur Neuauflage dieses Klassikers nicht bis zum Abschlussfest 2019 warten m\u00fcssen.<\/p>\n<p><img data-recalc-dims=\"1\" loading=\"lazy\" decoding=\"async\" data-attachment-id=\"11068\" data-permalink=\"https:\/\/www.tuseichholzremmighausen.de\/wordpress\/archives\/11059\/20180630_193743\" data-orig-file=\"https:\/\/i0.wp.com\/www.tuseichholzremmighausen.de\/wordpress\/wp-content\/uploads\/2018\/07\/20180630_193743-scaled.jpg?fit=2560%2C1440&amp;ssl=1\" data-orig-size=\"2560,1440\" data-comments-opened=\"0\" data-image-meta=\"{&quot;aperture&quot;:&quot;1.9&quot;,&quot;credit&quot;:&quot;&quot;,&quot;camera&quot;:&quot;SM-A510F&quot;,&quot;caption&quot;:&quot;&quot;,&quot;created_timestamp&quot;:&quot;1530387463&quot;,&quot;copyright&quot;:&quot;&quot;,&quot;focal_length&quot;:&quot;3.7&quot;,&quot;iso&quot;:&quot;40&quot;,&quot;shutter_speed&quot;:&quot;0.0020120724346076&quot;,&quot;title&quot;:&quot;&quot;,&quot;orientation&quot;:&quot;1&quot;}\" data-image-title=\"20180630_193743\" data-image-description=\"\" data-image-caption=\"\" data-large-file=\"https:\/\/i0.wp.com\/www.tuseichholzremmighausen.de\/wordpress\/wp-content\/uploads\/2018\/07\/20180630_193743-scaled.jpg?fit=800%2C450&amp;ssl=1\" class=\"alignnone size-full wp-image-11068\" src=\"https:\/\/i0.wp.com\/www.tuseichholzremmighausen.de\/wordpress\/wp-content\/uploads\/2018\/07\/20180630_193743.jpg?resize=800%2C450&#038;ssl=1\" alt=\"\" width=\"800\" height=\"450\" \/><img data-recalc-dims=\"1\" loading=\"lazy\" decoding=\"async\" data-attachment-id=\"11062\" data-permalink=\"https:\/\/www.tuseichholzremmighausen.de\/wordpress\/archives\/11059\/20180630_191943\" data-orig-file=\"https:\/\/i0.wp.com\/www.tuseichholzremmighausen.de\/wordpress\/wp-content\/uploads\/2018\/07\/20180630_191943-scaled.jpg?fit=2560%2C1440&amp;ssl=1\" data-orig-size=\"2560,1440\" data-comments-opened=\"0\" data-image-meta=\"{&quot;aperture&quot;:&quot;1.9&quot;,&quot;credit&quot;:&quot;&quot;,&quot;camera&quot;:&quot;SM-A510F&quot;,&quot;caption&quot;:&quot;&quot;,&quot;created_timestamp&quot;:&quot;1530386383&quot;,&quot;copyright&quot;:&quot;&quot;,&quot;focal_length&quot;:&quot;3.7&quot;,&quot;iso&quot;:&quot;40&quot;,&quot;shutter_speed&quot;:&quot;0.002247191011236&quot;,&quot;title&quot;:&quot;&quot;,&quot;orientation&quot;:&quot;1&quot;}\" data-image-title=\"20180630_191943\" data-image-description=\"\" data-image-caption=\"\" data-large-file=\"https:\/\/i0.wp.com\/www.tuseichholzremmighausen.de\/wordpress\/wp-content\/uploads\/2018\/07\/20180630_191943-scaled.jpg?fit=800%2C450&amp;ssl=1\" class=\"alignnone size-full wp-image-11062\" src=\"https:\/\/i0.wp.com\/www.tuseichholzremmighausen.de\/wordpress\/wp-content\/uploads\/2018\/07\/20180630_191943.jpg?resize=800%2C450&#038;ssl=1\" alt=\"\" width=\"800\" height=\"450\" \/><\/p>\n<p>Es war eine wundersch\u00f6ne Abschlussfeier!!!<\/p>\n<p>Bericht: Tobias P.<\/p>\n<p>&nbsp;<\/p>\n<p>&nbsp;<\/p>\n","protected":false},"excerpt":{"rendered":"<p>Gestern stand der Saisonabschluss der Minikicker auf dem Programm. Gemeinsam mit der F-Jugend gab es ein leckeres Grillen im Jugendheim<\/p>\n","protected":false},"author":49,"featured_media":11064,"comment_status":"closed","ping_status":"open","sticky":false,"template":"","format":"standard","meta":{"colormag_page_container_layout":"default_layout","colormag_page_sidebar_layout":"default_layout","_jetpack_memberships_contains_paid_content":false,"footnotes":"","jetpack_publicize_message":"","jetpack_publicize_feature_enabled":true,"jetpack_social_post_already_shared":false,"jetpack_social_options":{"image_generator_settings":{"template":"highway","default_image_id":0,"font":"","enabled":false},"version":2}},"categories":[157,202,158,201],"tags":[],"class_list":["post-11059","post","type-post","status-publish","format-standard","has-post-thumbnail","hentry","category-archiv","category-f-junioren","category-fb-jugend-aktuell","category-minikicker"],"jetpack_publicize_connections":[],"jetpack_featured_media_url":"https:\/\/i0.wp.com\/www.tuseichholzremmighausen.de\/wordpress\/wp-content\/uploads\/2018\/07\/20180630_192241-scaled.jpg?fit=2560%2C1440&ssl=1","jetpack_sharing_enabled":true,"_links":{"self":[{"href":"https:\/\/www.tuseichholzremmighausen.de\/wordpress\/wp-json\/wp\/v2\/posts\/11059","targetHints":{"allow":["GET"]}}],"collection":[{"href":"https:\/\/www.tuseichholzremmighausen.de\/wordpress\/wp-json\/wp\/v2\/posts"}],"about":[{"href":"https:\/\/www.tuseichholzremmighausen.de\/wordpress\/wp-json\/wp\/v2\/types\/post"}],"author":[{"embeddable":true,"href":"https:\/\/www.tuseichholzremmighausen.de\/wordpress\/wp-json\/wp\/v2\/users\/49"}],"replies":[{"embeddable":true,"href":"https:\/\/www.tuseichholzremmighausen.de\/wordpress\/wp-json\/wp\/v2\/comments?post=11059"}],"version-history":[{"count":0,"href":"https:\/\/www.tuseichholzremmighausen.de\/wordpress\/wp-json\/wp\/v2\/posts\/11059\/revisions"}],"wp:featuredmedia":[{"embeddable":true,"href":"https:\/\/www.tuseichholzremmighausen.de\/wordpress\/wp-json\/wp\/v2\/media\/11064"}],"wp:attachment":[{"href":"https:\/\/www.tuseichholzremmighausen.de\/wordpress\/wp-json\/wp\/v2\/media?parent=11059"}],"wp:term":[{"taxonomy":"category","embeddable":true,"href":"https:\/\/www.tuseichholzremmighausen.de\/wordpress\/wp-json\/wp\/v2\/categories?post=11059"},{"taxonomy":"post_tag","embeddable":true,"href":"https:\/\/www.tuseichholzremmighausen.de\/wordpress\/wp-json\/wp\/v2\/tags?post=11059"}],"curies":[{"name":"wp","href":"https:\/\/api.w.org\/{rel}","templated":true}]}}