{"id":11097,"date":"2018-07-13T22:08:43","date_gmt":"2018-07-13T20:08:43","guid":{"rendered":"https:\/\/www.tuseichholzremmighausen.de\/wordpress\/?p=11097"},"modified":"2020-09-11T20:39:58","modified_gmt":"2020-09-11T18:39:58","slug":"der-tus-und-die-dsgvo","status":"publish","type":"post","link":"https:\/\/www.tuseichholzremmighausen.de\/wordpress\/archives\/11097","title":{"rendered":"Der TuS und die DSGVO"},"content":{"rendered":"<p>Liebe Vereinsmitglieder,<br \/>\nIhr werdet in den n\u00e4chsten Wochen Post vom TuS Eichholz-Remmighausen erhalten. Wir m\u00f6chten Euch dabei \u00fcber Grunds\u00e4tzliches zur in Kraft getretenen <strong>Datenschutz-Grundverordnung<\/strong> (DSGVO) informieren. Den Brief erh\u00e4ltst Du in doppelter Ausf\u00fchrung, wobei der TuS ein Exemplar von Dir <strong>unterzeichnet<\/strong> zur\u00fcck erwartet. Auf folgendem Bild habe ich die Stellen die beachtet werden sollten gekennzeichnet:<\/p>\n<p><a href=\"https:\/\/www.tuseichholzremmighausen.de\/wordpress\/information_dsgvo\"><img data-recalc-dims=\"1\" loading=\"lazy\" decoding=\"async\" data-attachment-id=\"11096\" data-permalink=\"https:\/\/www.tuseichholzremmighausen.de\/wordpress\/archives\/11097\/information_dsgvo\" data-orig-file=\"https:\/\/i0.wp.com\/www.tuseichholzremmighausen.de\/wordpress\/wp-content\/uploads\/2018\/07\/information_dsgvo.jpg?fit=1052%2C739&amp;ssl=1\" data-orig-size=\"1052,739\" data-comments-opened=\"0\" data-image-meta=\"{&quot;aperture&quot;:&quot;0&quot;,&quot;credit&quot;:&quot;&quot;,&quot;camera&quot;:&quot;&quot;,&quot;caption&quot;:&quot;&quot;,&quot;created_timestamp&quot;:&quot;0&quot;,&quot;copyright&quot;:&quot;&quot;,&quot;focal_length&quot;:&quot;0&quot;,&quot;iso&quot;:&quot;0&quot;,&quot;shutter_speed&quot;:&quot;0&quot;,&quot;title&quot;:&quot;&quot;,&quot;orientation&quot;:&quot;0&quot;}\" data-image-title=\"information_dsgvo\" data-image-description=\"\" data-image-caption=\"\" data-large-file=\"https:\/\/i0.wp.com\/www.tuseichholzremmighausen.de\/wordpress\/wp-content\/uploads\/2018\/07\/information_dsgvo.jpg?fit=800%2C562&amp;ssl=1\" width=\"800\" height=\"562\" class=\"alignleft size-full wp-image-11096\" alt=\"\" src=\"https:\/\/i0.wp.com\/www.tuseichholzremmighausen.de\/wordpress\/wp-content\/uploads\/2018\/07\/information_dsgvo.jpg?resize=800%2C562&#038;ssl=1\" srcset=\"https:\/\/i0.wp.com\/www.tuseichholzremmighausen.de\/wordpress\/wp-content\/uploads\/2018\/07\/information_dsgvo.jpg?w=1052&amp;ssl=1 1052w, https:\/\/i0.wp.com\/www.tuseichholzremmighausen.de\/wordpress\/wp-content\/uploads\/2018\/07\/information_dsgvo.jpg?resize=600%2C421&amp;ssl=1 600w, https:\/\/i0.wp.com\/www.tuseichholzremmighausen.de\/wordpress\/wp-content\/uploads\/2018\/07\/information_dsgvo.jpg?resize=300%2C211&amp;ssl=1 300w, https:\/\/i0.wp.com\/www.tuseichholzremmighausen.de\/wordpress\/wp-content\/uploads\/2018\/07\/information_dsgvo.jpg?resize=768%2C539&amp;ssl=1 768w, https:\/\/i0.wp.com\/www.tuseichholzremmighausen.de\/wordpress\/wp-content\/uploads\/2018\/07\/information_dsgvo.jpg?resize=1024%2C719&amp;ssl=1 1024w, https:\/\/i0.wp.com\/www.tuseichholzremmighausen.de\/wordpress\/wp-content\/uploads\/2018\/07\/information_dsgvo.jpg?resize=130%2C90&amp;ssl=1 130w\" sizes=\"auto, (max-width: 800px) 100vw, 800px\" \/><\/a><\/p>\n<p>&nbsp;<\/p>\n<p>Gib den Brief bitte <strong>unterzeichnet<\/strong> an den TuS zur\u00fcck. Entweder per Post oder an den jeweiligen Trainer\/Betreuer\/Abteilungsleiter Deiner Sportgruppe. F\u00fcr eine rasche Erledigung w\u00e4ren wir dankbar. Dies w\u00fcrde dabei helfen, den Sportbetrieb und die Berichterstattung dar\u00fcber, sowie die Kommunikation untereinander in gewohnter Art auch zuk\u00fcnftig bei zu behalten.<\/p>\n","protected":false},"excerpt":{"rendered":"<p>Liebe Vereinsmitglieder, Ihr werdet in den n\u00e4chsten Wochen Post vom TuS Eichholz-Remmighausen erhalten. Wir m\u00f6chten Euch dabei \u00fcber Grunds\u00e4tzliches zur<\/p>\n","protected":false},"author":2,"featured_media":11095,"comment_status":"closed","ping_status":"open","sticky":false,"template":"","format":"standard","meta":{"colormag_page_container_layout":"default_layout","colormag_page_sidebar_layout":"default_layout","_jetpack_memberships_contains_paid_content":false,"footnotes":"","jetpack_publicize_message":"","jetpack_publicize_feature_enabled":true,"jetpack_social_post_already_shared":false,"jetpack_social_options":{"image_generator_settings":{"template":"highway","default_image_id":0,"font":"","enabled":false},"version":2}},"categories":[157],"tags":[],"class_list":["post-11097","post","type-post","status-publish","format-standard","has-post-thumbnail","hentry","category-archiv"],"jetpack_publicize_connections":[],"jetpack_featured_media_url":"https:\/\/i0.wp.com\/www.tuseichholzremmighausen.de\/wordpress\/wp-content\/uploads\/2018\/07\/dsgvo_start.jpg?fit=800%2C445&ssl=1","jetpack_sharing_enabled":true,"_links":{"self":[{"href":"https:\/\/www.tuseichholzremmighausen.de\/wordpress\/wp-json\/wp\/v2\/posts\/11097","targetHints":{"allow":["GET"]}}],"collection":[{"href":"https:\/\/www.tuseichholzremmighausen.de\/wordpress\/wp-json\/wp\/v2\/posts"}],"about":[{"href":"https:\/\/www.tuseichholzremmighausen.de\/wordpress\/wp-json\/wp\/v2\/types\/post"}],"author":[{"embeddable":true,"href":"https:\/\/www.tuseichholzremmighausen.de\/wordpress\/wp-json\/wp\/v2\/users\/2"}],"replies":[{"embeddable":true,"href":"https:\/\/www.tuseichholzremmighausen.de\/wordpress\/wp-json\/wp\/v2\/comments?post=11097"}],"version-history":[{"count":0,"href":"https:\/\/www.tuseichholzremmighausen.de\/wordpress\/wp-json\/wp\/v2\/posts\/11097\/revisions"}],"wp:featuredmedia":[{"embeddable":true,"href":"https:\/\/www.tuseichholzremmighausen.de\/wordpress\/wp-json\/wp\/v2\/media\/11095"}],"wp:attachment":[{"href":"https:\/\/www.tuseichholzremmighausen.de\/wordpress\/wp-json\/wp\/v2\/media?parent=11097"}],"wp:term":[{"taxonomy":"category","embeddable":true,"href":"https:\/\/www.tuseichholzremmighausen.de\/wordpress\/wp-json\/wp\/v2\/categories?post=11097"},{"taxonomy":"post_tag","embeddable":true,"href":"https:\/\/www.tuseichholzremmighausen.de\/wordpress\/wp-json\/wp\/v2\/tags?post=11097"}],"curies":[{"name":"wp","href":"https:\/\/api.w.org\/{rel}","templated":true}]}}