{"id":11152,"date":"2018-08-24T20:11:43","date_gmt":"2018-08-24T18:11:43","guid":{"rendered":"https:\/\/www.tuseichholzremmighausen.de\/wordpress\/?p=11152"},"modified":"2022-09-28T09:32:20","modified_gmt":"2022-09-28T07:32:20","slug":"sportfest-der-alten-herren-vom-31-08-bis-02-09-2018","status":"publish","type":"post","link":"https:\/\/www.tuseichholzremmighausen.de\/wordpress\/archives\/11152","title":{"rendered":"Sportfest der Alten Herren vom 31.08. bis 02.09.2018"},"content":{"rendered":"<p>Vom 31.08. bis 02.09.2018 findet das allj\u00e4hrliche Sportfest der Alten Herren statt.\u00a0 Auch in diesem Jahr wurde wieder ein sch\u00f6nes Programm auf die Beine gestellt:<\/p>\n<p><img data-recalc-dims=\"1\" loading=\"lazy\" decoding=\"async\" data-attachment-id=\"11150\" data-permalink=\"https:\/\/www.tuseichholzremmighausen.de\/wordpress\/archives\/11152\/plakat-altherren-2018-1\" data-orig-file=\"https:\/\/i0.wp.com\/www.tuseichholzremmighausen.de\/wordpress\/wp-content\/uploads\/2018\/08\/Plakat-Altherren-2018-1.jpg?fit=600%2C848&amp;ssl=1\" data-orig-size=\"600,848\" data-comments-opened=\"0\" data-image-meta=\"{&quot;aperture&quot;:&quot;0&quot;,&quot;credit&quot;:&quot;&quot;,&quot;camera&quot;:&quot;&quot;,&quot;caption&quot;:&quot;&quot;,&quot;created_timestamp&quot;:&quot;0&quot;,&quot;copyright&quot;:&quot;&quot;,&quot;focal_length&quot;:&quot;0&quot;,&quot;iso&quot;:&quot;0&quot;,&quot;shutter_speed&quot;:&quot;0&quot;,&quot;title&quot;:&quot;&quot;,&quot;orientation&quot;:&quot;0&quot;}\" data-image-title=\"Plakat Altherren 2018-1\" data-image-description=\"\" data-image-caption=\"\" data-large-file=\"https:\/\/i0.wp.com\/www.tuseichholzremmighausen.de\/wordpress\/wp-content\/uploads\/2018\/08\/Plakat-Altherren-2018-1.jpg?fit=600%2C848&amp;ssl=1\" class=\"alignnone size-medium wp-image-11150\" src=\"https:\/\/i0.wp.com\/www.tuseichholzremmighausen.de\/wordpress\/wp-content\/uploads\/2018\/08\/Plakat-Altherren-2018-1.jpg?resize=212%2C300&#038;ssl=1\" alt=\"\" width=\"212\" height=\"300\" srcset=\"https:\/\/i0.wp.com\/www.tuseichholzremmighausen.de\/wordpress\/wp-content\/uploads\/2018\/08\/Plakat-Altherren-2018-1.jpg?resize=212%2C300&amp;ssl=1 212w, https:\/\/i0.wp.com\/www.tuseichholzremmighausen.de\/wordpress\/wp-content\/uploads\/2018\/08\/Plakat-Altherren-2018-1.jpg?w=600&amp;ssl=1 600w\" sizes=\"auto, (max-width: 212px) 100vw, 212px\" \/><\/p>\n<p>Freitags messen sich die Hobby- und Betriebsmannschaften. Einige von den Mannschaften nehmen weite Wege auf sich um an diesem Turnier teilzunehmen. &#8222;De Droomers&#8220; reisen daf\u00fcr zum Beispiel extra aus Amsterdam an.<\/p>\n<p>F\u00fcr das \u00dc40-Masters um den Harald-Husemann-Ged\u00e4chtnispokal haben sich, neben einigen anderen namhaften Vertretern aus dem Altherren-Fu\u00dfball, auch die Alten Herren des DSC Arminia Bielefeld und des SC Paderborn angemeldet.<\/p>\n<p>Bevor im Festzelt am Samstagabend ab 19.00 Uhr wieder kr\u00e4ftig zu der Musik von DJ Frank gesungen, getanzt, getrunken und gerudert werden darf, tr\u00e4gt unsere zweite Seniorenmannschaft ihr Heimspiel gegen den SC Augustdorf III aus (im Programm ist die erste Seniorenmannschaft f\u00fcr Samstagabend angek\u00fcndigt, bitte nicht wundern) &#8211; Ansto\u00df: 18.30 Uhr.<\/p>\n<p>Sonntag ab 11 Uhr finden die \u00dc50-Stadtmeisterschaften um den Wanderpokal der Stadtwerke Detmold statt. Die neu gegr\u00fcndete dritte Seniorenmannschaft spielt am Sonntag um 13.00 Uhr gegen die SF Berlebeck-Heiligenkirchen III und unser &#8222;Flaggschiff&#8220; die erste Mannschaft spielt um 15.00 Uhr gegen\u00a0 die Zweitvertretung des SuS Pivitsheide.\u00a0 Ab 14.30 Uhr zeigen verschiedene Tanzgruppen des TuS im Festzelt ihr k\u00f6nnen. Dies war im letzten Jahr einer der Highlights!<\/p>\n<p>F\u00fcr die feste und fl\u00fcssige Verpflegung ist ausreichend gesorgt. Die Kids werden durch das Torwand schie\u00dfen, die Tombola und die H\u00fcpfburg nat\u00fcrlich auch gut besch\u00e4ftigt sein w\u00e4hrend die Erwachsenen sch\u00f6n auf unserer Sonnenterrasse chillen k\u00f6nnen!<\/p>\n<p>Also, nichts vornehmen am n\u00e4chsten Wochenende und zum Sportfest kommen! Es werden sicherlich spannende und interessante Spiele geboten! Wir freuen uns auf Euch!<\/p>\n","protected":false},"excerpt":{"rendered":"<p>Vom 31.08. bis 02.09.2018 findet das allj\u00e4hrliche Sportfest der Alten Herren statt.\u00a0 Auch in diesem Jahr wurde wieder ein sch\u00f6nes<\/p>\n","protected":false},"author":47,"featured_media":11153,"comment_status":"closed","ping_status":"open","sticky":false,"template":"","format":"standard","meta":{"colormag_page_container_layout":"default_layout","colormag_page_sidebar_layout":"default_layout","_jetpack_memberships_contains_paid_content":false,"footnotes":"","jetpack_publicize_message":"","jetpack_publicize_feature_enabled":true,"jetpack_social_post_already_shared":false,"jetpack_social_options":{"image_generator_settings":{"template":"highway","default_image_id":0,"font":"","enabled":false},"version":2}},"categories":[157],"tags":[],"class_list":["post-11152","post","type-post","status-publish","format-standard","has-post-thumbnail","hentry","category-archiv"],"jetpack_publicize_connections":[],"jetpack_featured_media_url":"https:\/\/i0.wp.com\/www.tuseichholzremmighausen.de\/wordpress\/wp-content\/uploads\/2018\/08\/Plakat-Altherren-Header.jpg?fit=594%2C266&ssl=1","jetpack_sharing_enabled":true,"_links":{"self":[{"href":"https:\/\/www.tuseichholzremmighausen.de\/wordpress\/wp-json\/wp\/v2\/posts\/11152","targetHints":{"allow":["GET"]}}],"collection":[{"href":"https:\/\/www.tuseichholzremmighausen.de\/wordpress\/wp-json\/wp\/v2\/posts"}],"about":[{"href":"https:\/\/www.tuseichholzremmighausen.de\/wordpress\/wp-json\/wp\/v2\/types\/post"}],"author":[{"embeddable":true,"href":"https:\/\/www.tuseichholzremmighausen.de\/wordpress\/wp-json\/wp\/v2\/users\/47"}],"replies":[{"embeddable":true,"href":"https:\/\/www.tuseichholzremmighausen.de\/wordpress\/wp-json\/wp\/v2\/comments?post=11152"}],"version-history":[{"count":0,"href":"https:\/\/www.tuseichholzremmighausen.de\/wordpress\/wp-json\/wp\/v2\/posts\/11152\/revisions"}],"wp:featuredmedia":[{"embeddable":true,"href":"https:\/\/www.tuseichholzremmighausen.de\/wordpress\/wp-json\/wp\/v2\/media\/11153"}],"wp:attachment":[{"href":"https:\/\/www.tuseichholzremmighausen.de\/wordpress\/wp-json\/wp\/v2\/media?parent=11152"}],"wp:term":[{"taxonomy":"category","embeddable":true,"href":"https:\/\/www.tuseichholzremmighausen.de\/wordpress\/wp-json\/wp\/v2\/categories?post=11152"},{"taxonomy":"post_tag","embeddable":true,"href":"https:\/\/www.tuseichholzremmighausen.de\/wordpress\/wp-json\/wp\/v2\/tags?post=11152"}],"curies":[{"name":"wp","href":"https:\/\/api.w.org\/{rel}","templated":true}]}}