{"id":11184,"date":"2018-09-03T20:19:35","date_gmt":"2018-09-03T18:19:35","guid":{"rendered":"https:\/\/www.tuseichholzremmighausen.de\/wordpress\/?p=11184"},"modified":"2020-09-11T20:39:57","modified_gmt":"2020-09-11T18:39:57","slug":"erste-mit-ausrufezeichen-am-sportfest","status":"publish","type":"post","link":"https:\/\/www.tuseichholzremmighausen.de\/wordpress\/archives\/11184","title":{"rendered":"Erste mit Ausrufezeichen am Sportfest"},"content":{"rendered":"<p><span style=\"font-family: Georgia, serif\">Auf dem diesj\u00e4hrigen Altherren-Sportfest war bereits einiges geboten worden und dennoch lie\u00df es sich unsere erste Mannschaft nicht zweimal bitten und sorgte mit einem starken Heimauftritt f\u00fcr ein weiteres Highlight am Sonntag. Bei gutem Wetter fanden zahlreiche Zuschauer beider Lager den Weg zum Sportplatz in Remmighausen.<br \/>\nIn den ersten Minuten waren beide Mannschaften bem\u00fcht ins Spiel zu finden und hatten jeweils schon kleine M\u00f6glichkeiten. Doch der TuS er\u00f6ffnete in der 27. Spielminute den Torregen. Mit viel Druck und tollen Spielz\u00fcgen erspielten sich unsere Jungs eine Menge Chancen und nutzten diese bereits in der 1. Halbzeit vierfach.<\/span><\/p>\n<figure id=\"attachment_11182\" aria-describedby=\"caption-attachment-11182\" style=\"width: 1200px\" class=\"wp-caption alignnone\"><img data-recalc-dims=\"1\" loading=\"lazy\" decoding=\"async\" data-attachment-id=\"11182\" data-permalink=\"https:\/\/www.tuseichholzremmighausen.de\/wordpress\/archives\/11184\/erste-2-09-3-1\" data-orig-file=\"https:\/\/i0.wp.com\/www.tuseichholzremmighausen.de\/wordpress\/wp-content\/uploads\/2018\/09\/Erste-2.09-3.1.jpg?fit=1200%2C900&amp;ssl=1\" data-orig-size=\"1200,900\" data-comments-opened=\"0\" data-image-meta=\"{&quot;aperture&quot;:&quot;0&quot;,&quot;credit&quot;:&quot;&quot;,&quot;camera&quot;:&quot;&quot;,&quot;caption&quot;:&quot;&quot;,&quot;created_timestamp&quot;:&quot;0&quot;,&quot;copyright&quot;:&quot;&quot;,&quot;focal_length&quot;:&quot;0&quot;,&quot;iso&quot;:&quot;0&quot;,&quot;shutter_speed&quot;:&quot;0&quot;,&quot;title&quot;:&quot;&quot;,&quot;orientation&quot;:&quot;0&quot;}\" data-image-title=\"Erste 2.09 3.1\" data-image-description=\"\" data-image-caption=\"&lt;p&gt;Mirko hatte heute m\u00e4chtig Bock!&lt;\/p&gt;\n\" data-large-file=\"https:\/\/i0.wp.com\/www.tuseichholzremmighausen.de\/wordpress\/wp-content\/uploads\/2018\/09\/Erste-2.09-3.1.jpg?fit=800%2C600&amp;ssl=1\" class=\"size-full wp-image-11182\" src=\"https:\/\/i0.wp.com\/www.tuseichholzremmighausen.de\/wordpress\/wp-content\/uploads\/2018\/09\/Erste-2.09-3.1.jpg?resize=800%2C600&#038;ssl=1\" alt=\"\" width=\"800\" height=\"600\" srcset=\"https:\/\/i0.wp.com\/www.tuseichholzremmighausen.de\/wordpress\/wp-content\/uploads\/2018\/09\/Erste-2.09-3.1.jpg?w=1200&amp;ssl=1 1200w, https:\/\/i0.wp.com\/www.tuseichholzremmighausen.de\/wordpress\/wp-content\/uploads\/2018\/09\/Erste-2.09-3.1.jpg?resize=600%2C450&amp;ssl=1 600w, https:\/\/i0.wp.com\/www.tuseichholzremmighausen.de\/wordpress\/wp-content\/uploads\/2018\/09\/Erste-2.09-3.1.jpg?resize=300%2C225&amp;ssl=1 300w, https:\/\/i0.wp.com\/www.tuseichholzremmighausen.de\/wordpress\/wp-content\/uploads\/2018\/09\/Erste-2.09-3.1.jpg?resize=768%2C576&amp;ssl=1 768w, https:\/\/i0.wp.com\/www.tuseichholzremmighausen.de\/wordpress\/wp-content\/uploads\/2018\/09\/Erste-2.09-3.1.jpg?resize=1024%2C768&amp;ssl=1 1024w\" sizes=\"auto, (max-width: 800px) 100vw, 800px\" \/><figcaption id=\"caption-attachment-11182\" class=\"wp-caption-text\">Mirko hatte heute m\u00e4chtig Bock!<\/figcaption><\/figure>\n<p><span style=\"font-family: Georgia, serif\">Auch wenn das Ergebnis bereits zur Pause deutlich ausfiel, war auch der SuS immer wieder mit im Spiel.<br \/>\nNach dem Pausengetr\u00e4nk wurde der Gast aus Pivitsheide dann noch einmal st\u00e4rker und unsere Erste nahm augenscheinlich einen Gang raus. Dennoch wurden auch auf der TuS-Seite einige weitere Chancen heraus gespielt, welche aber zu n\u00e4chst nicht den Weg ins Tor fanden. Erst als Keeper Jean-Marc Krumme einen Freisto\u00df der G\u00e4ste mit einer sehenswerten Parade entsch\u00e4rfte, waren die M\u00e4nner in Gr\u00fcn und Wei\u00df wieder wachger\u00fcttelt. In den nachfolgenden Minuten waren Mirko R\u00f6hl und Jan Lukas zur Stelle und schraubten das Ergebnis auf 6:0 in die H\u00f6he.<\/p>\n<p><b>Torsch\u00fctzen:<br \/>\n<\/b>2x Mirko R\u00f6hl (27\u00b4,83\u00b4)<br \/>\n2x Jannik Rother (34\u00b4,42\u00b4)<br \/>\nChristopher Jabs (28\u00b4)<br \/>\nJan Lukas (88\u00b4)<\/p>\n<p><b>Fazit:<br \/>\n<\/b>Mit einer starken Leistung setzt sich die Erste deutlich gegen den SuS Pivitsheide II durch. Mit viel Spa\u00df am Spiel zeigen die Jungs den anwesenden Zuschauern sch\u00f6nen Fu\u00dfball und gewinnen am Ende sicherlich nicht unverdient.<\/span><\/p>\n","protected":false},"excerpt":{"rendered":"<p>Auf dem diesj\u00e4hrigen Altherren-Sportfest war bereits einiges geboten worden und dennoch lie\u00df es sich unsere erste Mannschaft nicht zweimal bitten<\/p>\n","protected":false},"author":48,"featured_media":11183,"comment_status":"closed","ping_status":"open","sticky":false,"template":"","format":"standard","meta":{"colormag_page_container_layout":"default_layout","colormag_page_sidebar_layout":"default_layout","_jetpack_memberships_contains_paid_content":false,"footnotes":"","jetpack_publicize_message":"","jetpack_publicize_feature_enabled":true,"jetpack_social_post_already_shared":false,"jetpack_social_options":{"image_generator_settings":{"template":"highway","default_image_id":0,"font":"","enabled":false},"version":2}},"categories":[157],"tags":[183,178],"class_list":["post-11184","post","type-post","status-publish","format-standard","has-post-thumbnail","hentry","category-archiv","tag-erste","tag-fussball"],"jetpack_publicize_connections":[],"jetpack_featured_media_url":"https:\/\/i0.wp.com\/www.tuseichholzremmighausen.de\/wordpress\/wp-content\/uploads\/2018\/09\/Erste-2.09-T.jpg?fit=1200%2C900&ssl=1","jetpack_sharing_enabled":true,"_links":{"self":[{"href":"https:\/\/www.tuseichholzremmighausen.de\/wordpress\/wp-json\/wp\/v2\/posts\/11184","targetHints":{"allow":["GET"]}}],"collection":[{"href":"https:\/\/www.tuseichholzremmighausen.de\/wordpress\/wp-json\/wp\/v2\/posts"}],"about":[{"href":"https:\/\/www.tuseichholzremmighausen.de\/wordpress\/wp-json\/wp\/v2\/types\/post"}],"author":[{"embeddable":true,"href":"https:\/\/www.tuseichholzremmighausen.de\/wordpress\/wp-json\/wp\/v2\/users\/48"}],"replies":[{"embeddable":true,"href":"https:\/\/www.tuseichholzremmighausen.de\/wordpress\/wp-json\/wp\/v2\/comments?post=11184"}],"version-history":[{"count":0,"href":"https:\/\/www.tuseichholzremmighausen.de\/wordpress\/wp-json\/wp\/v2\/posts\/11184\/revisions"}],"wp:featuredmedia":[{"embeddable":true,"href":"https:\/\/www.tuseichholzremmighausen.de\/wordpress\/wp-json\/wp\/v2\/media\/11183"}],"wp:attachment":[{"href":"https:\/\/www.tuseichholzremmighausen.de\/wordpress\/wp-json\/wp\/v2\/media?parent=11184"}],"wp:term":[{"taxonomy":"category","embeddable":true,"href":"https:\/\/www.tuseichholzremmighausen.de\/wordpress\/wp-json\/wp\/v2\/categories?post=11184"},{"taxonomy":"post_tag","embeddable":true,"href":"https:\/\/www.tuseichholzremmighausen.de\/wordpress\/wp-json\/wp\/v2\/tags?post=11184"}],"curies":[{"name":"wp","href":"https:\/\/api.w.org\/{rel}","templated":true}]}}