{"id":11300,"date":"2018-09-27T17:39:09","date_gmt":"2018-09-27T15:39:09","guid":{"rendered":"https:\/\/www.tuseichholzremmighausen.de\/wordpress\/?p=11300"},"modified":"2020-09-11T20:39:57","modified_gmt":"2020-09-11T18:39:57","slug":"jugend-2x-test-vs-kreisauswahl-lemgo","status":"publish","type":"post","link":"https:\/\/www.tuseichholzremmighausen.de\/wordpress\/archives\/11300","title":{"rendered":"Jugend &#8211; 2X Test vs Kreisauswahl Lemgo"},"content":{"rendered":"<p>Am vergangenen Montag Abend reiste die Jugend des TuS mit 2 Teams (D-Jugend und C-Juniorinnen) nach Vo\u00dfheide. Die D-Junioren testeten mit ihrem j\u00fcngeren Jahrgang gegen die U13-M\u00e4dchen-Auswahl des Kreises Lemgo.<\/p>\n<figure id=\"attachment_11302\" aria-describedby=\"caption-attachment-11302\" style=\"width: 1200px\" class=\"wp-caption alignnone\"><img data-recalc-dims=\"1\" loading=\"lazy\" decoding=\"async\" data-attachment-id=\"11302\" data-permalink=\"https:\/\/www.tuseichholzremmighausen.de\/wordpress\/archives\/11300\/fb_d-junioren_180924_002\" data-orig-file=\"https:\/\/i0.wp.com\/www.tuseichholzremmighausen.de\/wordpress\/wp-content\/uploads\/2018\/09\/fb_d-junioren_180924_002.jpg?fit=1200%2C676&amp;ssl=1\" data-orig-size=\"1200,676\" data-comments-opened=\"0\" data-image-meta=\"{&quot;aperture&quot;:&quot;2&quot;,&quot;credit&quot;:&quot;Rolf Gehrke&quot;,&quot;camera&quot;:&quot;Canon EOS 70D&quot;,&quot;caption&quot;:&quot;&quot;,&quot;created_timestamp&quot;:&quot;1537808025&quot;,&quot;copyright&quot;:&quot;Rolf Gehrke 2017&quot;,&quot;focal_length&quot;:&quot;85&quot;,&quot;iso&quot;:&quot;800&quot;,&quot;shutter_speed&quot;:&quot;0.000625&quot;,&quot;title&quot;:&quot;&quot;,&quot;orientation&quot;:&quot;1&quot;}\" data-image-title=\"fb_d-junioren_180924_002\" data-image-description=\"\" data-image-caption=\"&lt;p&gt;Gr\u00fcn-Wei\u00df gefordert von U13 M\u00e4dels aus Lemgo&lt;\/p&gt;\n\" data-large-file=\"https:\/\/i0.wp.com\/www.tuseichholzremmighausen.de\/wordpress\/wp-content\/uploads\/2018\/09\/fb_d-junioren_180924_002.jpg?fit=800%2C451&amp;ssl=1\" width=\"800\" height=\"451\" class=\"size-full wp-image-11302\" alt=\"Gr\u00fcn-Wei\u00df gefordert von U13 M\u00e4dels aus Lemgo\" src=\"https:\/\/i0.wp.com\/www.tuseichholzremmighausen.de\/wordpress\/wp-content\/uploads\/2018\/09\/fb_d-junioren_180924_002.jpg?resize=800%2C451&#038;ssl=1\" srcset=\"https:\/\/i0.wp.com\/www.tuseichholzremmighausen.de\/wordpress\/wp-content\/uploads\/2018\/09\/fb_d-junioren_180924_002.jpg?w=1200&amp;ssl=1 1200w, https:\/\/i0.wp.com\/www.tuseichholzremmighausen.de\/wordpress\/wp-content\/uploads\/2018\/09\/fb_d-junioren_180924_002.jpg?resize=600%2C338&amp;ssl=1 600w, https:\/\/i0.wp.com\/www.tuseichholzremmighausen.de\/wordpress\/wp-content\/uploads\/2018\/09\/fb_d-junioren_180924_002.jpg?resize=300%2C169&amp;ssl=1 300w, https:\/\/i0.wp.com\/www.tuseichholzremmighausen.de\/wordpress\/wp-content\/uploads\/2018\/09\/fb_d-junioren_180924_002.jpg?resize=768%2C433&amp;ssl=1 768w, https:\/\/i0.wp.com\/www.tuseichholzremmighausen.de\/wordpress\/wp-content\/uploads\/2018\/09\/fb_d-junioren_180924_002.jpg?resize=1024%2C577&amp;ssl=1 1024w\" sizes=\"auto, (max-width: 800px) 100vw, 800px\" \/><figcaption id=\"caption-attachment-11302\" class=\"wp-caption-text\">Gr\u00fcn-Wei\u00df gefordert von U13 M\u00e4dels aus Lemgo<\/figcaption><\/figure>\n<p>Gespielt wurde vom 16er zu 16er, also schon eine andere Feldausrichtung als die gewohnte&#8230; Nach einem ansehnlichen Spiel, in dem sich beide Mannschaften nix schenkten, setzte sich der TuS nach 2:0-Halbzeitf\u00fchrung am Ende mit einem 3:1 durch.<\/p>\n<figure id=\"attachment_11303\" aria-describedby=\"caption-attachment-11303\" style=\"width: 1200px\" class=\"wp-caption alignnone\"><img data-recalc-dims=\"1\" loading=\"lazy\" decoding=\"async\" data-attachment-id=\"11303\" data-permalink=\"https:\/\/www.tuseichholzremmighausen.de\/wordpress\/archives\/11300\/fb_d-junioren_180924_003\" data-orig-file=\"https:\/\/i0.wp.com\/www.tuseichholzremmighausen.de\/wordpress\/wp-content\/uploads\/2018\/09\/fb_d-junioren_180924_003.jpg?fit=1200%2C676&amp;ssl=1\" data-orig-size=\"1200,676\" data-comments-opened=\"0\" data-image-meta=\"{&quot;aperture&quot;:&quot;2&quot;,&quot;credit&quot;:&quot;Rolf Gehrke&quot;,&quot;camera&quot;:&quot;Canon EOS 70D&quot;,&quot;caption&quot;:&quot;&quot;,&quot;created_timestamp&quot;:&quot;1537808079&quot;,&quot;copyright&quot;:&quot;Rolf Gehrke 2017&quot;,&quot;focal_length&quot;:&quot;85&quot;,&quot;iso&quot;:&quot;800&quot;,&quot;shutter_speed&quot;:&quot;0.000625&quot;,&quot;title&quot;:&quot;&quot;,&quot;orientation&quot;:&quot;1&quot;}\" data-image-title=\"fb_d-junioren_180924_003\" data-image-description=\"\" data-image-caption=\"&lt;p&gt;Laufduelle und Zweik\u00e4mpfe auf Augenh\u00f6he&lt;\/p&gt;\n\" data-large-file=\"https:\/\/i0.wp.com\/www.tuseichholzremmighausen.de\/wordpress\/wp-content\/uploads\/2018\/09\/fb_d-junioren_180924_003.jpg?fit=800%2C451&amp;ssl=1\" width=\"800\" height=\"451\" class=\"size-full wp-image-11303\" alt=\"Laufduelle und Zweik\u00e4mpfe auf Augenh\u00f6he\" src=\"https:\/\/i0.wp.com\/www.tuseichholzremmighausen.de\/wordpress\/wp-content\/uploads\/2018\/09\/fb_d-junioren_180924_003.jpg?resize=800%2C451&#038;ssl=1\" srcset=\"https:\/\/i0.wp.com\/www.tuseichholzremmighausen.de\/wordpress\/wp-content\/uploads\/2018\/09\/fb_d-junioren_180924_003.jpg?w=1200&amp;ssl=1 1200w, https:\/\/i0.wp.com\/www.tuseichholzremmighausen.de\/wordpress\/wp-content\/uploads\/2018\/09\/fb_d-junioren_180924_003.jpg?resize=600%2C338&amp;ssl=1 600w, https:\/\/i0.wp.com\/www.tuseichholzremmighausen.de\/wordpress\/wp-content\/uploads\/2018\/09\/fb_d-junioren_180924_003.jpg?resize=300%2C169&amp;ssl=1 300w, https:\/\/i0.wp.com\/www.tuseichholzremmighausen.de\/wordpress\/wp-content\/uploads\/2018\/09\/fb_d-junioren_180924_003.jpg?resize=768%2C433&amp;ssl=1 768w, https:\/\/i0.wp.com\/www.tuseichholzremmighausen.de\/wordpress\/wp-content\/uploads\/2018\/09\/fb_d-junioren_180924_003.jpg?resize=1024%2C577&amp;ssl=1 1024w\" sizes=\"auto, (max-width: 800px) 100vw, 800px\" \/><figcaption id=\"caption-attachment-11303\" class=\"wp-caption-text\">Laufduelle und Zweik\u00e4mpfe auf Augenh\u00f6he<\/figcaption><\/figure>\n<p>Im Anschluss daran gab es f\u00fcr die Eichholzer C-Juniorinnen gegen die U15-M\u00e4dchen-Auswahl der Lemgoer eine neue Herausforderung: Fu\u00dfball auf ganzem Feld und dazu mit 11er Mannschaften! Einen besonderen Reiz erhielt die Begegnung, da die Lemgoer Kreisauswahl zuletzt f\u00fcr Furore auf den Landesturnieren der Auswahlmannschaften sorgte.<\/p>\n<figure id=\"attachment_11304\" aria-describedby=\"caption-attachment-11304\" style=\"width: 1200px\" class=\"wp-caption alignnone\"><img data-recalc-dims=\"1\" loading=\"lazy\" decoding=\"async\" data-attachment-id=\"11304\" data-permalink=\"https:\/\/www.tuseichholzremmighausen.de\/wordpress\/archives\/11300\/fb_c-juniorinnen_180924_003\" data-orig-file=\"https:\/\/i0.wp.com\/www.tuseichholzremmighausen.de\/wordpress\/wp-content\/uploads\/2018\/09\/fb_c-juniorinnen_180924_003.jpg?fit=1200%2C800&amp;ssl=1\" data-orig-size=\"1200,800\" data-comments-opened=\"0\" data-image-meta=\"{&quot;aperture&quot;:&quot;2&quot;,&quot;credit&quot;:&quot;Rolf Gehrke&quot;,&quot;camera&quot;:&quot;Canon EOS 70D&quot;,&quot;caption&quot;:&quot;&quot;,&quot;created_timestamp&quot;:&quot;1537809262&quot;,&quot;copyright&quot;:&quot;Rolf Gehrke 2017&quot;,&quot;focal_length&quot;:&quot;85&quot;,&quot;iso&quot;:&quot;1250&quot;,&quot;shutter_speed&quot;:&quot;0.0008&quot;,&quot;title&quot;:&quot;&quot;,&quot;orientation&quot;:&quot;1&quot;}\" data-image-title=\"fb_c-juniorinnen_180924_003\" data-image-description=\"\" data-image-caption=\"&lt;p&gt;B\u00e4renstark! Anna-Maria bis zu ihrer Verletzung mit sehenswerten Paraden&lt;\/p&gt;\n\" data-large-file=\"https:\/\/i0.wp.com\/www.tuseichholzremmighausen.de\/wordpress\/wp-content\/uploads\/2018\/09\/fb_c-juniorinnen_180924_003.jpg?fit=800%2C534&amp;ssl=1\" width=\"800\" height=\"533\" class=\"size-full wp-image-11304\" alt=\"B\u00e4renstark! Anna-Maria bis zu ihrer Verletzung mit sehenswerten Paraden\" src=\"https:\/\/i0.wp.com\/www.tuseichholzremmighausen.de\/wordpress\/wp-content\/uploads\/2018\/09\/fb_c-juniorinnen_180924_003.jpg?resize=800%2C533&#038;ssl=1\" srcset=\"https:\/\/i0.wp.com\/www.tuseichholzremmighausen.de\/wordpress\/wp-content\/uploads\/2018\/09\/fb_c-juniorinnen_180924_003.jpg?w=1200&amp;ssl=1 1200w, https:\/\/i0.wp.com\/www.tuseichholzremmighausen.de\/wordpress\/wp-content\/uploads\/2018\/09\/fb_c-juniorinnen_180924_003.jpg?resize=600%2C400&amp;ssl=1 600w, https:\/\/i0.wp.com\/www.tuseichholzremmighausen.de\/wordpress\/wp-content\/uploads\/2018\/09\/fb_c-juniorinnen_180924_003.jpg?resize=300%2C200&amp;ssl=1 300w, https:\/\/i0.wp.com\/www.tuseichholzremmighausen.de\/wordpress\/wp-content\/uploads\/2018\/09\/fb_c-juniorinnen_180924_003.jpg?resize=768%2C512&amp;ssl=1 768w, https:\/\/i0.wp.com\/www.tuseichholzremmighausen.de\/wordpress\/wp-content\/uploads\/2018\/09\/fb_c-juniorinnen_180924_003.jpg?resize=1024%2C683&amp;ssl=1 1024w\" sizes=\"auto, (max-width: 800px) 100vw, 800px\" \/><figcaption id=\"caption-attachment-11304\" class=\"wp-caption-text\">B\u00e4renstark! Anna-Maria bis zu ihrer Verletzung mit sehenswerten Paraden<\/figcaption><\/figure>\n<p>Im Nachbarkreis gibt es aber keine C-Juniorinnen Staffel- die einzige Mannschaft JSG Donop-Vo\u00dfheide spielt bekannter Weise in unserer Paderborn\/Detmold-Staffel und konnte am vergangenen Samstag klar mit 11:0 bezwungen werden.&nbsp; Die M\u00e4dels der Auswahlmannschaft kicken vorwiegend entweder in Jungenmannschaften oder in M\u00e4dchenmannschaften, die in die jeweiligen Jugendstaffeln integriert wurden. Gerade auf dem schwierigen Gel\u00e4uf in Vo\u00dfheide war die k\u00f6rperliche \u00dcberlegenheit der Gastgeberinnen ausschlaggebend f\u00fcr die optische \u00dcberlegenheit in der Partie. Das ganz in Gr\u00fcn gekleidete Auswahlteam verf\u00fcgte zudem \u00fcber den kr\u00e4ftigeren Abschluss, was gerade auf dem tiefen und holprigen Naturrasen eminent wichtig war.<\/p>\n<figure id=\"attachment_11305\" aria-describedby=\"caption-attachment-11305\" style=\"width: 1200px\" class=\"wp-caption alignnone\"><img data-recalc-dims=\"1\" loading=\"lazy\" decoding=\"async\" data-attachment-id=\"11305\" data-permalink=\"https:\/\/www.tuseichholzremmighausen.de\/wordpress\/archives\/11300\/fb_c-juniorinnen_180924_004\" data-orig-file=\"https:\/\/i0.wp.com\/www.tuseichholzremmighausen.de\/wordpress\/wp-content\/uploads\/2018\/09\/fb_c-juniorinnen_180924_004.jpg?fit=1200%2C675&amp;ssl=1\" data-orig-size=\"1200,675\" data-comments-opened=\"0\" data-image-meta=\"{&quot;aperture&quot;:&quot;2&quot;,&quot;credit&quot;:&quot;Rolf Gehrke&quot;,&quot;camera&quot;:&quot;Canon EOS 70D&quot;,&quot;caption&quot;:&quot;&quot;,&quot;created_timestamp&quot;:&quot;1537811070&quot;,&quot;copyright&quot;:&quot;Rolf Gehrke 2017&quot;,&quot;focal_length&quot;:&quot;85&quot;,&quot;iso&quot;:&quot;1600&quot;,&quot;shutter_speed&quot;:&quot;0.0004&quot;,&quot;title&quot;:&quot;&quot;,&quot;orientation&quot;:&quot;1&quot;}\" data-image-title=\"fb_c-juniorinnen_180924_004\" data-image-description=\"\" data-image-caption=\"&lt;p&gt;Madlen ersetzt Anna-Maria sp\u00e4ter zwischen den Pfosten&lt;\/p&gt;\n\" data-large-file=\"https:\/\/i0.wp.com\/www.tuseichholzremmighausen.de\/wordpress\/wp-content\/uploads\/2018\/09\/fb_c-juniorinnen_180924_004.jpg?fit=800%2C450&amp;ssl=1\" width=\"800\" height=\"450\" class=\"size-full wp-image-11305\" alt=\"Madlen ersetzt Anna-Maria sp\u00e4ter zwischen den Pfosten\" src=\"https:\/\/i0.wp.com\/www.tuseichholzremmighausen.de\/wordpress\/wp-content\/uploads\/2018\/09\/fb_c-juniorinnen_180924_004.jpg?resize=800%2C450&#038;ssl=1\" srcset=\"https:\/\/i0.wp.com\/www.tuseichholzremmighausen.de\/wordpress\/wp-content\/uploads\/2018\/09\/fb_c-juniorinnen_180924_004.jpg?w=1200&amp;ssl=1 1200w, https:\/\/i0.wp.com\/www.tuseichholzremmighausen.de\/wordpress\/wp-content\/uploads\/2018\/09\/fb_c-juniorinnen_180924_004.jpg?resize=600%2C338&amp;ssl=1 600w, https:\/\/i0.wp.com\/www.tuseichholzremmighausen.de\/wordpress\/wp-content\/uploads\/2018\/09\/fb_c-juniorinnen_180924_004.jpg?resize=300%2C169&amp;ssl=1 300w, https:\/\/i0.wp.com\/www.tuseichholzremmighausen.de\/wordpress\/wp-content\/uploads\/2018\/09\/fb_c-juniorinnen_180924_004.jpg?resize=768%2C432&amp;ssl=1 768w, https:\/\/i0.wp.com\/www.tuseichholzremmighausen.de\/wordpress\/wp-content\/uploads\/2018\/09\/fb_c-juniorinnen_180924_004.jpg?resize=1024%2C576&amp;ssl=1 1024w\" sizes=\"auto, (max-width: 800px) 100vw, 800px\" \/><figcaption id=\"caption-attachment-11305\" class=\"wp-caption-text\">Madlen, zun\u00e4chst m Feld, ersetzt Anna-Maria sp\u00e4ter zwischen den Pfosten<\/figcaption><\/figure>\n<p>Nat\u00fcrlich erspielte sich auch der TuS etliche hochkar\u00e4tige Torchancen, belohnte sich aber leider nicht mit einem Treffer, der sicher mehr als verdient gewesen w\u00e4re. Im Defensivverbund stand Gr\u00fcn-Wei\u00df erwartungsgem\u00e4\u00df stabil und forderte der Auswahlmannschaft alles ab. Nach einem guten Spiel auf Augenh\u00f6he setzte sich die Kreisauswahl Lemgo mit 3:0 durch. Verantwortliche, Betreuer und Fans dieses tollen Events waren sich einig: Eine Wiederholung der Testspiele, dann in Remmighausen -Flutlicht vorhanden!!!&nbsp; \ud83d\ude42 &#8211;&nbsp; ist quasi schon in Planung. &nbsp; &nbsp; &nbsp;<\/p>\n","protected":false},"excerpt":{"rendered":"<p>Jugend testet gegen Lemgoer Auswahlen<\/p>\n","protected":false},"author":16,"featured_media":11301,"comment_status":"closed","ping_status":"open","sticky":false,"template":"","format":"standard","meta":{"colormag_page_container_layout":"default_layout","colormag_page_sidebar_layout":"default_layout","_jetpack_memberships_contains_paid_content":false,"footnotes":"","jetpack_publicize_message":"","jetpack_publicize_feature_enabled":true,"jetpack_social_post_already_shared":true,"jetpack_social_options":{"image_generator_settings":{"template":"highway","default_image_id":0,"font":"","enabled":false},"version":2}},"categories":[157,158],"tags":[],"class_list":["post-11300","post","type-post","status-publish","format-standard","has-post-thumbnail","hentry","category-archiv","category-fb-jugend-aktuell"],"jetpack_publicize_connections":[],"jetpack_featured_media_url":"https:\/\/i0.wp.com\/www.tuseichholzremmighausen.de\/wordpress\/wp-content\/uploads\/2018\/09\/fb_d-junioren_180924_001.jpg?fit=1200%2C676&ssl=1","jetpack_sharing_enabled":true,"_links":{"self":[{"href":"https:\/\/www.tuseichholzremmighausen.de\/wordpress\/wp-json\/wp\/v2\/posts\/11300","targetHints":{"allow":["GET"]}}],"collection":[{"href":"https:\/\/www.tuseichholzremmighausen.de\/wordpress\/wp-json\/wp\/v2\/posts"}],"about":[{"href":"https:\/\/www.tuseichholzremmighausen.de\/wordpress\/wp-json\/wp\/v2\/types\/post"}],"author":[{"embeddable":true,"href":"https:\/\/www.tuseichholzremmighausen.de\/wordpress\/wp-json\/wp\/v2\/users\/16"}],"replies":[{"embeddable":true,"href":"https:\/\/www.tuseichholzremmighausen.de\/wordpress\/wp-json\/wp\/v2\/comments?post=11300"}],"version-history":[{"count":0,"href":"https:\/\/www.tuseichholzremmighausen.de\/wordpress\/wp-json\/wp\/v2\/posts\/11300\/revisions"}],"wp:featuredmedia":[{"embeddable":true,"href":"https:\/\/www.tuseichholzremmighausen.de\/wordpress\/wp-json\/wp\/v2\/media\/11301"}],"wp:attachment":[{"href":"https:\/\/www.tuseichholzremmighausen.de\/wordpress\/wp-json\/wp\/v2\/media?parent=11300"}],"wp:term":[{"taxonomy":"category","embeddable":true,"href":"https:\/\/www.tuseichholzremmighausen.de\/wordpress\/wp-json\/wp\/v2\/categories?post=11300"},{"taxonomy":"post_tag","embeddable":true,"href":"https:\/\/www.tuseichholzremmighausen.de\/wordpress\/wp-json\/wp\/v2\/tags?post=11300"}],"curies":[{"name":"wp","href":"https:\/\/api.w.org\/{rel}","templated":true}]}}