{"id":11338,"date":"2018-10-16T19:02:11","date_gmt":"2018-10-16T17:02:11","guid":{"rendered":"https:\/\/www.tuseichholzremmighausen.de\/wordpress\/?p=11338"},"modified":"2020-09-11T20:39:56","modified_gmt":"2020-09-11T18:39:56","slug":"trainerruecktritt","status":"publish","type":"post","link":"https:\/\/www.tuseichholzremmighausen.de\/wordpress\/archives\/11338","title":{"rendered":"Trainerr\u00fccktritt"},"content":{"rendered":"<p>Am vergangenen Sonntag haben Mathias Hening und Jan Eskuchen, nach dem sehr erfolgreichen Spiel der ersten, Frank Herrmann und mich dar\u00fcber informiert, dass sie mit sofortiger Wirkung, aus rein sportlichen Gr\u00fcnden, von ihrem Traineramt zur\u00fcck treten. Es wurden einige Gr\u00fcnde genannt die zu dieser Entscheidung gef\u00fchrt haben. Wir h\u00e4tten uns gew\u00fcnscht, dass Matze &amp;amp; Jan die erste weiter gecoacht und in die Kreisliga A gef\u00fchrt h\u00e4tten. Leider lie\u00dfen sich beide nicht umstimmen. Jan wird weiterhin in der ersten kicken und bei Matze w\u00fcrden wir uns w\u00fcnschen, dass er dem TuS ebenfalls, als Trainer oder Spieler, erhalten bleibt!&amp;nbsp; Wir danken beiden f\u00fcr die immer sehr offene, konstruktive Zusammenarbeit und f\u00fcr die beim TuS geleistete Arbeit!<\/p>\n<p>Die erste wird ab sofort von Tim Hosch und Marco Barkowski gecoacht. Wir freuen uns sehr, dass wir erneut ein junges, kompetentes und motiviertes Trainergespann f\u00fcr die erste finden konnten und w\u00fcnschen den beiden viel Gl\u00fcck und vor allem Erfolg!<\/p>\n<p>Dirk Rose<br \/>\nAbteilungsleiter Fu\u00dfball im TuS Eichholz-Remmighausen e.V.<\/p>\n","protected":false},"excerpt":{"rendered":"<p>Am vergangenen Sonntag haben Mathias Hening und Jan Eskuchen, nach dem sehr erfolgreichen Spiel der ersten, Frank Herrmann und mich<\/p>\n","protected":false},"author":47,"featured_media":11341,"comment_status":"closed","ping_status":"open","sticky":false,"template":"","format":"standard","meta":{"colormag_page_container_layout":"default_layout","colormag_page_sidebar_layout":"default_layout","_jetpack_memberships_contains_paid_content":false,"footnotes":"","jetpack_publicize_message":"","jetpack_publicize_feature_enabled":true,"jetpack_social_post_already_shared":true,"jetpack_social_options":{"image_generator_settings":{"template":"highway","default_image_id":0,"font":"","enabled":false},"version":2}},"categories":[157,159],"tags":[],"class_list":["post-11338","post","type-post","status-publish","format-standard","has-post-thumbnail","hentry","category-archiv","category-fb-senioren-aktuell"],"jetpack_publicize_connections":[],"jetpack_featured_media_url":"https:\/\/i0.wp.com\/www.tuseichholzremmighausen.de\/wordpress\/wp-content\/uploads\/2018\/10\/gr%C3%BCn.jpg?fit=800%2C600&ssl=1","jetpack_sharing_enabled":true,"_links":{"self":[{"href":"https:\/\/www.tuseichholzremmighausen.de\/wordpress\/wp-json\/wp\/v2\/posts\/11338","targetHints":{"allow":["GET"]}}],"collection":[{"href":"https:\/\/www.tuseichholzremmighausen.de\/wordpress\/wp-json\/wp\/v2\/posts"}],"about":[{"href":"https:\/\/www.tuseichholzremmighausen.de\/wordpress\/wp-json\/wp\/v2\/types\/post"}],"author":[{"embeddable":true,"href":"https:\/\/www.tuseichholzremmighausen.de\/wordpress\/wp-json\/wp\/v2\/users\/47"}],"replies":[{"embeddable":true,"href":"https:\/\/www.tuseichholzremmighausen.de\/wordpress\/wp-json\/wp\/v2\/comments?post=11338"}],"version-history":[{"count":0,"href":"https:\/\/www.tuseichholzremmighausen.de\/wordpress\/wp-json\/wp\/v2\/posts\/11338\/revisions"}],"wp:featuredmedia":[{"embeddable":true,"href":"https:\/\/www.tuseichholzremmighausen.de\/wordpress\/wp-json\/wp\/v2\/media\/11341"}],"wp:attachment":[{"href":"https:\/\/www.tuseichholzremmighausen.de\/wordpress\/wp-json\/wp\/v2\/media?parent=11338"}],"wp:term":[{"taxonomy":"category","embeddable":true,"href":"https:\/\/www.tuseichholzremmighausen.de\/wordpress\/wp-json\/wp\/v2\/categories?post=11338"},{"taxonomy":"post_tag","embeddable":true,"href":"https:\/\/www.tuseichholzremmighausen.de\/wordpress\/wp-json\/wp\/v2\/tags?post=11338"}],"curies":[{"name":"wp","href":"https:\/\/api.w.org\/{rel}","templated":true}]}}