{"id":11447,"date":"2018-12-30T21:21:51","date_gmt":"2018-12-30T20:21:51","guid":{"rendered":"https:\/\/www.tuseichholzremmighausen.de\/wordpress\/?p=11447"},"modified":"2020-09-11T20:39:56","modified_gmt":"2020-09-11T18:39:56","slug":"turnier-feuerwerk-der-maedels-zum-jahresausklang","status":"publish","type":"post","link":"https:\/\/www.tuseichholzremmighausen.de\/wordpress\/archives\/11447","title":{"rendered":"Turnier-Feuerwerk der M\u00e4dels zum Jahresausklang"},"content":{"rendered":"<p>Nach dem Turniersieg am Donnerstag in Halle ging es mit nur wenig Erholung zum Hallenturnier des Delbr\u00fccker SC. Mit FSV G\u00fctersloh (sp\u00e4terer Turniersieger) und DSC Arminia Bielefeld (2:2 in der Vorrunde) zeigten sich Vertretungen der ostwestf\u00e4lischen Frauen- und M\u00e4dchenfu\u00dfball-Aush\u00e4ngeschilder vom K\u00f6nnen der Eichholzer C-Juniorinnen (Platz 4) durchaus beeindruckt. Dar\u00fcber hinaus komplettierten der SV Lippstadt, FC M\u00f6nninghausen, BSV F\u00fcrstenberg, die Kreisauswahl Lippstadt und nat\u00fcrlich der Gastgeber Delbr\u00fccker SC das erstklassig besetzte Turnierfeld. Nach nur ein Mal Schlafen, reisten die M\u00e4dels bereits am Sonntag zum (nun wirklich letzten Fu\u00dfballevent 2018) nach Warstein. Dort richtete der TuS Belecke die Hallen Stadtmeisterschaften 2018 aus.<\/p>\n<p><span style=\"text-decoration: underline;\">Aus Delbr\u00fcck und Warstein berichtet Andreas Suermann:<\/span><br \/>\nDas letzte Wochenende f\u00fchrte die C-Juniorinnen vom TuS in die angrenzenden Fu\u00dfballkreise. Am Samstag stand das hochkar\u00e4tig besetzte Einladungsturnier des SC Delbr\u00fcck auf dem Programm. Das Zusammentreffen auf Arminia Bielefeld im ersten Turnierspiel sorgte gleich f\u00fcr Aufregung im Trainerstab. Dank einer herausragenden k\u00e4mpferischen Leistung und einer \u00fcberragenden Torwartleistung gelang dem Detmolder Nachwuchs ein 2:2 (nach 2:0 F\u00fchrung!) gegen den \u00fcberm\u00e4chtig scheinenden Gegner aus Bielefeld. Die beiden weiteren Gruppenspiele gegen den SV Lippstadt (1:0) und FC M\u00f6nninghausen (3:0) brachte klare Siege. Nur aufgrund der minimal schlechteren Tordifferenz beendeten die Eichh\u00f6lzer Kickerinnen die Gruppenphase damit auf dem zweiten Platz, was ein Aufeinandertreffen auf den Bundesliga-Nachwuchs des FSV G\u00fctersloh im Halbfinale bedeutete. Letztlich mussten die M\u00e4dels aus Remmighausen dem Kr\u00e4fteverlust in den Gruppenspielen Tribut zeugen und in eine etwas zu hoch ausgefallene 0:6-Niederlage gegen den sp\u00e4teren Turniersieger einwilligen.<img data-recalc-dims=\"1\" loading=\"lazy\" decoding=\"async\" data-attachment-id=\"11452\" data-permalink=\"https:\/\/www.tuseichholzremmighausen.de\/wordpress\/archives\/11447\/fb_c-juniorinnen_20181229_01\" data-orig-file=\"https:\/\/i0.wp.com\/www.tuseichholzremmighausen.de\/wordpress\/wp-content\/uploads\/2018\/12\/fb_c-juniorinnen_20181229_01.jpg?fit=1200%2C800&amp;ssl=1\" data-orig-size=\"1200,800\" data-comments-opened=\"0\" data-image-meta=\"{&quot;aperture&quot;:&quot;2.4&quot;,&quot;credit&quot;:&quot;&quot;,&quot;camera&quot;:&quot;SM-G800F&quot;,&quot;caption&quot;:&quot;&quot;,&quot;created_timestamp&quot;:&quot;1546102053&quot;,&quot;copyright&quot;:&quot;&quot;,&quot;focal_length&quot;:&quot;3.3&quot;,&quot;iso&quot;:&quot;200&quot;,&quot;shutter_speed&quot;:&quot;0.05&quot;,&quot;title&quot;:&quot;&quot;,&quot;orientation&quot;:&quot;1&quot;}\" data-image-title=\"fb_c-juniorinnen_20181229_01\" data-image-description=\"\" data-image-caption=\"\" data-large-file=\"https:\/\/i0.wp.com\/www.tuseichholzremmighausen.de\/wordpress\/wp-content\/uploads\/2018\/12\/fb_c-juniorinnen_20181229_01.jpg?fit=800%2C534&amp;ssl=1\" width=\"800\" height=\"533\" class=\"alignnone size-full wp-image-11452\" alt=\"\" src=\"https:\/\/i0.wp.com\/www.tuseichholzremmighausen.de\/wordpress\/wp-content\/uploads\/2018\/12\/fb_c-juniorinnen_20181229_01.jpg?resize=800%2C533&#038;ssl=1\" srcset=\"https:\/\/i0.wp.com\/www.tuseichholzremmighausen.de\/wordpress\/wp-content\/uploads\/2018\/12\/fb_c-juniorinnen_20181229_01.jpg?w=1200&amp;ssl=1 1200w, https:\/\/i0.wp.com\/www.tuseichholzremmighausen.de\/wordpress\/wp-content\/uploads\/2018\/12\/fb_c-juniorinnen_20181229_01.jpg?resize=600%2C400&amp;ssl=1 600w, https:\/\/i0.wp.com\/www.tuseichholzremmighausen.de\/wordpress\/wp-content\/uploads\/2018\/12\/fb_c-juniorinnen_20181229_01.jpg?resize=300%2C200&amp;ssl=1 300w, https:\/\/i0.wp.com\/www.tuseichholzremmighausen.de\/wordpress\/wp-content\/uploads\/2018\/12\/fb_c-juniorinnen_20181229_01.jpg?resize=768%2C512&amp;ssl=1 768w, https:\/\/i0.wp.com\/www.tuseichholzremmighausen.de\/wordpress\/wp-content\/uploads\/2018\/12\/fb_c-juniorinnen_20181229_01.jpg?resize=1024%2C683&amp;ssl=1 1024w\" sizes=\"auto, (max-width: 800px) 100vw, 800px\" \/> Das bedeutungslose Spiel um Platz 3 ging dann zwar mit 1:4 verloren, der mitgereiste Anhang zeigte sich gleichwohl von der unglaublichen Leistung der Mannschaft an diesem Turniertag begeistert.<\/p>\n<p><strong>Nicht einmal 24 Stunden sp\u00e4ter<\/strong> stand mit den offenen Stadtmeisterschaften in Warstein schon das n\u00e4chste Turnier auf dem Programm. Nach der kurzfristigen Absage einer weiteren Mannschaft bestand das Teilnehmerfeld nur noch aus den Mannschaften des ausrichtenden TuS Belecke, des TuS Wickede\/Ruhr und den Eichh\u00f6lzern.<img data-recalc-dims=\"1\" loading=\"lazy\" decoding=\"async\" data-attachment-id=\"11453\" data-permalink=\"https:\/\/www.tuseichholzremmighausen.de\/wordpress\/archives\/11447\/fb_c-juniorinnen_20181230_03\" data-orig-file=\"https:\/\/i0.wp.com\/www.tuseichholzremmighausen.de\/wordpress\/wp-content\/uploads\/2018\/12\/fb_c-juniorinnen_20181230_03.jpg?fit=1200%2C799&amp;ssl=1\" data-orig-size=\"1200,799\" data-comments-opened=\"0\" data-image-meta=\"{&quot;aperture&quot;:&quot;0&quot;,&quot;credit&quot;:&quot;&quot;,&quot;camera&quot;:&quot;&quot;,&quot;caption&quot;:&quot;&quot;,&quot;created_timestamp&quot;:&quot;0&quot;,&quot;copyright&quot;:&quot;&quot;,&quot;focal_length&quot;:&quot;0&quot;,&quot;iso&quot;:&quot;0&quot;,&quot;shutter_speed&quot;:&quot;0&quot;,&quot;title&quot;:&quot;&quot;,&quot;orientation&quot;:&quot;0&quot;}\" data-image-title=\"fb_c-juniorinnen_20181230_03\" data-image-description=\"\" data-image-caption=\"\" data-large-file=\"https:\/\/i0.wp.com\/www.tuseichholzremmighausen.de\/wordpress\/wp-content\/uploads\/2018\/12\/fb_c-juniorinnen_20181230_03.jpg?fit=800%2C533&amp;ssl=1\" width=\"800\" height=\"533\" class=\"alignnone size-full wp-image-11453\" alt=\"\" src=\"https:\/\/i0.wp.com\/www.tuseichholzremmighausen.de\/wordpress\/wp-content\/uploads\/2018\/12\/fb_c-juniorinnen_20181230_03.jpg?resize=800%2C533&#038;ssl=1\" srcset=\"https:\/\/i0.wp.com\/www.tuseichholzremmighausen.de\/wordpress\/wp-content\/uploads\/2018\/12\/fb_c-juniorinnen_20181230_03.jpg?w=1200&amp;ssl=1 1200w, https:\/\/i0.wp.com\/www.tuseichholzremmighausen.de\/wordpress\/wp-content\/uploads\/2018\/12\/fb_c-juniorinnen_20181230_03.jpg?resize=600%2C400&amp;ssl=1 600w, https:\/\/i0.wp.com\/www.tuseichholzremmighausen.de\/wordpress\/wp-content\/uploads\/2018\/12\/fb_c-juniorinnen_20181230_03.jpg?resize=300%2C200&amp;ssl=1 300w, https:\/\/i0.wp.com\/www.tuseichholzremmighausen.de\/wordpress\/wp-content\/uploads\/2018\/12\/fb_c-juniorinnen_20181230_03.jpg?resize=768%2C511&amp;ssl=1 768w, https:\/\/i0.wp.com\/www.tuseichholzremmighausen.de\/wordpress\/wp-content\/uploads\/2018\/12\/fb_c-juniorinnen_20181230_03.jpg?resize=1024%2C682&amp;ssl=1 1024w\" sizes=\"auto, (max-width: 800px) 100vw, 800px\" \/> Von Beginn an ging das Team um Naroz, Julia und Andreas hochkonzentriert zur Sache: schon nach nicht einmal 10 Sekunden sorgte das erste Tor f\u00fcr Jubel im zahlreich mitgereisten Anhang.<img data-recalc-dims=\"1\" loading=\"lazy\" decoding=\"async\" data-attachment-id=\"11454\" data-permalink=\"https:\/\/www.tuseichholzremmighausen.de\/wordpress\/archives\/11447\/fb_c-juniorinnen_20181230_04\" data-orig-file=\"https:\/\/i0.wp.com\/www.tuseichholzremmighausen.de\/wordpress\/wp-content\/uploads\/2018\/12\/fb_c-juniorinnen_20181230_04.jpg?fit=1200%2C798&amp;ssl=1\" data-orig-size=\"1200,798\" data-comments-opened=\"0\" data-image-meta=\"{&quot;aperture&quot;:&quot;0&quot;,&quot;credit&quot;:&quot;&quot;,&quot;camera&quot;:&quot;&quot;,&quot;caption&quot;:&quot;&quot;,&quot;created_timestamp&quot;:&quot;0&quot;,&quot;copyright&quot;:&quot;&quot;,&quot;focal_length&quot;:&quot;0&quot;,&quot;iso&quot;:&quot;0&quot;,&quot;shutter_speed&quot;:&quot;0&quot;,&quot;title&quot;:&quot;&quot;,&quot;orientation&quot;:&quot;0&quot;}\" data-image-title=\"fb_c-juniorinnen_20181230_04\" data-image-description=\"\" data-image-caption=\"\" data-large-file=\"https:\/\/i0.wp.com\/www.tuseichholzremmighausen.de\/wordpress\/wp-content\/uploads\/2018\/12\/fb_c-juniorinnen_20181230_04.jpg?fit=800%2C532&amp;ssl=1\" width=\"800\" height=\"532\" class=\"alignnone size-full wp-image-11454\" alt=\"\" src=\"https:\/\/i0.wp.com\/www.tuseichholzremmighausen.de\/wordpress\/wp-content\/uploads\/2018\/12\/fb_c-juniorinnen_20181230_04.jpg?resize=800%2C532&#038;ssl=1\" srcset=\"https:\/\/i0.wp.com\/www.tuseichholzremmighausen.de\/wordpress\/wp-content\/uploads\/2018\/12\/fb_c-juniorinnen_20181230_04.jpg?w=1200&amp;ssl=1 1200w, https:\/\/i0.wp.com\/www.tuseichholzremmighausen.de\/wordpress\/wp-content\/uploads\/2018\/12\/fb_c-juniorinnen_20181230_04.jpg?resize=600%2C399&amp;ssl=1 600w, https:\/\/i0.wp.com\/www.tuseichholzremmighausen.de\/wordpress\/wp-content\/uploads\/2018\/12\/fb_c-juniorinnen_20181230_04.jpg?resize=300%2C200&amp;ssl=1 300w, https:\/\/i0.wp.com\/www.tuseichholzremmighausen.de\/wordpress\/wp-content\/uploads\/2018\/12\/fb_c-juniorinnen_20181230_04.jpg?resize=768%2C511&amp;ssl=1 768w, https:\/\/i0.wp.com\/www.tuseichholzremmighausen.de\/wordpress\/wp-content\/uploads\/2018\/12\/fb_c-juniorinnen_20181230_04.jpg?resize=1024%2C681&amp;ssl=1 1024w\" sizes=\"auto, (max-width: 800px) 100vw, 800px\" \/> Der sich auf dem Feld zeigende Klassenunterschied spiegelte sich letztlich auch in den Ergebnissen wider: 5:0, 4:0, 7:0 und 4:0 bedeuteten einen \u00fcberlegenen Sieg und zugleich die Stadtmeisterschaft in Warstein! Wenn im n\u00e4chsten Jahr versucht wird, diesen Titel zu verteidigen, wird man sich hoffentlich auch an unseren Vereinsnamen<\/p>\n<p><img data-recalc-dims=\"1\" loading=\"lazy\" decoding=\"async\" data-attachment-id=\"11449\" data-permalink=\"https:\/\/www.tuseichholzremmighausen.de\/wordpress\/archives\/11447\/fb_c-juniorinnen_20181230_02\" data-orig-file=\"https:\/\/i0.wp.com\/www.tuseichholzremmighausen.de\/wordpress\/wp-content\/uploads\/2018\/12\/fb_c-juniorinnen_20181230_02.jpg?fit=800%2C1199&amp;ssl=1\" data-orig-size=\"800,1199\" data-comments-opened=\"0\" data-image-meta=\"{&quot;aperture&quot;:&quot;2.4&quot;,&quot;credit&quot;:&quot;&quot;,&quot;camera&quot;:&quot;SM-G800F&quot;,&quot;caption&quot;:&quot;&quot;,&quot;created_timestamp&quot;:&quot;1546198180&quot;,&quot;copyright&quot;:&quot;&quot;,&quot;focal_length&quot;:&quot;3.3&quot;,&quot;iso&quot;:&quot;50&quot;,&quot;shutter_speed&quot;:&quot;0.01&quot;,&quot;title&quot;:&quot;&quot;,&quot;orientation&quot;:&quot;1&quot;}\" data-image-title=\"fb_c-juniorinnen_20181230_02\" data-image-description=\"\" data-image-caption=\"&lt;p&gt;Urkunde f\u00fcr den TuS Eichholz-R.&lt;\/p&gt;\n\" data-large-file=\"https:\/\/i0.wp.com\/www.tuseichholzremmighausen.de\/wordpress\/wp-content\/uploads\/2018\/12\/fb_c-juniorinnen_20181230_02.jpg?fit=683%2C1024&amp;ssl=1\" width=\"150\" height=\"150\" class=\"size-thumbnail wp-image-11449\" alt=\"Urkunde f\u00fcr den TuS Eichholz-R.\" src=\"https:\/\/i0.wp.com\/www.tuseichholzremmighausen.de\/wordpress\/wp-content\/uploads\/2018\/12\/fb_c-juniorinnen_20181230_02.jpg?resize=150%2C150&#038;ssl=1\" srcset=\"https:\/\/i0.wp.com\/www.tuseichholzremmighausen.de\/wordpress\/wp-content\/uploads\/2018\/12\/fb_c-juniorinnen_20181230_02.jpg?resize=150%2C150&amp;ssl=1 150w, https:\/\/i0.wp.com\/www.tuseichholzremmighausen.de\/wordpress\/wp-content\/uploads\/2018\/12\/fb_c-juniorinnen_20181230_02.jpg?resize=300%2C300&amp;ssl=1 300w, https:\/\/i0.wp.com\/www.tuseichholzremmighausen.de\/wordpress\/wp-content\/uploads\/2018\/12\/fb_c-juniorinnen_20181230_02.jpg?resize=100%2C100&amp;ssl=1 100w, https:\/\/i0.wp.com\/www.tuseichholzremmighausen.de\/wordpress\/wp-content\/uploads\/2018\/12\/fb_c-juniorinnen_20181230_02.jpg?zoom=3&amp;resize=150%2C150&amp;ssl=1 450w\" sizes=\"auto, (max-width: 150px) 100vw, 150px\" \/><\/p>\n<p>erinnern\u2026 \ud83d\ude09<\/p>\n<p>Im neuen Jahr stehen schon in K\u00fcrze die n\u00e4chsten Aufgaben an. Am kommenden Samstag (5.1.) misst der TuS die Kr\u00e4fte beim Winterturnier des SC Verl, am Sonntag (6.1.) folgt das Kunstrasenturnier beim TuS Altenbeken.<\/p>\n","protected":false},"excerpt":{"rendered":"<p>C-Juniorinnen gr\u00fc\u00dfen als Stadtmeister aus Warstein<\/p>\n","protected":false},"author":16,"featured_media":11448,"comment_status":"closed","ping_status":"open","sticky":false,"template":"","format":"standard","meta":{"colormag_page_container_layout":"default_layout","colormag_page_sidebar_layout":"default_layout","_jetpack_memberships_contains_paid_content":false,"footnotes":"","jetpack_publicize_message":"","jetpack_publicize_feature_enabled":true,"jetpack_social_post_already_shared":true,"jetpack_social_options":{"image_generator_settings":{"template":"highway","default_image_id":0,"font":"","enabled":false},"version":2}},"categories":[157,158],"tags":[],"class_list":["post-11447","post","type-post","status-publish","format-standard","has-post-thumbnail","hentry","category-archiv","category-fb-jugend-aktuell"],"jetpack_publicize_connections":[],"jetpack_featured_media_url":"https:\/\/i0.wp.com\/www.tuseichholzremmighausen.de\/wordpress\/wp-content\/uploads\/2018\/12\/fb_c-juniorinnen_20181230_01.jpg?fit=1200%2C799&ssl=1","jetpack_sharing_enabled":true,"_links":{"self":[{"href":"https:\/\/www.tuseichholzremmighausen.de\/wordpress\/wp-json\/wp\/v2\/posts\/11447","targetHints":{"allow":["GET"]}}],"collection":[{"href":"https:\/\/www.tuseichholzremmighausen.de\/wordpress\/wp-json\/wp\/v2\/posts"}],"about":[{"href":"https:\/\/www.tuseichholzremmighausen.de\/wordpress\/wp-json\/wp\/v2\/types\/post"}],"author":[{"embeddable":true,"href":"https:\/\/www.tuseichholzremmighausen.de\/wordpress\/wp-json\/wp\/v2\/users\/16"}],"replies":[{"embeddable":true,"href":"https:\/\/www.tuseichholzremmighausen.de\/wordpress\/wp-json\/wp\/v2\/comments?post=11447"}],"version-history":[{"count":0,"href":"https:\/\/www.tuseichholzremmighausen.de\/wordpress\/wp-json\/wp\/v2\/posts\/11447\/revisions"}],"wp:featuredmedia":[{"embeddable":true,"href":"https:\/\/www.tuseichholzremmighausen.de\/wordpress\/wp-json\/wp\/v2\/media\/11448"}],"wp:attachment":[{"href":"https:\/\/www.tuseichholzremmighausen.de\/wordpress\/wp-json\/wp\/v2\/media?parent=11447"}],"wp:term":[{"taxonomy":"category","embeddable":true,"href":"https:\/\/www.tuseichholzremmighausen.de\/wordpress\/wp-json\/wp\/v2\/categories?post=11447"},{"taxonomy":"post_tag","embeddable":true,"href":"https:\/\/www.tuseichholzremmighausen.de\/wordpress\/wp-json\/wp\/v2\/tags?post=11447"}],"curies":[{"name":"wp","href":"https:\/\/api.w.org\/{rel}","templated":true}]}}