{"id":11675,"date":"2019-03-31T19:11:20","date_gmt":"2019-03-31T17:11:20","guid":{"rendered":"https:\/\/www.tuseichholzremmighausen.de\/wordpress\/?p=11675"},"modified":"2020-09-11T20:39:55","modified_gmt":"2020-09-11T18:39:55","slug":"der-knoten-platzt","status":"publish","type":"post","link":"https:\/\/www.tuseichholzremmighausen.de\/wordpress\/archives\/11675","title":{"rendered":"Der Knoten platzt."},"content":{"rendered":"<p>Der Start nach der Winterpause stand im Schatten einer \u201eErgebniskrise\u201c.\u00a0Zwei starke Auftritte lagen hinter unserer 1. Senioren und doch war das Punktekonto nicht gewachsen. Nach dem ungl\u00fccklichen 1:2 gegen den SV HW Falkenhagen unter wirklich schwierigen Wetterbedingungen und der 2:4 Niederlage gegen den BSV M\u00fcssen hingen die K\u00f6pfe doch recht tief.Der letzte Sieg in einem Pflichtspiel datiert sich auf den 11.11 gegen Kl\u00fct-Wahmbeck, Ausw\u00e4rts warteten wir bereits seit Oktober auf einen Erfolg.<\/p>\n<p>Dazu standen heute nur 13 fitte Spieler dem Trainerteam Hosch\/Barkowski zur Verf\u00fcgung. Darunter leider kein Torh\u00fcter. Optimistisch gingen also eher die Gegner in das Spiel am heutigen Sonntag.<\/p>\n<figure id=\"attachment_11677\" aria-describedby=\"caption-attachment-11677\" style=\"width: 800px\" class=\"wp-caption alignleft\"><img data-recalc-dims=\"1\" loading=\"lazy\" decoding=\"async\" data-attachment-id=\"11677\" data-permalink=\"https:\/\/www.tuseichholzremmighausen.de\/wordpress\/archives\/11675\/csl-website-2\" data-orig-file=\"https:\/\/i0.wp.com\/www.tuseichholzremmighausen.de\/wordpress\/wp-content\/uploads\/2019\/03\/csl-website-2-scaled.jpg?fit=2560%2C1707&amp;ssl=1\" data-orig-size=\"2560,1707\" data-comments-opened=\"0\" data-image-meta=\"{&quot;aperture&quot;:&quot;0&quot;,&quot;credit&quot;:&quot;&quot;,&quot;camera&quot;:&quot;&quot;,&quot;caption&quot;:&quot;&quot;,&quot;created_timestamp&quot;:&quot;0&quot;,&quot;copyright&quot;:&quot;&quot;,&quot;focal_length&quot;:&quot;0&quot;,&quot;iso&quot;:&quot;0&quot;,&quot;shutter_speed&quot;:&quot;0&quot;,&quot;title&quot;:&quot;&quot;,&quot;orientation&quot;:&quot;0&quot;}\" data-image-title=\"csl website 2\" data-image-description=\"\" data-image-caption=\"\" data-large-file=\"https:\/\/i0.wp.com\/www.tuseichholzremmighausen.de\/wordpress\/wp-content\/uploads\/2019\/03\/csl-website-2-scaled.jpg?fit=800%2C534&amp;ssl=1\" class=\"wp-image-11677 size-large\" src=\"https:\/\/i0.wp.com\/www.tuseichholzremmighausen.de\/wordpress\/wp-content\/uploads\/2019\/03\/csl-website-2.jpg?resize=800%2C534&#038;ssl=1\" alt=\"\" width=\"800\" height=\"534\" srcset=\"https:\/\/i0.wp.com\/www.tuseichholzremmighausen.de\/wordpress\/wp-content\/uploads\/2019\/03\/csl-website-2-scaled.jpg?resize=1024%2C683&amp;ssl=1 1024w, https:\/\/i0.wp.com\/www.tuseichholzremmighausen.de\/wordpress\/wp-content\/uploads\/2019\/03\/csl-website-2-scaled.jpg?resize=600%2C400&amp;ssl=1 600w, https:\/\/i0.wp.com\/www.tuseichholzremmighausen.de\/wordpress\/wp-content\/uploads\/2019\/03\/csl-website-2-scaled.jpg?resize=300%2C200&amp;ssl=1 300w, https:\/\/i0.wp.com\/www.tuseichholzremmighausen.de\/wordpress\/wp-content\/uploads\/2019\/03\/csl-website-2-scaled.jpg?resize=768%2C512&amp;ssl=1 768w, https:\/\/i0.wp.com\/www.tuseichholzremmighausen.de\/wordpress\/wp-content\/uploads\/2019\/03\/csl-website-2-scaled.jpg?w=1600&amp;ssl=1 1600w, https:\/\/i0.wp.com\/www.tuseichholzremmighausen.de\/wordpress\/wp-content\/uploads\/2019\/03\/csl-website-2-scaled.jpg?w=2400&amp;ssl=1 2400w\" sizes=\"auto, (max-width: 800px) 100vw, 800px\" \/><figcaption id=\"caption-attachment-11677\" class=\"wp-caption-text\">Fynn heute b\u00e4renstark auf der rechten Bahn.<\/figcaption><\/figure>\n<p>Zur Halbzeit rieben sich die Anwesenden dann die Augen. Unsere Gr\u00fcn-Wei\u00dfen spielten furios auf. Die Kette stand sicher und vorne wurde Chance um Chance herausgespielt. Nur der Abschluss war noch nicht da.\u00a0Kurz nach Wiederanpfiff dann aber der Doppelschlag.<span class=\"Apple-converted-space\">\u00a0<\/span>Jannik eroberte gegen den letzten Mann den Ball und war dann nicht zu halten.<span class=\"Apple-converted-space\">\u00a0<\/span>Der Knoten war geplatzt. Anschlie\u00dfend Mirko \u00fcber links freigespielt in Abschlussposition.<\/p>\n<p>2:0 nach 55 Minuten.<span class=\"Apple-converted-space\">\u00a0<\/span><\/p>\n<p>In der 77. Minute dann noch ein plumper Schubser in den R\u00fccken von R\u00f6hl. Der f\u00e4llige Elfmeter wurde trocken verwandelt.\u00a0Durch eine Unachtsamkeit kam CSL noch auf 3:1 heran.\u00a0Die letzten 10 Minuten waren gepr\u00e4gt von hartem Verteidigen und giftigen Kontern, die aber nicht genutzt wurden.<span class=\"Apple-converted-space\">\u00a0Tim K. blieb bei seiner Premiere zwischen den Pfosten fehlerfrei!<\/span><\/p>\n<p>Nach dem Abpfiff war die Freude riesengro\u00df. Die ersten Punkte des Jahres sind im Sack.<\/p>\n<p>N\u00e4chste Woche sind die Sportfreunde aus Oesterholz-Kohlst\u00e4dt zu Gast und damit das n\u00e4chste Topteam.<\/p>\n<p>&nbsp;<\/p>\n<p>Tore:<\/p>\n<p>53. 1:0 Jannik<\/p>\n<p>55. 2:0 Mirko<\/p>\n<p>77. 3:0 Jannik<\/p>\n<p>81. 3:1 Jonas Peters<\/p>\n","protected":false},"excerpt":{"rendered":"<p>Der Start nach der Winterpause stand im Schatten einer \u201eErgebniskrise\u201c.\u00a0Zwei starke Auftritte lagen hinter unserer 1. Senioren und doch war<\/p>\n","protected":false},"author":54,"featured_media":11676,"comment_status":"closed","ping_status":"open","sticky":false,"template":"","format":"standard","meta":{"colormag_page_container_layout":"default_layout","colormag_page_sidebar_layout":"default_layout","_jetpack_memberships_contains_paid_content":false,"footnotes":"","jetpack_publicize_message":"","jetpack_publicize_feature_enabled":true,"jetpack_social_post_already_shared":true,"jetpack_social_options":{"image_generator_settings":{"template":"highway","default_image_id":0,"font":"","enabled":false},"version":2}},"categories":[157],"tags":[],"class_list":["post-11675","post","type-post","status-publish","format-standard","has-post-thumbnail","hentry","category-archiv"],"jetpack_publicize_connections":[],"jetpack_featured_media_url":"https:\/\/i0.wp.com\/www.tuseichholzremmighausen.de\/wordpress\/wp-content\/uploads\/2019\/03\/csl-website-1.jpg?fit=1199%2C676&ssl=1","jetpack_sharing_enabled":true,"_links":{"self":[{"href":"https:\/\/www.tuseichholzremmighausen.de\/wordpress\/wp-json\/wp\/v2\/posts\/11675","targetHints":{"allow":["GET"]}}],"collection":[{"href":"https:\/\/www.tuseichholzremmighausen.de\/wordpress\/wp-json\/wp\/v2\/posts"}],"about":[{"href":"https:\/\/www.tuseichholzremmighausen.de\/wordpress\/wp-json\/wp\/v2\/types\/post"}],"author":[{"embeddable":true,"href":"https:\/\/www.tuseichholzremmighausen.de\/wordpress\/wp-json\/wp\/v2\/users\/54"}],"replies":[{"embeddable":true,"href":"https:\/\/www.tuseichholzremmighausen.de\/wordpress\/wp-json\/wp\/v2\/comments?post=11675"}],"version-history":[{"count":0,"href":"https:\/\/www.tuseichholzremmighausen.de\/wordpress\/wp-json\/wp\/v2\/posts\/11675\/revisions"}],"wp:featuredmedia":[{"embeddable":true,"href":"https:\/\/www.tuseichholzremmighausen.de\/wordpress\/wp-json\/wp\/v2\/media\/11676"}],"wp:attachment":[{"href":"https:\/\/www.tuseichholzremmighausen.de\/wordpress\/wp-json\/wp\/v2\/media?parent=11675"}],"wp:term":[{"taxonomy":"category","embeddable":true,"href":"https:\/\/www.tuseichholzremmighausen.de\/wordpress\/wp-json\/wp\/v2\/categories?post=11675"},{"taxonomy":"post_tag","embeddable":true,"href":"https:\/\/www.tuseichholzremmighausen.de\/wordpress\/wp-json\/wp\/v2\/tags?post=11675"}],"curies":[{"name":"wp","href":"https:\/\/api.w.org\/{rel}","templated":true}]}}