{"id":11682,"date":"2019-04-02T18:14:46","date_gmt":"2019-04-02T16:14:46","guid":{"rendered":"https:\/\/www.tuseichholzremmighausen.de\/wordpress\/?p=11682"},"modified":"2020-09-11T20:39:55","modified_gmt":"2020-09-11T18:39:55","slug":"f-jugend-kommt-gestaerkt-aus-der-winterpause","status":"publish","type":"post","link":"https:\/\/www.tuseichholzremmighausen.de\/wordpress\/archives\/11682","title":{"rendered":"F-Jugend kommt gest\u00e4rkt aus der Winterpause"},"content":{"rendered":"<div><\/div>\n<div>Am Samstag, den 30. M\u00e4rz, stand die Er\u00f6ffnung der R\u00fcckrunde f\u00fcr unsere F-Junioren auf dem Terminkalender. Der Gastgeber aus Heiden musste kurzfristig, aufgrund einer Platzsperre, das Heimspiel in das Lagenser Schulzentrum verlegen. Nach einer Hinserie, wo unser Team h\u00e4ufig Lehrgeld bezahlen musste, konnte man in der Hallenrunde einige Ausrufezeichen setzen. Auch das Vorbereitungs-Testspiel gegen Heiligenkirchen\/Berlebeck zeigte eine Weiterentwicklung der Mannschaft. Somit konnte man durchaus gespannt sein, wie sich unsere Jungs heute schlagen. Bei bestem Wetter agierte unsere Mannschaft zu Beginn etwas nerv\u00f6s und \u00fcberlie\u00df dem Gegner die Spielgestaltung. Trotzdem schafften wir es den Ball vom eigenen Tor fernzuhalten. Nach Vorne ging zu Beginn aber nicht viel zusammen. TuRa Heiden ging durch einen Abpraller vom Pfosten, im Nachschuss, in F\u00fchrung. Nicht unbedingt verdient, da der Gastgeber nicht dr\u00fcckend \u00fcberlegen war oder ein Chancenplus gehabt h\u00e4tte, aber letztendlich die Quittung f\u00fcr zu hohe Zur\u00fcckhaltung. Mit zunehmender Spieldauer wurden unser Jungs dann mutiger und zielstrebiger. Pl\u00f6tzlich gelangen die ersten Aktionen und man konnte sich vor das Tor des Gegners kombinieren. Der Ausgleich lie\u00df nicht lange auf sich warten und vor der Pause konnte man sogar in F\u00fchrung gehen. Besonders der letzte Treffer vor dem Pausenpfiff war wirklich musterg\u00fcltig herausgespielt und eiskalt abgeschlossen. Auch eine h\u00f6here F\u00fchrung zur Pause w\u00e4re verdient gewesen, konnte aber von dem starken Heiden-Keeper, der teilweise spektakul\u00e4r parierte, verhindert werden. Unsere Jungs haben gemerkt, dass heute was zu holen ist und spielten nach derPause weiter auf das Tor des Gastgebers, der nur noch vereinzelt gef\u00e4hrlich wurde. Durch eine hohe Zweikampfst\u00e4rke und Durchsetzungsverm\u00f6gen konnte dieses Spiel positiv gestaltet werden. Starke Kombinationen wie beim letzten Treffer vor der Pause blieben leider die Seltenheit. Teilweise fehlte aber auch ein bisschen das Gl\u00fcck beim letzten Pass oder beim Torabschluss. Unsere F-Jugend zeigte\u00a0eine sehr ansprechende Leistung wof\u00fcr sie sich selber belohnte.<\/div>\n<div>Das Trainer-Team und die Eltern k\u00f6nnen stolz auf die wohl beste Leistung in der laufenden Saison sein.<\/div>\n","protected":false},"excerpt":{"rendered":"<p>Am Samstag, den 30. M\u00e4rz, stand die Er\u00f6ffnung der R\u00fcckrunde f\u00fcr unsere F-Junioren auf dem Terminkalender. Der Gastgeber aus Heiden<\/p>\n","protected":false},"author":49,"featured_media":11687,"comment_status":"closed","ping_status":"open","sticky":false,"template":"","format":"standard","meta":{"colormag_page_container_layout":"default_layout","colormag_page_sidebar_layout":"default_layout","_jetpack_memberships_contains_paid_content":false,"footnotes":"","jetpack_publicize_message":"","jetpack_publicize_feature_enabled":true,"jetpack_social_post_already_shared":true,"jetpack_social_options":{"image_generator_settings":{"template":"highway","default_image_id":0,"font":"","enabled":false},"version":2}},"categories":[157],"tags":[],"class_list":["post-11682","post","type-post","status-publish","format-standard","has-post-thumbnail","hentry","category-archiv"],"jetpack_publicize_connections":[],"jetpack_featured_media_url":"https:\/\/i0.wp.com\/www.tuseichholzremmighausen.de\/wordpress\/wp-content\/uploads\/2019\/04\/20190330_155040-e1554220084880.jpg?fit=1200%2C783&ssl=1","jetpack_sharing_enabled":true,"_links":{"self":[{"href":"https:\/\/www.tuseichholzremmighausen.de\/wordpress\/wp-json\/wp\/v2\/posts\/11682","targetHints":{"allow":["GET"]}}],"collection":[{"href":"https:\/\/www.tuseichholzremmighausen.de\/wordpress\/wp-json\/wp\/v2\/posts"}],"about":[{"href":"https:\/\/www.tuseichholzremmighausen.de\/wordpress\/wp-json\/wp\/v2\/types\/post"}],"author":[{"embeddable":true,"href":"https:\/\/www.tuseichholzremmighausen.de\/wordpress\/wp-json\/wp\/v2\/users\/49"}],"replies":[{"embeddable":true,"href":"https:\/\/www.tuseichholzremmighausen.de\/wordpress\/wp-json\/wp\/v2\/comments?post=11682"}],"version-history":[{"count":0,"href":"https:\/\/www.tuseichholzremmighausen.de\/wordpress\/wp-json\/wp\/v2\/posts\/11682\/revisions"}],"wp:featuredmedia":[{"embeddable":true,"href":"https:\/\/www.tuseichholzremmighausen.de\/wordpress\/wp-json\/wp\/v2\/media\/11687"}],"wp:attachment":[{"href":"https:\/\/www.tuseichholzremmighausen.de\/wordpress\/wp-json\/wp\/v2\/media?parent=11682"}],"wp:term":[{"taxonomy":"category","embeddable":true,"href":"https:\/\/www.tuseichholzremmighausen.de\/wordpress\/wp-json\/wp\/v2\/categories?post=11682"},{"taxonomy":"post_tag","embeddable":true,"href":"https:\/\/www.tuseichholzremmighausen.de\/wordpress\/wp-json\/wp\/v2\/tags?post=11682"}],"curies":[{"name":"wp","href":"https:\/\/api.w.org\/{rel}","templated":true}]}}