{"id":11867,"date":"2019-06-10T13:36:34","date_gmt":"2019-06-10T11:36:34","guid":{"rendered":"https:\/\/www.tuseichholzremmighausen.de\/wordpress\/?p=11867"},"modified":"2020-09-11T20:38:49","modified_gmt":"2020-09-11T18:38:49","slug":"maedels-international-juniorinnen-mini-wm-bremen","status":"publish","type":"post","link":"https:\/\/www.tuseichholzremmighausen.de\/wordpress\/archives\/11867","title":{"rendered":"M\u00e4dels international! Juniorinnen Mini-WM Bremen"},"content":{"rendered":"<p><span style=\"font-family: Calibri;\"><span style=\"color: #000000;\">Von langer Hand geplant und am Pfingstwochenende realisiert. Schon zu Saisonbeginn im Sp\u00e4tsommer 2018 kam die Idee auf, ein gro\u00dfes Event zum Saisonausklang in Angriff zu nehmen. Nicht lange gefackelt meldete sich der TuS noch im September zum internationalen Turnier; Juniorinnen Mini-WM U15 in Bremen an. Die Realisierung der Turnierteilnahme als Event \u00fcber drei Tage erfordert ein hohes Ma\u00df an Planungs- und Vorbereitungsaktivit\u00e4ten. Fast wie von selbst bildete sich ein \u201eOrganisations-Komitee\u201c, welches die Herausforderung annahm und in die Tat umsetzte. An dieser Stelle ein gro\u00dfes Dankesch\u00f6n an das gesamte \u201eOrga-Team\u201c:&nbsp; Andreas Suermann als Initiator, den Coaches Naroz und Julia, sowie die gro\u00dfartige Elterngemeinschaft mit ihren Familien und Freunden.<\/span><\/span><\/p>\n<figure id=\"attachment_11873\" aria-describedby=\"caption-attachment-11873\" style=\"width: 1200px\" class=\"wp-caption alignnone\"><img data-recalc-dims=\"1\" loading=\"lazy\" decoding=\"async\" data-attachment-id=\"11873\" data-permalink=\"https:\/\/www.tuseichholzremmighausen.de\/wordpress\/archives\/11867\/bremen_sonntag-506\" data-orig-file=\"https:\/\/i0.wp.com\/www.tuseichholzremmighausen.de\/wordpress\/wp-content\/uploads\/2019\/06\/Bremen_Sonntag-506.jpg?fit=1200%2C800&amp;ssl=1\" data-orig-size=\"1200,800\" data-comments-opened=\"0\" data-image-meta=\"{&quot;aperture&quot;:&quot;8&quot;,&quot;credit&quot;:&quot;Rolf Gehrke&quot;,&quot;camera&quot;:&quot;Canon EOS 80D&quot;,&quot;caption&quot;:&quot;&quot;,&quot;created_timestamp&quot;:&quot;1560080517&quot;,&quot;copyright&quot;:&quot;RGehrke2019&quot;,&quot;focal_length&quot;:&quot;118&quot;,&quot;iso&quot;:&quot;250&quot;,&quot;shutter_speed&quot;:&quot;0.0005&quot;,&quot;title&quot;:&quot;&quot;,&quot;orientation&quot;:&quot;1&quot;}\" data-image-title=\"Bremen_Sonntag (506)\" data-image-description=\"&lt;p&gt;Organisatoren, Trainer und Betreuer an der Linie&lt;\/p&gt;\n\" data-image-caption=\"&lt;p&gt;Organisatoren, Trainer und Betreuer an der Linie&lt;\/p&gt;\n\" data-large-file=\"https:\/\/i0.wp.com\/www.tuseichholzremmighausen.de\/wordpress\/wp-content\/uploads\/2019\/06\/Bremen_Sonntag-506.jpg?fit=800%2C534&amp;ssl=1\" width=\"800\" height=\"533\" class=\"size-full wp-image-11873\" alt=\"\" src=\"https:\/\/i0.wp.com\/www.tuseichholzremmighausen.de\/wordpress\/wp-content\/uploads\/2019\/06\/Bremen_Sonntag-506.jpg?resize=800%2C533&#038;ssl=1\" srcset=\"https:\/\/i0.wp.com\/www.tuseichholzremmighausen.de\/wordpress\/wp-content\/uploads\/2019\/06\/Bremen_Sonntag-506.jpg?w=1200&amp;ssl=1 1200w, https:\/\/i0.wp.com\/www.tuseichholzremmighausen.de\/wordpress\/wp-content\/uploads\/2019\/06\/Bremen_Sonntag-506.jpg?resize=600%2C400&amp;ssl=1 600w, https:\/\/i0.wp.com\/www.tuseichholzremmighausen.de\/wordpress\/wp-content\/uploads\/2019\/06\/Bremen_Sonntag-506.jpg?resize=300%2C200&amp;ssl=1 300w, https:\/\/i0.wp.com\/www.tuseichholzremmighausen.de\/wordpress\/wp-content\/uploads\/2019\/06\/Bremen_Sonntag-506.jpg?resize=768%2C512&amp;ssl=1 768w, https:\/\/i0.wp.com\/www.tuseichholzremmighausen.de\/wordpress\/wp-content\/uploads\/2019\/06\/Bremen_Sonntag-506.jpg?resize=1024%2C683&amp;ssl=1 1024w\" sizes=\"auto, (max-width: 800px) 100vw, 800px\" \/><figcaption id=\"caption-attachment-11873\" class=\"wp-caption-text\">Anspannung bei den Wechselspielerinnen an der Linie &#8211; Betreuer und Orga-Team stehen zur Seite<\/figcaption><\/figure>\n<p><span style=\"font-family: Calibri;\"><span style=\"color: #000000;\">&nbsp; &nbsp;<\/span><\/span><\/p>\n<p><span style=\"color: #000000;\"><span style=\"font-family: Calibri;\">Bis auf wenige Ausnahmen machte sich der komplette Juniorinnenkader mit gro\u00dfer Anh\u00e4ngerschaft aus Familien- und Freundeskreis schon am Freitag auf die Reise nach Bremen. Die Ankunft und der freundliche Empfang auf der erstklassigen Sportanlage in Bremen Arsten, sowie der anschlie\u00dfende Check-In im Hotel machten Lust auf mehr. Einige stie\u00dfen noch am Samstag dazu, sodass eine insgesamt 46 -k\u00f6pfige (!), Gr\u00fcn-Wei\u00dfe, Juniorinnen-Fu\u00dfball-Verz\u00fcckte (-verr\u00fcckte \ud83d\ude06 <\/span><span style=\"font-family: Calibri;\">) Delegation den TuS Eichholz-Remmighausen repr\u00e4sentierte. <\/span><\/span><\/p>\n<p><span style=\"color: #000000; font-family: Calibri;\">Der Turnierplan sah vor, dass in vier Vierergruppen zu spielen war. In der Gruppe D stellte der TuS das \u201eTeam Jamaika\u201c.<\/span><\/p>\n<figure id=\"attachment_11871\" aria-describedby=\"caption-attachment-11871\" style=\"width: 1200px\" class=\"wp-caption alignnone\"><img data-recalc-dims=\"1\" loading=\"lazy\" decoding=\"async\" data-attachment-id=\"11871\" data-permalink=\"https:\/\/www.tuseichholzremmighausen.de\/wordpress\/archives\/11867\/bremen_samstag-323\" data-orig-file=\"https:\/\/i0.wp.com\/www.tuseichholzremmighausen.de\/wordpress\/wp-content\/uploads\/2019\/06\/Bremen_Samstag-323.jpg?fit=1200%2C800&amp;ssl=1\" data-orig-size=\"1200,800\" data-comments-opened=\"0\" data-image-meta=\"{&quot;aperture&quot;:&quot;5&quot;,&quot;credit&quot;:&quot;Rolf Gehrke&quot;,&quot;camera&quot;:&quot;Canon EOS 80D&quot;,&quot;caption&quot;:&quot;&quot;,&quot;created_timestamp&quot;:&quot;1559989870&quot;,&quot;copyright&quot;:&quot;RGehrke2019&quot;,&quot;focal_length&quot;:&quot;75&quot;,&quot;iso&quot;:&quot;640&quot;,&quot;shutter_speed&quot;:&quot;0.00125&quot;,&quot;title&quot;:&quot;&quot;,&quot;orientation&quot;:&quot;1&quot;}\" data-image-title=\"Bremen_Samstag (323)\" data-image-description=\"&lt;p&gt;Fertigmachen zum Jubeln! Die Flagge wird im Fanblock gehisst&amp;#8230;&lt;\/p&gt;\n\" data-image-caption=\"&lt;p&gt;Fertigmachen zum Jubeln! Die Flagge wird im Fanblock gehisst&amp;#8230;&lt;\/p&gt;\n\" data-large-file=\"https:\/\/i0.wp.com\/www.tuseichholzremmighausen.de\/wordpress\/wp-content\/uploads\/2019\/06\/Bremen_Samstag-323.jpg?fit=800%2C534&amp;ssl=1\" width=\"800\" height=\"533\" class=\"size-full wp-image-11871\" alt=\"\" src=\"https:\/\/i0.wp.com\/www.tuseichholzremmighausen.de\/wordpress\/wp-content\/uploads\/2019\/06\/Bremen_Samstag-323.jpg?resize=800%2C533&#038;ssl=1\" srcset=\"https:\/\/i0.wp.com\/www.tuseichholzremmighausen.de\/wordpress\/wp-content\/uploads\/2019\/06\/Bremen_Samstag-323.jpg?w=1200&amp;ssl=1 1200w, https:\/\/i0.wp.com\/www.tuseichholzremmighausen.de\/wordpress\/wp-content\/uploads\/2019\/06\/Bremen_Samstag-323.jpg?resize=600%2C400&amp;ssl=1 600w, https:\/\/i0.wp.com\/www.tuseichholzremmighausen.de\/wordpress\/wp-content\/uploads\/2019\/06\/Bremen_Samstag-323.jpg?resize=300%2C200&amp;ssl=1 300w, https:\/\/i0.wp.com\/www.tuseichholzremmighausen.de\/wordpress\/wp-content\/uploads\/2019\/06\/Bremen_Samstag-323.jpg?resize=768%2C512&amp;ssl=1 768w, https:\/\/i0.wp.com\/www.tuseichholzremmighausen.de\/wordpress\/wp-content\/uploads\/2019\/06\/Bremen_Samstag-323.jpg?resize=1024%2C683&amp;ssl=1 1024w\" sizes=\"auto, (max-width: 800px) 100vw, 800px\" \/><figcaption id=\"caption-attachment-11871\" class=\"wp-caption-text\">Fertigmachen zum Jubeln! Die Flagge wird gehisst&#8230; auch ne Herausforderung bei diesem Wind&nbsp;<\/figcaption><\/figure>\n<p><span style=\"color: #000000; font-family: Calibri;\">Das \u201eTeam Niederlande\u201c wurde vom Ausrichter nicht nur so benannt, es stammt auch aus den Niederlanden. Der VV OSC aus Nijmegen reiste mit zwei U15 M\u00e4del-Mannschaften an; die Erste stellte in der Gruppe B das \u201eTeam China\u201c. Die Zweite Mannschaft des VV OSC Nijmegen war somit eine echte internationale Herausforderung f\u00fcr den TuS. Den TSV Schwaben Augsburg, vom Ausrichter \u201eTeam Kamerun\u201c benannt, schreckte auch die weiteste Anreise (ca. 700 Kilometer) aller Mannschaften nicht davor zur\u00fcck, an diesem internationalen Turnier teilnehmen zu k\u00f6nnen. Komplettiert wurde die Gruppe D mit \u201eTeam Australien\u201c, auf das aus redaktionellen Gr\u00fcnden (Bravo Gr\u00fcn-Wei\u00df f\u00fcr die fu\u00dfballerische Leistung in diesen Partien! \ud83d\ude0e Dank an die Unparteiischen dieser Begegnungen) nicht weiter eingegangen wird. <\/span><\/p>\n<p><span style=\"color: #000000; font-family: Calibri;\">Die Eichholzer Anh\u00e4ngerschaft musste auch einiges an weiteren Herausforderungen in Kauf nehmen. Da war zum Beispiel die alles entscheidende Frage nach der richtigen Kleidung\u2026 am Samstag gab es \u201eherbstliche\u201c Temperaturen mit kaltem Wind und gegen Abend sogar noch leichte Regenschauer. <\/span><\/p>\n<p><span style=\"color: #000000; font-family: Calibri;\">Abendliches Schnitzelbuffet in Oyten und das anschlie\u00dfende gem\u00fctliche Beisammensein in der Hotellobby entsch\u00e4digten daf\u00fcr auf ganzer Linie.<\/span><\/p>\n<figure id=\"attachment_11870\" aria-describedby=\"caption-attachment-11870\" style=\"width: 1200px\" class=\"wp-caption alignnone\"><img data-recalc-dims=\"1\" loading=\"lazy\" decoding=\"async\" data-attachment-id=\"11870\" data-permalink=\"https:\/\/www.tuseichholzremmighausen.de\/wordpress\/archives\/11867\/bremen_samstagabend\" data-orig-file=\"https:\/\/i0.wp.com\/www.tuseichholzremmighausen.de\/wordpress\/wp-content\/uploads\/2019\/06\/Bremen_Samstagabend.jpg?fit=1200%2C675&amp;ssl=1\" data-orig-size=\"1200,675\" data-comments-opened=\"0\" data-image-meta=\"{&quot;aperture&quot;:&quot;2&quot;,&quot;credit&quot;:&quot;&quot;,&quot;camera&quot;:&quot;G8441&quot;,&quot;caption&quot;:&quot;&quot;,&quot;created_timestamp&quot;:&quot;1560029135&quot;,&quot;copyright&quot;:&quot;&quot;,&quot;focal_length&quot;:&quot;4.4&quot;,&quot;iso&quot;:&quot;800&quot;,&quot;shutter_speed&quot;:&quot;0.02&quot;,&quot;title&quot;:&quot;&quot;,&quot;orientation&quot;:&quot;1&quot;}\" data-image-title=\"Bremen_Samstagabend\" data-image-description=\"&lt;p&gt;Stimmung in der Hotellobby&lt;\/p&gt;\n\" data-image-caption=\"&lt;p&gt;Stimmung in der Hotellobby&lt;\/p&gt;\n\" data-large-file=\"https:\/\/i0.wp.com\/www.tuseichholzremmighausen.de\/wordpress\/wp-content\/uploads\/2019\/06\/Bremen_Samstagabend.jpg?fit=800%2C450&amp;ssl=1\" width=\"800\" height=\"450\" class=\"size-full wp-image-11870\" alt=\"\" src=\"https:\/\/i0.wp.com\/www.tuseichholzremmighausen.de\/wordpress\/wp-content\/uploads\/2019\/06\/Bremen_Samstagabend.jpg?resize=800%2C450&#038;ssl=1\" srcset=\"https:\/\/i0.wp.com\/www.tuseichholzremmighausen.de\/wordpress\/wp-content\/uploads\/2019\/06\/Bremen_Samstagabend.jpg?w=1200&amp;ssl=1 1200w, https:\/\/i0.wp.com\/www.tuseichholzremmighausen.de\/wordpress\/wp-content\/uploads\/2019\/06\/Bremen_Samstagabend.jpg?resize=600%2C338&amp;ssl=1 600w, https:\/\/i0.wp.com\/www.tuseichholzremmighausen.de\/wordpress\/wp-content\/uploads\/2019\/06\/Bremen_Samstagabend.jpg?resize=300%2C169&amp;ssl=1 300w, https:\/\/i0.wp.com\/www.tuseichholzremmighausen.de\/wordpress\/wp-content\/uploads\/2019\/06\/Bremen_Samstagabend.jpg?resize=768%2C432&amp;ssl=1 768w, https:\/\/i0.wp.com\/www.tuseichholzremmighausen.de\/wordpress\/wp-content\/uploads\/2019\/06\/Bremen_Samstagabend.jpg?resize=1024%2C576&amp;ssl=1 1024w\" sizes=\"auto, (max-width: 800px) 100vw, 800px\" \/><figcaption id=\"caption-attachment-11870\" class=\"wp-caption-text\">Stimmung in der Hotellobby<\/figcaption><\/figure>\n<p><span style=\"color: #000000; font-family: Calibri;\">Am Sonntag durfte ausgeschlafen werden, da erst um 12:30 Uhr die n\u00e4chste Partie auf dem Plan stand.<\/span><\/p>\n<figure id=\"attachment_11874\" aria-describedby=\"caption-attachment-11874\" style=\"width: 1200px\" class=\"wp-caption alignnone\"><img data-recalc-dims=\"1\" loading=\"lazy\" decoding=\"async\" data-attachment-id=\"11874\" data-permalink=\"https:\/\/www.tuseichholzremmighausen.de\/wordpress\/archives\/11867\/bremen_sonntag-443\" data-orig-file=\"https:\/\/i0.wp.com\/www.tuseichholzremmighausen.de\/wordpress\/wp-content\/uploads\/2019\/06\/Bremen_Sonntag-443.jpg?fit=1200%2C800&amp;ssl=1\" data-orig-size=\"1200,800\" data-comments-opened=\"0\" data-image-meta=\"{&quot;aperture&quot;:&quot;7.1&quot;,&quot;credit&quot;:&quot;Rolf Gehrke&quot;,&quot;camera&quot;:&quot;Canon EOS 80D&quot;,&quot;caption&quot;:&quot;&quot;,&quot;created_timestamp&quot;:&quot;1560080058&quot;,&quot;copyright&quot;:&quot;RGehrke2019&quot;,&quot;focal_length&quot;:&quot;168&quot;,&quot;iso&quot;:&quot;320&quot;,&quot;shutter_speed&quot;:&quot;0.0005&quot;,&quot;title&quot;:&quot;&quot;,&quot;orientation&quot;:&quot;1&quot;}\" data-image-title=\"Bremen_Sonntag (443)\" data-image-description=\"&lt;p&gt;Shake-Hands f\u00fcr Gemeinschaft,Team und mannschaftliche Geschlossenheit&lt;\/p&gt;\n\" data-image-caption=\"&lt;p&gt;Shake-Hands f\u00fcr Gemeinschaft,Team und mannschaftliche Geschlossenheit&lt;\/p&gt;\n\" data-large-file=\"https:\/\/i0.wp.com\/www.tuseichholzremmighausen.de\/wordpress\/wp-content\/uploads\/2019\/06\/Bremen_Sonntag-443.jpg?fit=800%2C534&amp;ssl=1\" width=\"800\" height=\"533\" class=\"size-full wp-image-11874\" alt=\"\" src=\"https:\/\/i0.wp.com\/www.tuseichholzremmighausen.de\/wordpress\/wp-content\/uploads\/2019\/06\/Bremen_Sonntag-443.jpg?resize=800%2C533&#038;ssl=1\" srcset=\"https:\/\/i0.wp.com\/www.tuseichholzremmighausen.de\/wordpress\/wp-content\/uploads\/2019\/06\/Bremen_Sonntag-443.jpg?w=1200&amp;ssl=1 1200w, https:\/\/i0.wp.com\/www.tuseichholzremmighausen.de\/wordpress\/wp-content\/uploads\/2019\/06\/Bremen_Sonntag-443.jpg?resize=600%2C400&amp;ssl=1 600w, https:\/\/i0.wp.com\/www.tuseichholzremmighausen.de\/wordpress\/wp-content\/uploads\/2019\/06\/Bremen_Sonntag-443.jpg?resize=300%2C200&amp;ssl=1 300w, https:\/\/i0.wp.com\/www.tuseichholzremmighausen.de\/wordpress\/wp-content\/uploads\/2019\/06\/Bremen_Sonntag-443.jpg?resize=768%2C512&amp;ssl=1 768w, https:\/\/i0.wp.com\/www.tuseichholzremmighausen.de\/wordpress\/wp-content\/uploads\/2019\/06\/Bremen_Sonntag-443.jpg?resize=1024%2C683&amp;ssl=1 1024w\" sizes=\"auto, (max-width: 800px) 100vw, 800px\" \/><figcaption id=\"caption-attachment-11874\" class=\"wp-caption-text\">Shake-Hands f\u00fcr Gemeinschaft, Team und mannschaftliche Geschlossenheit<\/figcaption><\/figure>\n<p><span style=\"color: #000000; font-family: Calibri;\">&nbsp;<\/span><\/p>\n<p><span style=\"color: #000000; font-family: Calibri;\">Sportlich boten die Eichholzer M\u00e4dels klasse Spiele mit ansprechenden und \u00fcberzeugenden Leistungen.<\/span><\/p>\n<figure id=\"attachment_11872\" aria-describedby=\"caption-attachment-11872\" style=\"width: 1200px\" class=\"wp-caption alignnone\"><img data-recalc-dims=\"1\" loading=\"lazy\" decoding=\"async\" data-attachment-id=\"11872\" data-permalink=\"https:\/\/www.tuseichholzremmighausen.de\/wordpress\/archives\/11867\/bremen_samstag-1267\" data-orig-file=\"https:\/\/i0.wp.com\/www.tuseichholzremmighausen.de\/wordpress\/wp-content\/uploads\/2019\/06\/Bremen_Samstag-1267.jpg?fit=1200%2C800&amp;ssl=1\" data-orig-size=\"1200,800\" data-comments-opened=\"0\" data-image-meta=\"{&quot;aperture&quot;:&quot;4.5&quot;,&quot;credit&quot;:&quot;Rolf Gehrke&quot;,&quot;camera&quot;:&quot;Canon EOS 80D&quot;,&quot;caption&quot;:&quot;&quot;,&quot;created_timestamp&quot;:&quot;1559997689&quot;,&quot;copyright&quot;:&quot;RGehrke2019&quot;,&quot;focal_length&quot;:&quot;100&quot;,&quot;iso&quot;:&quot;500&quot;,&quot;shutter_speed&quot;:&quot;0.0008&quot;,&quot;title&quot;:&quot;&quot;,&quot;orientation&quot;:&quot;1&quot;}\" data-image-title=\"Bremen_Samstag (1267)\" data-image-description=\"&lt;p&gt;Schwerstarbeit f\u00fcr die Eichholzer Defensive &amp;#8211; Turniersieger Kamerun fordert den TuS&lt;\/p&gt;\n\" data-image-caption=\"&lt;p&gt;Schwerstarbeit f\u00fcr die Eichholzer Defensive &amp;#8211; Turniersieger Kamerun fordert den TuS&lt;\/p&gt;\n\" data-large-file=\"https:\/\/i0.wp.com\/www.tuseichholzremmighausen.de\/wordpress\/wp-content\/uploads\/2019\/06\/Bremen_Samstag-1267.jpg?fit=800%2C534&amp;ssl=1\" width=\"800\" height=\"533\" class=\"size-full wp-image-11872\" alt=\"\" src=\"https:\/\/i0.wp.com\/www.tuseichholzremmighausen.de\/wordpress\/wp-content\/uploads\/2019\/06\/Bremen_Samstag-1267.jpg?resize=800%2C533&#038;ssl=1\" srcset=\"https:\/\/i0.wp.com\/www.tuseichholzremmighausen.de\/wordpress\/wp-content\/uploads\/2019\/06\/Bremen_Samstag-1267.jpg?w=1200&amp;ssl=1 1200w, https:\/\/i0.wp.com\/www.tuseichholzremmighausen.de\/wordpress\/wp-content\/uploads\/2019\/06\/Bremen_Samstag-1267.jpg?resize=600%2C400&amp;ssl=1 600w, https:\/\/i0.wp.com\/www.tuseichholzremmighausen.de\/wordpress\/wp-content\/uploads\/2019\/06\/Bremen_Samstag-1267.jpg?resize=300%2C200&amp;ssl=1 300w, https:\/\/i0.wp.com\/www.tuseichholzremmighausen.de\/wordpress\/wp-content\/uploads\/2019\/06\/Bremen_Samstag-1267.jpg?resize=768%2C512&amp;ssl=1 768w, https:\/\/i0.wp.com\/www.tuseichholzremmighausen.de\/wordpress\/wp-content\/uploads\/2019\/06\/Bremen_Samstag-1267.jpg?resize=1024%2C683&amp;ssl=1 1024w\" sizes=\"auto, (max-width: 800px) 100vw, 800px\" \/><figcaption id=\"caption-attachment-11872\" class=\"wp-caption-text\">Schwerstarbeit f\u00fcr die Eichholzer Defensive &#8211; Turniersieger Kamerun fordert den TuS<\/figcaption><\/figure>\n<p><span style=\"color: #000000; font-family: Calibri;\">F\u00fcr eine vordere Platzierung in der Endabrechnung reichte es leider nicht. <\/span><\/p>\n<p><span style=\"font-family: Calibri;\"><span style=\"color: #000000;\">Wie gro\u00df die Herausforderung f\u00fcr den TuS war, stellte sich am Ende des Turnieres in besonderer Form heraus: &nbsp;Vorrunden Gruppengegner Kamerun holte sich \u00fcberzeugend und ungef\u00e4hrdet den Turniersieg.<\/span><\/span><\/p>\n<figure id=\"attachment_11869\" aria-describedby=\"caption-attachment-11869\" style=\"width: 800px\" class=\"wp-caption alignnone\"><img data-recalc-dims=\"1\" loading=\"lazy\" decoding=\"async\" data-attachment-id=\"11869\" data-permalink=\"https:\/\/www.tuseichholzremmighausen.de\/wordpress\/archives\/11867\/bremen_sonntag-1047\" data-orig-file=\"https:\/\/i0.wp.com\/www.tuseichholzremmighausen.de\/wordpress\/wp-content\/uploads\/2019\/06\/Bremen_Sonntag-1047.jpg?fit=1200%2C800&amp;ssl=1\" data-orig-size=\"1200,800\" data-comments-opened=\"0\" data-image-meta=\"{&quot;aperture&quot;:&quot;5.6&quot;,&quot;credit&quot;:&quot;Rolf Gehrke&quot;,&quot;camera&quot;:&quot;Canon EOS 80D&quot;,&quot;caption&quot;:&quot;&quot;,&quot;created_timestamp&quot;:&quot;1560093297&quot;,&quot;copyright&quot;:&quot;RGehrke2019&quot;,&quot;focal_length&quot;:&quot;37&quot;,&quot;iso&quot;:&quot;250&quot;,&quot;shutter_speed&quot;:&quot;0.003125&quot;,&quot;title&quot;:&quot;&quot;,&quot;orientation&quot;:&quot;1&quot;}\" data-image-title=\"Bremen_Sonntag (1047)\" data-image-description=\"\" data-image-caption=\"&lt;p&gt;Herzliche Gratulation an TSV Schwaben Augsburg&lt;\/p&gt;\n\" data-large-file=\"https:\/\/i0.wp.com\/www.tuseichholzremmighausen.de\/wordpress\/wp-content\/uploads\/2019\/06\/Bremen_Sonntag-1047.jpg?fit=800%2C534&amp;ssl=1\" width=\"800\" height=\"534\" class=\"size-large wp-image-11869\" alt=\"\" src=\"https:\/\/i0.wp.com\/www.tuseichholzremmighausen.de\/wordpress\/wp-content\/uploads\/2019\/06\/Bremen_Sonntag-1047.jpg?resize=800%2C534&#038;ssl=1\" srcset=\"https:\/\/i0.wp.com\/www.tuseichholzremmighausen.de\/wordpress\/wp-content\/uploads\/2019\/06\/Bremen_Sonntag-1047.jpg?resize=1024%2C683&amp;ssl=1 1024w, https:\/\/i0.wp.com\/www.tuseichholzremmighausen.de\/wordpress\/wp-content\/uploads\/2019\/06\/Bremen_Sonntag-1047.jpg?resize=600%2C400&amp;ssl=1 600w, https:\/\/i0.wp.com\/www.tuseichholzremmighausen.de\/wordpress\/wp-content\/uploads\/2019\/06\/Bremen_Sonntag-1047.jpg?resize=300%2C200&amp;ssl=1 300w, https:\/\/i0.wp.com\/www.tuseichholzremmighausen.de\/wordpress\/wp-content\/uploads\/2019\/06\/Bremen_Sonntag-1047.jpg?resize=768%2C512&amp;ssl=1 768w, https:\/\/i0.wp.com\/www.tuseichholzremmighausen.de\/wordpress\/wp-content\/uploads\/2019\/06\/Bremen_Sonntag-1047.jpg?w=1200&amp;ssl=1 1200w\" sizes=\"auto, (max-width: 800px) 100vw, 800px\" \/><figcaption id=\"caption-attachment-11869\" class=\"wp-caption-text\">Herzliche Gratulation an TSV Schwaben Augsburg<\/figcaption><\/figure>\n<p><span style=\"font-family: Calibri;\"><span style=\"color: #000000;\">Gruppengegner Niederlande belegte Rang drei. In jeder der anderen Vorrundengruppe w\u00e4re ein Weiterkommen in die vorderen Platzierungen machbarer gewesen. &nbsp;<\/span><\/span><\/p>\n<p><span style=\"color: #000000; font-family: Calibri;\">Ein gro\u00dfes Lob geht auch an den Ausrichter und Veranstalter Ballfreunde, Spezialisten f\u00fcr internationale Turnierorganisation. Die gesamte Veranstaltungsorganisation mit hervorragendem Catering und gro\u00dfem Rahmenprogramm sind sicher als voller Erfolg zu bezeichnen.<\/span><\/p>\n<p><strong><span style=\"font-family: Calibri;\"><span style=\"color: #000000;\">Getreu dem TuS-Motto: Fu\u00dfball f\u00e4ngt mit Gemeinschaft an, sorgten damit alle zusammen \u2013 als Team und Gemeinschaft f\u00fcr ein aufregendes und unvergessliches Saisonhighlight. &nbsp;<\/span><\/span><\/strong><\/p>\n<p><span style=\"color: #000000;\"><span style=\"font-family: Calibri;\">Eine kleine Bilderserie in 4 Teilen zum Event ist online:&nbsp;<\/span><\/span><\/p>\n<p><a href=\"https:\/\/www.facebook.com\/pg\/tuseichholzremmighausen\/photos\/?tab=album&amp;album_id=2357534367602249\" target=\"_blank\" rel=\"noopener noreferrer\">Klick f\u00fcr Teil 1 \ud83d\ude09<\/a><\/p>\n<p><span style=\"color: #000000;\"><span style=\"font-family: Calibri;\"> <a href=\"https:\/\/www.facebook.com\/pg\/tuseichholzremmighausen\/photos\/?tab=album&amp;album_id=2357622837593402\" target=\"_blank\" rel=\"noopener noreferrer\">Klick f\u00fcr Teil 2 \ud83d\ude09<\/a> <\/span><span style=\"font-family: Calibri;\">&nbsp; &nbsp; &nbsp; <a href=\"https:\/\/www.facebook.com\/pg\/tuseichholzremmighausen\/photos\/?tab=album&amp;album_id=2357839560905063\" target=\"_blank\" rel=\"noopener noreferrer\">Klick f\u00fcr Teil 3 \ud83d\ude09<\/a>&nbsp; &nbsp; &nbsp; <a href=\"https:\/\/www.facebook.com\/pg\/tuseichholzremmighausen\/photos\/?tab=album&amp;album_id=2357845867571099\" target=\"_blank\" rel=\"noopener noreferrer\">Klick f\u00fcr Teil 4 \ud83d\ude09<\/a>&nbsp;<\/span><\/span><\/p>\n<p>&nbsp;<\/p>\n","protected":false},"excerpt":{"rendered":"<p>Eichholzer M\u00e4dels international unterwegs<\/p>\n","protected":false},"author":16,"featured_media":11868,"comment_status":"closed","ping_status":"open","sticky":false,"template":"","format":"standard","meta":{"colormag_page_container_layout":"default_layout","colormag_page_sidebar_layout":"default_layout","_jetpack_memberships_contains_paid_content":false,"footnotes":"","jetpack_publicize_message":"","jetpack_publicize_feature_enabled":true,"jetpack_social_post_already_shared":false,"jetpack_social_options":{"image_generator_settings":{"template":"highway","default_image_id":0,"font":"","enabled":false},"version":2}},"categories":[157,158],"tags":[],"class_list":["post-11867","post","type-post","status-publish","format-standard","has-post-thumbnail","hentry","category-archiv","category-fb-jugend-aktuell"],"jetpack_publicize_connections":[],"jetpack_featured_media_url":"https:\/\/i0.wp.com\/www.tuseichholzremmighausen.de\/wordpress\/wp-content\/uploads\/2019\/06\/Bremen_Sonntag-1000.jpg?fit=1200%2C675&ssl=1","jetpack_sharing_enabled":true,"_links":{"self":[{"href":"https:\/\/www.tuseichholzremmighausen.de\/wordpress\/wp-json\/wp\/v2\/posts\/11867","targetHints":{"allow":["GET"]}}],"collection":[{"href":"https:\/\/www.tuseichholzremmighausen.de\/wordpress\/wp-json\/wp\/v2\/posts"}],"about":[{"href":"https:\/\/www.tuseichholzremmighausen.de\/wordpress\/wp-json\/wp\/v2\/types\/post"}],"author":[{"embeddable":true,"href":"https:\/\/www.tuseichholzremmighausen.de\/wordpress\/wp-json\/wp\/v2\/users\/16"}],"replies":[{"embeddable":true,"href":"https:\/\/www.tuseichholzremmighausen.de\/wordpress\/wp-json\/wp\/v2\/comments?post=11867"}],"version-history":[{"count":0,"href":"https:\/\/www.tuseichholzremmighausen.de\/wordpress\/wp-json\/wp\/v2\/posts\/11867\/revisions"}],"wp:featuredmedia":[{"embeddable":true,"href":"https:\/\/www.tuseichholzremmighausen.de\/wordpress\/wp-json\/wp\/v2\/media\/11868"}],"wp:attachment":[{"href":"https:\/\/www.tuseichholzremmighausen.de\/wordpress\/wp-json\/wp\/v2\/media?parent=11867"}],"wp:term":[{"taxonomy":"category","embeddable":true,"href":"https:\/\/www.tuseichholzremmighausen.de\/wordpress\/wp-json\/wp\/v2\/categories?post=11867"},{"taxonomy":"post_tag","embeddable":true,"href":"https:\/\/www.tuseichholzremmighausen.de\/wordpress\/wp-json\/wp\/v2\/tags?post=11867"}],"curies":[{"name":"wp","href":"https:\/\/api.w.org\/{rel}","templated":true}]}}