{"id":11927,"date":"2019-06-22T10:03:38","date_gmt":"2019-06-22T08:03:38","guid":{"rendered":"https:\/\/www.tuseichholzremmighausen.de\/wordpress\/?p=11927"},"modified":"2020-09-11T20:38:49","modified_gmt":"2020-09-11T18:38:49","slug":"tobias-reinhardt-der-neue-im-trainerteam-der-juniorinnen","status":"publish","type":"post","link":"https:\/\/www.tuseichholzremmighausen.de\/wordpress\/archives\/11927","title":{"rendered":"Tobias Reinhardt \u2013 \u201eDer Neue\u201c im Trainerteam der Juniorinnen"},"content":{"rendered":"<p><span style=\"color: #000000; font-family: Calibri;\">Der erfolgreiche Trainer- und Betreuerstab der Juniorinnen erf\u00e4hrt zur kommenden Saison Ver\u00e4nderungen. <\/span><\/p>\n<p><span style=\"color: #000000; font-family: Calibri;\">Schon l\u00e4nger ist bekannt, dass Julia Tavernier aus beruflichen Gr\u00fcnden Abschied nehmen wird.<\/span><\/p>\n<figure id=\"attachment_11929\" aria-describedby=\"caption-attachment-11929\" style=\"width: 1200px\" class=\"wp-caption alignnone\"><img data-recalc-dims=\"1\" loading=\"lazy\" decoding=\"async\" data-attachment-id=\"11929\" data-permalink=\"https:\/\/www.tuseichholzremmighausen.de\/wordpress\/archives\/11927\/fb_c-juniorinnen_coacheteam\" data-orig-file=\"https:\/\/i0.wp.com\/www.tuseichholzremmighausen.de\/wordpress\/wp-content\/uploads\/2019\/06\/fb_c-juniorinnen_Coacheteam.jpg?fit=1200%2C675&amp;ssl=1\" data-orig-size=\"1200,675\" data-comments-opened=\"0\" data-image-meta=\"{&quot;aperture&quot;:&quot;10&quot;,&quot;credit&quot;:&quot;Rolf Gehrke&quot;,&quot;camera&quot;:&quot;Canon EOS 80D&quot;,&quot;caption&quot;:&quot;&quot;,&quot;created_timestamp&quot;:&quot;1560612928&quot;,&quot;copyright&quot;:&quot;RGehrke2019&quot;,&quot;focal_length&quot;:&quot;38&quot;,&quot;iso&quot;:&quot;200&quot;,&quot;shutter_speed&quot;:&quot;0.00625&quot;,&quot;title&quot;:&quot;&quot;,&quot;orientation&quot;:&quot;1&quot;}\" data-image-title=\"fb_c-juniorinnen_Coacheteam\" data-image-description=\"&lt;p&gt;Julia mit Andreas und Naroz, das Trainer-Trio der letzten Jahre&lt;\/p&gt;\n\" data-image-caption=\"&lt;p&gt;Julia mit Andreas und Naroz, das Trainer-Trio der letzten Jahre&lt;\/p&gt;\n\" data-large-file=\"https:\/\/i0.wp.com\/www.tuseichholzremmighausen.de\/wordpress\/wp-content\/uploads\/2019\/06\/fb_c-juniorinnen_Coacheteam.jpg?fit=800%2C450&amp;ssl=1\" width=\"800\" height=\"450\" class=\"size-full wp-image-11929\" alt=\"\" src=\"https:\/\/i0.wp.com\/www.tuseichholzremmighausen.de\/wordpress\/wp-content\/uploads\/2019\/06\/fb_c-juniorinnen_Coacheteam.jpg?resize=800%2C450&#038;ssl=1\" srcset=\"https:\/\/i0.wp.com\/www.tuseichholzremmighausen.de\/wordpress\/wp-content\/uploads\/2019\/06\/fb_c-juniorinnen_Coacheteam.jpg?w=1200&amp;ssl=1 1200w, https:\/\/i0.wp.com\/www.tuseichholzremmighausen.de\/wordpress\/wp-content\/uploads\/2019\/06\/fb_c-juniorinnen_Coacheteam.jpg?resize=600%2C338&amp;ssl=1 600w, https:\/\/i0.wp.com\/www.tuseichholzremmighausen.de\/wordpress\/wp-content\/uploads\/2019\/06\/fb_c-juniorinnen_Coacheteam.jpg?resize=300%2C169&amp;ssl=1 300w, https:\/\/i0.wp.com\/www.tuseichholzremmighausen.de\/wordpress\/wp-content\/uploads\/2019\/06\/fb_c-juniorinnen_Coacheteam.jpg?resize=768%2C432&amp;ssl=1 768w, https:\/\/i0.wp.com\/www.tuseichholzremmighausen.de\/wordpress\/wp-content\/uploads\/2019\/06\/fb_c-juniorinnen_Coacheteam.jpg?resize=1024%2C576&amp;ssl=1 1024w\" sizes=\"auto, (max-width: 800px) 100vw, 800px\" \/><figcaption id=\"caption-attachment-11929\" class=\"wp-caption-text\">Julia mit Andreas und Naroz, das Trainer-Trio der letzten Jahre<\/figcaption><\/figure>\n<p><span style=\"color: #000000; font-family: Calibri;\">Ihre herzliche und emotionale Verabschiedung fand am vergangenen Wochenende nach dem Titelgewinn mit den M\u00e4dels bei der Meisterparty statt. Dass ihr der Abschied nicht leichtf\u00e4llt, ist sehr deutlich geworden.<\/span><\/p>\n<figure id=\"attachment_11931\" aria-describedby=\"caption-attachment-11931\" style=\"width: 1200px\" class=\"wp-caption alignnone\"><img data-recalc-dims=\"1\" loading=\"lazy\" decoding=\"async\" data-attachment-id=\"11931\" data-permalink=\"https:\/\/www.tuseichholzremmighausen.de\/wordpress\/archives\/11927\/meister-feier_190615-1216\" data-orig-file=\"https:\/\/i0.wp.com\/www.tuseichholzremmighausen.de\/wordpress\/wp-content\/uploads\/2019\/06\/Meister-Feier_190615-1216.jpg?fit=1200%2C800&amp;ssl=1\" data-orig-size=\"1200,800\" data-comments-opened=\"0\" data-image-meta=\"{&quot;aperture&quot;:&quot;2&quot;,&quot;credit&quot;:&quot;&quot;,&quot;camera&quot;:&quot;G8441&quot;,&quot;caption&quot;:&quot;&quot;,&quot;created_timestamp&quot;:&quot;1560630339&quot;,&quot;copyright&quot;:&quot;&quot;,&quot;focal_length&quot;:&quot;4.4&quot;,&quot;iso&quot;:&quot;64&quot;,&quot;shutter_speed&quot;:&quot;0.01&quot;,&quot;title&quot;:&quot;&quot;,&quot;orientation&quot;:&quot;1&quot;}\" data-image-title=\"Meister-Feier_190615 (1216)\" data-image-description=\"&lt;p&gt;Das scheidende Trainerteam (im Jamaika-Outfit vom Turnier in Bremen)&lt;\/p&gt;\n\" data-image-caption=\"\" data-large-file=\"https:\/\/i0.wp.com\/www.tuseichholzremmighausen.de\/wordpress\/wp-content\/uploads\/2019\/06\/Meister-Feier_190615-1216.jpg?fit=800%2C534&amp;ssl=1\" width=\"800\" height=\"533\" class=\"size-full wp-image-11931\" alt=\"\" src=\"https:\/\/i0.wp.com\/www.tuseichholzremmighausen.de\/wordpress\/wp-content\/uploads\/2019\/06\/Meister-Feier_190615-1216.jpg?resize=800%2C533&#038;ssl=1\" srcset=\"https:\/\/i0.wp.com\/www.tuseichholzremmighausen.de\/wordpress\/wp-content\/uploads\/2019\/06\/Meister-Feier_190615-1216.jpg?w=1200&amp;ssl=1 1200w, https:\/\/i0.wp.com\/www.tuseichholzremmighausen.de\/wordpress\/wp-content\/uploads\/2019\/06\/Meister-Feier_190615-1216.jpg?resize=600%2C400&amp;ssl=1 600w, https:\/\/i0.wp.com\/www.tuseichholzremmighausen.de\/wordpress\/wp-content\/uploads\/2019\/06\/Meister-Feier_190615-1216.jpg?resize=300%2C200&amp;ssl=1 300w, https:\/\/i0.wp.com\/www.tuseichholzremmighausen.de\/wordpress\/wp-content\/uploads\/2019\/06\/Meister-Feier_190615-1216.jpg?resize=768%2C512&amp;ssl=1 768w, https:\/\/i0.wp.com\/www.tuseichholzremmighausen.de\/wordpress\/wp-content\/uploads\/2019\/06\/Meister-Feier_190615-1216.jpg?resize=1024%2C683&amp;ssl=1 1024w\" sizes=\"auto, (max-width: 800px) 100vw, 800px\" \/><figcaption id=\"caption-attachment-11931\" class=\"wp-caption-text\">Das scheidende Trainerteam (im Jamaika-Outfit vom Turnier in Bremen)<\/figcaption><\/figure>\n<p><span style=\"color: #000000; font-family: Calibri;\">Zusammen mit Naroz bedankte Julia sich bei Andreas Suermann f\u00fcr eine gro\u00dfartige Zeit mit einem Fotobuch, welches die vergangenen Jahre der erfolgreichen Trainergemeinschaft dokumentiert.<\/span><\/p>\n<figure id=\"attachment_11930\" aria-describedby=\"caption-attachment-11930\" style=\"width: 1200px\" class=\"wp-caption alignnone\"><img data-recalc-dims=\"1\" loading=\"lazy\" decoding=\"async\" data-attachment-id=\"11930\" data-permalink=\"https:\/\/www.tuseichholzremmighausen.de\/wordpress\/archives\/11927\/meister-feier_190615-1203\" data-orig-file=\"https:\/\/i0.wp.com\/www.tuseichholzremmighausen.de\/wordpress\/wp-content\/uploads\/2019\/06\/Meister-Feier_190615-1203.jpg?fit=1200%2C800&amp;ssl=1\" data-orig-size=\"1200,800\" data-comments-opened=\"0\" data-image-meta=\"{&quot;aperture&quot;:&quot;2&quot;,&quot;credit&quot;:&quot;&quot;,&quot;camera&quot;:&quot;G8441&quot;,&quot;caption&quot;:&quot;&quot;,&quot;created_timestamp&quot;:&quot;1560630152&quot;,&quot;copyright&quot;:&quot;&quot;,&quot;focal_length&quot;:&quot;4.4&quot;,&quot;iso&quot;:&quot;40&quot;,&quot;shutter_speed&quot;:&quot;0.01&quot;,&quot;title&quot;:&quot;&quot;,&quot;orientation&quot;:&quot;1&quot;}\" data-image-title=\"Meister-Feier_190615 (1203)\" data-image-description=\"&lt;p&gt;Ein Dankesch\u00f6n f\u00fcr Andreas&lt;\/p&gt;\n\" data-image-caption=\"&lt;p&gt;Ein Dankesch\u00f6n f\u00fcr Andreas&lt;\/p&gt;\n\" data-large-file=\"https:\/\/i0.wp.com\/www.tuseichholzremmighausen.de\/wordpress\/wp-content\/uploads\/2019\/06\/Meister-Feier_190615-1203.jpg?fit=800%2C534&amp;ssl=1\" width=\"800\" height=\"533\" class=\"size-full wp-image-11930\" alt=\"\" src=\"https:\/\/i0.wp.com\/www.tuseichholzremmighausen.de\/wordpress\/wp-content\/uploads\/2019\/06\/Meister-Feier_190615-1203.jpg?resize=800%2C533&#038;ssl=1\" srcset=\"https:\/\/i0.wp.com\/www.tuseichholzremmighausen.de\/wordpress\/wp-content\/uploads\/2019\/06\/Meister-Feier_190615-1203.jpg?w=1200&amp;ssl=1 1200w, https:\/\/i0.wp.com\/www.tuseichholzremmighausen.de\/wordpress\/wp-content\/uploads\/2019\/06\/Meister-Feier_190615-1203.jpg?resize=600%2C400&amp;ssl=1 600w, https:\/\/i0.wp.com\/www.tuseichholzremmighausen.de\/wordpress\/wp-content\/uploads\/2019\/06\/Meister-Feier_190615-1203.jpg?resize=300%2C200&amp;ssl=1 300w, https:\/\/i0.wp.com\/www.tuseichholzremmighausen.de\/wordpress\/wp-content\/uploads\/2019\/06\/Meister-Feier_190615-1203.jpg?resize=768%2C512&amp;ssl=1 768w, https:\/\/i0.wp.com\/www.tuseichholzremmighausen.de\/wordpress\/wp-content\/uploads\/2019\/06\/Meister-Feier_190615-1203.jpg?resize=1024%2C683&amp;ssl=1 1024w\" sizes=\"auto, (max-width: 800px) 100vw, 800px\" \/><figcaption id=\"caption-attachment-11930\" class=\"wp-caption-text\">Ein Dankesch\u00f6n f\u00fcr Andreas<\/figcaption><\/figure>\n<p><span style=\"color: #000000; font-family: Calibri;\">Direkt im Anschluss wurde Tobias Reinhardt unter gro\u00dfem Applaus ins Trainerteam der Juniorinnen aufgenommen. Der sportliche Leiter Mohamed Ali Ben Ayed bedankte sich bei Julia, Naroz und Andreas f\u00fcr die hervorragende Arbeit mit den Juniorinnen. Nach den Meistertiteln bei den E- und D-Juniorinnen der vergangenen Jahre, fand diese einen weiteren H\u00f6hepunkt mit der Meisterschaft der C-Juniorinnen 2019. Die offizielle Meisterehrung durch den Fu\u00dfballkreis Paderborn wird voraussichtlich kurz vor den Sommerferien stattfinden. <\/span><\/p>\n<p><span style=\"font-family: Calibri;\"><span style=\"color: #000000;\">Ein Abschied ist auch ein Neuanfang:<\/span><\/span><\/p>\n<figure id=\"attachment_11932\" aria-describedby=\"caption-attachment-11932\" style=\"width: 1200px\" class=\"wp-caption alignnone\"><img data-recalc-dims=\"1\" loading=\"lazy\" decoding=\"async\" data-attachment-id=\"11932\" data-permalink=\"https:\/\/www.tuseichholzremmighausen.de\/wordpress\/archives\/11927\/fb_c-juniorinnen_coaches_19_20\" data-orig-file=\"https:\/\/i0.wp.com\/www.tuseichholzremmighausen.de\/wordpress\/wp-content\/uploads\/2019\/06\/fb_c-juniorinnen_Coaches_19_20.jpg?fit=1200%2C675&amp;ssl=1\" data-orig-size=\"1200,675\" data-comments-opened=\"0\" data-image-meta=\"{&quot;aperture&quot;:&quot;11&quot;,&quot;credit&quot;:&quot;Rolf Gehrke&quot;,&quot;camera&quot;:&quot;Canon EOS 80D&quot;,&quot;caption&quot;:&quot;&quot;,&quot;created_timestamp&quot;:&quot;1560612951&quot;,&quot;copyright&quot;:&quot;RGehrke2019&quot;,&quot;focal_length&quot;:&quot;24&quot;,&quot;iso&quot;:&quot;200&quot;,&quot;shutter_speed&quot;:&quot;0.00625&quot;,&quot;title&quot;:&quot;&quot;,&quot;orientation&quot;:&quot;1&quot;}\" data-image-title=\"fb_c-juniorinnen_Coaches_19_20\" data-image-description=\"&lt;p&gt;Das neue Trainer-Trio: Andreas Suermann, Naroz \u00d6zmen und Tobias Reinhardt&lt;\/p&gt;\n\" data-image-caption=\"&lt;p&gt;Das neue Trainer-Trio: Andreas Suermann, Naroz \u00d6zmen und Tobias Reinhardt&lt;\/p&gt;\n\" data-large-file=\"https:\/\/i0.wp.com\/www.tuseichholzremmighausen.de\/wordpress\/wp-content\/uploads\/2019\/06\/fb_c-juniorinnen_Coaches_19_20.jpg?fit=800%2C450&amp;ssl=1\" width=\"800\" height=\"450\" class=\"size-full wp-image-11932\" alt=\"\" src=\"https:\/\/i0.wp.com\/www.tuseichholzremmighausen.de\/wordpress\/wp-content\/uploads\/2019\/06\/fb_c-juniorinnen_Coaches_19_20.jpg?resize=800%2C450&#038;ssl=1\" srcset=\"https:\/\/i0.wp.com\/www.tuseichholzremmighausen.de\/wordpress\/wp-content\/uploads\/2019\/06\/fb_c-juniorinnen_Coaches_19_20.jpg?w=1200&amp;ssl=1 1200w, https:\/\/i0.wp.com\/www.tuseichholzremmighausen.de\/wordpress\/wp-content\/uploads\/2019\/06\/fb_c-juniorinnen_Coaches_19_20.jpg?resize=600%2C338&amp;ssl=1 600w, https:\/\/i0.wp.com\/www.tuseichholzremmighausen.de\/wordpress\/wp-content\/uploads\/2019\/06\/fb_c-juniorinnen_Coaches_19_20.jpg?resize=300%2C169&amp;ssl=1 300w, https:\/\/i0.wp.com\/www.tuseichholzremmighausen.de\/wordpress\/wp-content\/uploads\/2019\/06\/fb_c-juniorinnen_Coaches_19_20.jpg?resize=768%2C432&amp;ssl=1 768w, https:\/\/i0.wp.com\/www.tuseichholzremmighausen.de\/wordpress\/wp-content\/uploads\/2019\/06\/fb_c-juniorinnen_Coaches_19_20.jpg?resize=1024%2C576&amp;ssl=1 1024w\" sizes=\"auto, (max-width: 800px) 100vw, 800px\" \/><figcaption id=\"caption-attachment-11932\" class=\"wp-caption-text\">Das neue Trainer-Trio: Andreas Suermann, Naroz \u00d6zmen und Tobias Reinhardt<\/figcaption><\/figure>\n<p><span style=\"font-family: Calibri;\"><span style=\"color: #000000;\">&nbsp;Mohamed begr\u00fc\u00dft Tobias Reinhardt als \u201eden Neuen\u201c im Trainerteam. F\u00fcr die Teamkollegen Andreas Suermann und Naroz \u00d6zmen ist Tobias allerdings gar kein \u201eNeuer\u201c\u2026 er begleitete die Juniorinnen schon seit seine Tochter Laura in der Mannschaft ist. In vielen Spielern stand er schon mit Rat und Tat als Unterst\u00fctzung an der Seitenlinie. Mohamed freut sich auf eine gute Zusammenarbeit mit dem neuen Trainerteam und w\u00fcnscht viel Erfolg f\u00fcr die Saison 19\/20! &nbsp;<\/span><\/span><\/p>\n","protected":false},"excerpt":{"rendered":"<p>Tobias Reinhardt \u2013 \u201eDer Neue\u201c im Trainerteam der Juniorinnen<\/p>\n","protected":false},"author":16,"featured_media":11928,"comment_status":"closed","ping_status":"open","sticky":false,"template":"","format":"standard","meta":{"colormag_page_container_layout":"default_layout","colormag_page_sidebar_layout":"default_layout","_jetpack_memberships_contains_paid_content":false,"footnotes":"","jetpack_publicize_message":"Tobias Reinhardt \u2013 \u201eDer Neue\u201c im Trainertrio der Juniorinnen","jetpack_publicize_feature_enabled":true,"jetpack_social_post_already_shared":true,"jetpack_social_options":{"image_generator_settings":{"template":"highway","default_image_id":0,"font":"","enabled":false},"version":2}},"categories":[157,158],"tags":[],"class_list":["post-11927","post","type-post","status-publish","format-standard","has-post-thumbnail","hentry","category-archiv","category-fb-jugend-aktuell"],"jetpack_publicize_connections":[],"jetpack_featured_media_url":"https:\/\/i0.wp.com\/www.tuseichholzremmighausen.de\/wordpress\/wp-content\/uploads\/2019\/06\/fb_c-juniorinnen_Coaches19_20.jpg?fit=1200%2C675&ssl=1","jetpack_sharing_enabled":true,"_links":{"self":[{"href":"https:\/\/www.tuseichholzremmighausen.de\/wordpress\/wp-json\/wp\/v2\/posts\/11927","targetHints":{"allow":["GET"]}}],"collection":[{"href":"https:\/\/www.tuseichholzremmighausen.de\/wordpress\/wp-json\/wp\/v2\/posts"}],"about":[{"href":"https:\/\/www.tuseichholzremmighausen.de\/wordpress\/wp-json\/wp\/v2\/types\/post"}],"author":[{"embeddable":true,"href":"https:\/\/www.tuseichholzremmighausen.de\/wordpress\/wp-json\/wp\/v2\/users\/16"}],"replies":[{"embeddable":true,"href":"https:\/\/www.tuseichholzremmighausen.de\/wordpress\/wp-json\/wp\/v2\/comments?post=11927"}],"version-history":[{"count":0,"href":"https:\/\/www.tuseichholzremmighausen.de\/wordpress\/wp-json\/wp\/v2\/posts\/11927\/revisions"}],"wp:featuredmedia":[{"embeddable":true,"href":"https:\/\/www.tuseichholzremmighausen.de\/wordpress\/wp-json\/wp\/v2\/media\/11928"}],"wp:attachment":[{"href":"https:\/\/www.tuseichholzremmighausen.de\/wordpress\/wp-json\/wp\/v2\/media?parent=11927"}],"wp:term":[{"taxonomy":"category","embeddable":true,"href":"https:\/\/www.tuseichholzremmighausen.de\/wordpress\/wp-json\/wp\/v2\/categories?post=11927"},{"taxonomy":"post_tag","embeddable":true,"href":"https:\/\/www.tuseichholzremmighausen.de\/wordpress\/wp-json\/wp\/v2\/tags?post=11927"}],"curies":[{"name":"wp","href":"https:\/\/api.w.org\/{rel}","templated":true}]}}