{"id":11999,"date":"2019-07-09T14:00:01","date_gmt":"2019-07-09T12:00:01","guid":{"rendered":"https:\/\/www.tuseichholzremmighausen.de\/wordpress\/?p=11999"},"modified":"2020-09-11T20:38:49","modified_gmt":"2020-09-11T18:38:49","slug":"jan-runte-und-andreas-winkelgrund-leiten-fussballjugend","status":"publish","type":"post","link":"https:\/\/www.tuseichholzremmighausen.de\/wordpress\/archives\/11999","title":{"rendered":"Jan Runte und Andreas Winkelgrund leiten Fu\u00dfballjugend"},"content":{"rendered":"<p>Am Montag Abend fand der Jugendtag der Fachabteilung Fu\u00dfball statt. Nach den obligatorischen Berichten zur abgelaufenen Saison 2018\/2019 bedankte sich Jugendobmann Jan Runte bei allen f\u00fcr die geleistete Arbeit in der Fu\u00dfballjugend. Bei den anschlie\u00dfenden Wahlen wurde Jan Runte als Jugendobmann einstimmig wiedergew\u00e4hlt. Als neuer stellvertretender Jugendobmann steht ihm Andreas Winkelgrund zur Seite. Die Jugendvertreter Gerit Gr\u00f6ne, Eric Goniwiecha und Florian Hohner komplettieren den Jugendvorstand. Der sportliche Leiter Mohamed Ali Ben Ayed wird im Jugendleiter-Team zusammen mit Dirk Gr\u00f6ne (Jugend-Koordinator) und Kevin Helms (Koordination Spielbetrieb und Turniere) die Jugendobm\u00e4nner Jan und Andreas in ihrer Arbeit tatkr\u00e4ftig unterst\u00fctzen. &nbsp; &nbsp;&nbsp;<\/p>\n","protected":false},"excerpt":{"rendered":"<p>Jan Runte und Andreas Winkelgrund leiten Fu\u00dfballjugend<\/p>\n","protected":false},"author":16,"featured_media":12000,"comment_status":"closed","ping_status":"open","sticky":false,"template":"","format":"standard","meta":{"colormag_page_container_layout":"default_layout","colormag_page_sidebar_layout":"default_layout","_jetpack_memberships_contains_paid_content":false,"footnotes":"","jetpack_publicize_message":"Jan Runte und Andreas Winkelgrund leiten Fu\u00dfballjugend","jetpack_publicize_feature_enabled":true,"jetpack_social_post_already_shared":true,"jetpack_social_options":{"image_generator_settings":{"template":"highway","default_image_id":0,"font":"","enabled":false},"version":2}},"categories":[157,158],"tags":[],"class_list":["post-11999","post","type-post","status-publish","format-standard","has-post-thumbnail","hentry","category-archiv","category-fb-jugend-aktuell"],"jetpack_publicize_connections":[],"jetpack_featured_media_url":"https:\/\/i0.wp.com\/www.tuseichholzremmighausen.de\/wordpress\/wp-content\/uploads\/2019\/07\/fb_jugendleitung_190708_01.jpg?fit=1200%2C675&ssl=1","jetpack_sharing_enabled":true,"_links":{"self":[{"href":"https:\/\/www.tuseichholzremmighausen.de\/wordpress\/wp-json\/wp\/v2\/posts\/11999","targetHints":{"allow":["GET"]}}],"collection":[{"href":"https:\/\/www.tuseichholzremmighausen.de\/wordpress\/wp-json\/wp\/v2\/posts"}],"about":[{"href":"https:\/\/www.tuseichholzremmighausen.de\/wordpress\/wp-json\/wp\/v2\/types\/post"}],"author":[{"embeddable":true,"href":"https:\/\/www.tuseichholzremmighausen.de\/wordpress\/wp-json\/wp\/v2\/users\/16"}],"replies":[{"embeddable":true,"href":"https:\/\/www.tuseichholzremmighausen.de\/wordpress\/wp-json\/wp\/v2\/comments?post=11999"}],"version-history":[{"count":0,"href":"https:\/\/www.tuseichholzremmighausen.de\/wordpress\/wp-json\/wp\/v2\/posts\/11999\/revisions"}],"wp:featuredmedia":[{"embeddable":true,"href":"https:\/\/www.tuseichholzremmighausen.de\/wordpress\/wp-json\/wp\/v2\/media\/12000"}],"wp:attachment":[{"href":"https:\/\/www.tuseichholzremmighausen.de\/wordpress\/wp-json\/wp\/v2\/media?parent=11999"}],"wp:term":[{"taxonomy":"category","embeddable":true,"href":"https:\/\/www.tuseichholzremmighausen.de\/wordpress\/wp-json\/wp\/v2\/categories?post=11999"},{"taxonomy":"post_tag","embeddable":true,"href":"https:\/\/www.tuseichholzremmighausen.de\/wordpress\/wp-json\/wp\/v2\/tags?post=11999"}],"curies":[{"name":"wp","href":"https:\/\/api.w.org\/{rel}","templated":true}]}}