{"id":12001,"date":"2019-07-13T10:58:06","date_gmt":"2019-07-13T08:58:06","guid":{"rendered":"https:\/\/www.tuseichholzremmighausen.de\/wordpress\/?p=12001"},"modified":"2025-01-10T12:53:35","modified_gmt":"2025-01-10T11:53:35","slug":"c-juniorinnen-meisterehrung","status":"publish","type":"post","link":"https:\/\/www.tuseichholzremmighausen.de\/wordpress\/archives\/12001","title":{"rendered":"C-Juniorinnen Meisterehrung"},"content":{"rendered":"<p><img data-recalc-dims=\"1\" loading=\"lazy\" decoding=\"async\" data-attachment-id=\"12003\" data-permalink=\"https:\/\/www.tuseichholzremmighausen.de\/wordpress\/archives\/12001\/fb_c-juniorinnen_190712_002\" data-orig-file=\"https:\/\/i0.wp.com\/www.tuseichholzremmighausen.de\/wordpress\/wp-content\/uploads\/2019\/07\/fb_c-juniorinnen_190712_002.jpg?fit=1200%2C675&amp;ssl=1\" data-orig-size=\"1200,675\" data-comments-opened=\"0\" data-image-meta=\"{&quot;aperture&quot;:&quot;3.5&quot;,&quot;credit&quot;:&quot;Rolf Gehrke&quot;,&quot;camera&quot;:&quot;Canon EOS 80D&quot;,&quot;caption&quot;:&quot;&quot;,&quot;created_timestamp&quot;:&quot;1562947833&quot;,&quot;copyright&quot;:&quot;RGehrke2019&quot;,&quot;focal_length&quot;:&quot;24&quot;,&quot;iso&quot;:&quot;500&quot;,&quot;shutter_speed&quot;:&quot;0.005&quot;,&quot;title&quot;:&quot;&quot;,&quot;orientation&quot;:&quot;1&quot;}\" data-image-title=\"fb_c-juniorinnen_190712_002\" data-image-description=\"\" data-image-caption=\"\" data-large-file=\"https:\/\/i0.wp.com\/www.tuseichholzremmighausen.de\/wordpress\/wp-content\/uploads\/2019\/07\/fb_c-juniorinnen_190712_002.jpg?fit=800%2C450&amp;ssl=1\" class=\"alignnone size-full wp-image-12003\" src=\"https:\/\/i0.wp.com\/www.tuseichholzremmighausen.de\/wordpress\/wp-content\/uploads\/2019\/07\/fb_c-juniorinnen_190712_002.jpg?resize=800%2C450&#038;ssl=1\" alt=\"\" width=\"800\" height=\"450\" srcset=\"https:\/\/i0.wp.com\/www.tuseichholzremmighausen.de\/wordpress\/wp-content\/uploads\/2019\/07\/fb_c-juniorinnen_190712_002.jpg?w=1200&amp;ssl=1 1200w, https:\/\/i0.wp.com\/www.tuseichholzremmighausen.de\/wordpress\/wp-content\/uploads\/2019\/07\/fb_c-juniorinnen_190712_002.jpg?resize=600%2C338&amp;ssl=1 600w, https:\/\/i0.wp.com\/www.tuseichholzremmighausen.de\/wordpress\/wp-content\/uploads\/2019\/07\/fb_c-juniorinnen_190712_002.jpg?resize=300%2C169&amp;ssl=1 300w, https:\/\/i0.wp.com\/www.tuseichholzremmighausen.de\/wordpress\/wp-content\/uploads\/2019\/07\/fb_c-juniorinnen_190712_002.jpg?resize=768%2C432&amp;ssl=1 768w, https:\/\/i0.wp.com\/www.tuseichholzremmighausen.de\/wordpress\/wp-content\/uploads\/2019\/07\/fb_c-juniorinnen_190712_002.jpg?resize=1024%2C576&amp;ssl=1 1024w\" sizes=\"auto, (max-width: 800px) 100vw, 800px\" \/>Die offizielle Meisterehrung f\u00fcr die C-Juniorinnen fand am Freitag, dem 12.07.2019 statt. Gleichzeitig der letzte Schultag, morgens noch schnell die Zeugnisse in Empfang genommen, schl\u00fcpften die Eichholzer M\u00e4dels gegen 17 Uhr in die neuen T-Shirts \u2013 Gro\u00dfer\u00a0 Dank an den Sponsor Paul Koch,\u00a0 CDS Service GmbH Lage!<\/p>\n<p>Hubert Austerschmidt (Staffelleiter C-Juniorinnen FLVW-Kreis Paderborn) sprach allen seinen herzlichen Gl\u00fcckwunsch f\u00fcr den Titelgewinn aus. Dabei unterstrich er mit seinen Worten, dass die C-Juniorinnen Meisterehrung hier in Remmighausen ein w\u00fcrdiger Abschluss der abgelaufenen Spielzeit 2018\/2019 sei.<img data-recalc-dims=\"1\" loading=\"lazy\" decoding=\"async\" data-attachment-id=\"12002\" data-permalink=\"https:\/\/www.tuseichholzremmighausen.de\/wordpress\/archives\/12001\/fb_c-juniorinnen_190712_001\" data-orig-file=\"https:\/\/i0.wp.com\/www.tuseichholzremmighausen.de\/wordpress\/wp-content\/uploads\/2019\/07\/fb_c-juniorinnen_190712_001.jpg?fit=1200%2C800&amp;ssl=1\" data-orig-size=\"1200,800\" data-comments-opened=\"0\" data-image-meta=\"{&quot;aperture&quot;:&quot;6.3&quot;,&quot;credit&quot;:&quot;Rolf Gehrke&quot;,&quot;camera&quot;:&quot;Canon EOS 80D&quot;,&quot;caption&quot;:&quot;&quot;,&quot;created_timestamp&quot;:&quot;1562947498&quot;,&quot;copyright&quot;:&quot;RGehrke2019&quot;,&quot;focal_length&quot;:&quot;24&quot;,&quot;iso&quot;:&quot;400&quot;,&quot;shutter_speed&quot;:&quot;0.003125&quot;,&quot;title&quot;:&quot;&quot;,&quot;orientation&quot;:&quot;1&quot;}\" data-image-title=\"fb_c-juniorinnen_190712_001\" data-image-description=\"\" data-image-caption=\"\" data-large-file=\"https:\/\/i0.wp.com\/www.tuseichholzremmighausen.de\/wordpress\/wp-content\/uploads\/2019\/07\/fb_c-juniorinnen_190712_001.jpg?fit=800%2C534&amp;ssl=1\" class=\"alignnone size-full wp-image-12002\" src=\"https:\/\/i0.wp.com\/www.tuseichholzremmighausen.de\/wordpress\/wp-content\/uploads\/2019\/07\/fb_c-juniorinnen_190712_001.jpg?resize=800%2C533&#038;ssl=1\" alt=\"\" width=\"800\" height=\"533\" srcset=\"https:\/\/i0.wp.com\/www.tuseichholzremmighausen.de\/wordpress\/wp-content\/uploads\/2019\/07\/fb_c-juniorinnen_190712_001.jpg?w=1200&amp;ssl=1 1200w, https:\/\/i0.wp.com\/www.tuseichholzremmighausen.de\/wordpress\/wp-content\/uploads\/2019\/07\/fb_c-juniorinnen_190712_001.jpg?resize=600%2C400&amp;ssl=1 600w, https:\/\/i0.wp.com\/www.tuseichholzremmighausen.de\/wordpress\/wp-content\/uploads\/2019\/07\/fb_c-juniorinnen_190712_001.jpg?resize=300%2C200&amp;ssl=1 300w, https:\/\/i0.wp.com\/www.tuseichholzremmighausen.de\/wordpress\/wp-content\/uploads\/2019\/07\/fb_c-juniorinnen_190712_001.jpg?resize=768%2C512&amp;ssl=1 768w, https:\/\/i0.wp.com\/www.tuseichholzremmighausen.de\/wordpress\/wp-content\/uploads\/2019\/07\/fb_c-juniorinnen_190712_001.jpg?resize=1024%2C683&amp;ssl=1 1024w\" sizes=\"auto, (max-width: 800px) 100vw, 800px\" \/> Im Rahmen der offiziellen Meisterehrung \u00fcbergab Hubert Austerschmidt Urkunde und Medaillen. Abschlie\u00dfend w\u00fcnschte er allen zum Abschluss eine sch\u00f6ne Ferienzeit und weiterhin viel Erfolg.<\/p>\n<p><img data-recalc-dims=\"1\" loading=\"lazy\" decoding=\"async\" data-attachment-id=\"12004\" data-permalink=\"https:\/\/www.tuseichholzremmighausen.de\/wordpress\/archives\/12001\/fb_c-juniorinnen_190712_003\" data-orig-file=\"https:\/\/i0.wp.com\/www.tuseichholzremmighausen.de\/wordpress\/wp-content\/uploads\/2019\/07\/fb_c-juniorinnen_190712_003.jpg?fit=1200%2C800&amp;ssl=1\" data-orig-size=\"1200,800\" data-comments-opened=\"0\" data-image-meta=\"{&quot;aperture&quot;:&quot;3.5&quot;,&quot;credit&quot;:&quot;Rolf Gehrke&quot;,&quot;camera&quot;:&quot;Canon EOS 80D&quot;,&quot;caption&quot;:&quot;&quot;,&quot;created_timestamp&quot;:&quot;1562948136&quot;,&quot;copyright&quot;:&quot;RGehrke2019&quot;,&quot;focal_length&quot;:&quot;24&quot;,&quot;iso&quot;:&quot;1000&quot;,&quot;shutter_speed&quot;:&quot;0.02&quot;,&quot;title&quot;:&quot;&quot;,&quot;orientation&quot;:&quot;1&quot;}\" data-image-title=\"fb_c-juniorinnen_190712_003\" data-image-description=\"\" data-image-caption=\"\" data-large-file=\"https:\/\/i0.wp.com\/www.tuseichholzremmighausen.de\/wordpress\/wp-content\/uploads\/2019\/07\/fb_c-juniorinnen_190712_003.jpg?fit=800%2C534&amp;ssl=1\" class=\"alignnone size-full wp-image-12004\" src=\"https:\/\/i0.wp.com\/www.tuseichholzremmighausen.de\/wordpress\/wp-content\/uploads\/2019\/07\/fb_c-juniorinnen_190712_003.jpg?resize=800%2C533&#038;ssl=1\" alt=\"\" width=\"800\" height=\"533\" srcset=\"https:\/\/i0.wp.com\/www.tuseichholzremmighausen.de\/wordpress\/wp-content\/uploads\/2019\/07\/fb_c-juniorinnen_190712_003.jpg?w=1200&amp;ssl=1 1200w, https:\/\/i0.wp.com\/www.tuseichholzremmighausen.de\/wordpress\/wp-content\/uploads\/2019\/07\/fb_c-juniorinnen_190712_003.jpg?resize=600%2C400&amp;ssl=1 600w, https:\/\/i0.wp.com\/www.tuseichholzremmighausen.de\/wordpress\/wp-content\/uploads\/2019\/07\/fb_c-juniorinnen_190712_003.jpg?resize=300%2C200&amp;ssl=1 300w, https:\/\/i0.wp.com\/www.tuseichholzremmighausen.de\/wordpress\/wp-content\/uploads\/2019\/07\/fb_c-juniorinnen_190712_003.jpg?resize=768%2C512&amp;ssl=1 768w, https:\/\/i0.wp.com\/www.tuseichholzremmighausen.de\/wordpress\/wp-content\/uploads\/2019\/07\/fb_c-juniorinnen_190712_003.jpg?resize=1024%2C683&amp;ssl=1 1024w\" sizes=\"auto, (max-width: 800px) 100vw, 800px\" \/>Nach der Ehrung \u00fcberreichten die M\u00e4dels dem Trainerteam Andreas, Naroz und Julia zum Dank f\u00fcr die tolle Zeit das mit viel Liebe erstellte Buch (TuS-M\u00e4dels 2016-2019). Hierzu passend gab es vom \u201eTUSsi-Knipser\u201c Rolf f\u00fcr alle einen Link zu einer kleinen Bildergalerie. Sichtlich ger\u00fchrt und \u201emit ein wenig Pippi in den Augen\u201c nahm Julia ihr Abschiedsgeschenk entgegen.<img data-recalc-dims=\"1\" loading=\"lazy\" decoding=\"async\" data-attachment-id=\"12005\" data-permalink=\"https:\/\/www.tuseichholzremmighausen.de\/wordpress\/archives\/12001\/fb_c-juniorinnen_190712_004\" data-orig-file=\"https:\/\/i0.wp.com\/www.tuseichholzremmighausen.de\/wordpress\/wp-content\/uploads\/2019\/07\/fb_c-juniorinnen_190712_004.jpg?fit=1200%2C1800&amp;ssl=1\" data-orig-size=\"1200,1800\" data-comments-opened=\"0\" data-image-meta=\"{&quot;aperture&quot;:&quot;3.5&quot;,&quot;credit&quot;:&quot;Rolf Gehrke&quot;,&quot;camera&quot;:&quot;Canon EOS 80D&quot;,&quot;caption&quot;:&quot;&quot;,&quot;created_timestamp&quot;:&quot;1562948390&quot;,&quot;copyright&quot;:&quot;RGehrke2019&quot;,&quot;focal_length&quot;:&quot;32&quot;,&quot;iso&quot;:&quot;1600&quot;,&quot;shutter_speed&quot;:&quot;0.016666666666667&quot;,&quot;title&quot;:&quot;&quot;,&quot;orientation&quot;:&quot;1&quot;}\" data-image-title=\"fb_c-juniorinnen_190712_004\" data-image-description=\"\" data-image-caption=\"\" data-large-file=\"https:\/\/i0.wp.com\/www.tuseichholzremmighausen.de\/wordpress\/wp-content\/uploads\/2019\/07\/fb_c-juniorinnen_190712_004.jpg?fit=683%2C1024&amp;ssl=1\" class=\"alignnone size-full wp-image-12005\" src=\"https:\/\/i0.wp.com\/www.tuseichholzremmighausen.de\/wordpress\/wp-content\/uploads\/2019\/07\/fb_c-juniorinnen_190712_004.jpg?resize=800%2C1200&#038;ssl=1\" alt=\"\" width=\"800\" height=\"1200\" srcset=\"https:\/\/i0.wp.com\/www.tuseichholzremmighausen.de\/wordpress\/wp-content\/uploads\/2019\/07\/fb_c-juniorinnen_190712_004.jpg?w=1200&amp;ssl=1 1200w, https:\/\/i0.wp.com\/www.tuseichholzremmighausen.de\/wordpress\/wp-content\/uploads\/2019\/07\/fb_c-juniorinnen_190712_004.jpg?resize=600%2C900&amp;ssl=1 600w, https:\/\/i0.wp.com\/www.tuseichholzremmighausen.de\/wordpress\/wp-content\/uploads\/2019\/07\/fb_c-juniorinnen_190712_004.jpg?resize=200%2C300&amp;ssl=1 200w, https:\/\/i0.wp.com\/www.tuseichholzremmighausen.de\/wordpress\/wp-content\/uploads\/2019\/07\/fb_c-juniorinnen_190712_004.jpg?resize=768%2C1152&amp;ssl=1 768w, https:\/\/i0.wp.com\/www.tuseichholzremmighausen.de\/wordpress\/wp-content\/uploads\/2019\/07\/fb_c-juniorinnen_190712_004.jpg?resize=683%2C1024&amp;ssl=1 683w\" sizes=\"auto, (max-width: 800px) 100vw, 800px\" \/> Dennoch bringt sie deutlich zum Ausdruck, dass sie auch in ihrem neuen beruflichen Lebensabschnitt die weiteren Wege der TuS-M\u00e4dels verfolgen wird. Zwar verl\u00e4sst sie das Trainertrio, wird aber sooft wie m\u00f6glich auch bei den k\u00fcnftigen Spielen der Juniorinnen dabei sein.<\/p>\n<p>Allen eine sch\u00f6ne Ferienzeit \ud83d\ude09<\/p>\n","protected":false},"excerpt":{"rendered":"<p>C-Juniorinnen Meisterehrung und Abschied von Julia<\/p>\n","protected":false},"author":16,"featured_media":12002,"comment_status":"closed","ping_status":"open","sticky":false,"template":"","format":"standard","meta":{"colormag_page_container_layout":"default_layout","colormag_page_sidebar_layout":"default_layout","_jetpack_memberships_contains_paid_content":false,"footnotes":"","jetpack_publicize_message":"","jetpack_publicize_feature_enabled":true,"jetpack_social_post_already_shared":true,"jetpack_social_options":{"image_generator_settings":{"template":"highway","default_image_id":0,"font":"","enabled":false},"version":2}},"categories":[157,205,158,254],"tags":[],"class_list":["post-12001","post","type-post","status-publish","format-standard","has-post-thumbnail","hentry","category-archiv","category-c-juniorinnen","category-fb-jugend-aktuell","category-fb-weiblich-aktuell"],"jetpack_publicize_connections":[],"jetpack_featured_media_url":"https:\/\/i0.wp.com\/www.tuseichholzremmighausen.de\/wordpress\/wp-content\/uploads\/2019\/07\/fb_c-juniorinnen_190712_001.jpg?fit=1200%2C800&ssl=1","jetpack_sharing_enabled":true,"_links":{"self":[{"href":"https:\/\/www.tuseichholzremmighausen.de\/wordpress\/wp-json\/wp\/v2\/posts\/12001","targetHints":{"allow":["GET"]}}],"collection":[{"href":"https:\/\/www.tuseichholzremmighausen.de\/wordpress\/wp-json\/wp\/v2\/posts"}],"about":[{"href":"https:\/\/www.tuseichholzremmighausen.de\/wordpress\/wp-json\/wp\/v2\/types\/post"}],"author":[{"embeddable":true,"href":"https:\/\/www.tuseichholzremmighausen.de\/wordpress\/wp-json\/wp\/v2\/users\/16"}],"replies":[{"embeddable":true,"href":"https:\/\/www.tuseichholzremmighausen.de\/wordpress\/wp-json\/wp\/v2\/comments?post=12001"}],"version-history":[{"count":0,"href":"https:\/\/www.tuseichholzremmighausen.de\/wordpress\/wp-json\/wp\/v2\/posts\/12001\/revisions"}],"wp:featuredmedia":[{"embeddable":true,"href":"https:\/\/www.tuseichholzremmighausen.de\/wordpress\/wp-json\/wp\/v2\/media\/12002"}],"wp:attachment":[{"href":"https:\/\/www.tuseichholzremmighausen.de\/wordpress\/wp-json\/wp\/v2\/media?parent=12001"}],"wp:term":[{"taxonomy":"category","embeddable":true,"href":"https:\/\/www.tuseichholzremmighausen.de\/wordpress\/wp-json\/wp\/v2\/categories?post=12001"},{"taxonomy":"post_tag","embeddable":true,"href":"https:\/\/www.tuseichholzremmighausen.de\/wordpress\/wp-json\/wp\/v2\/tags?post=12001"}],"curies":[{"name":"wp","href":"https:\/\/api.w.org\/{rel}","templated":true}]}}