{"id":12044,"date":"2019-08-25T19:22:58","date_gmt":"2019-08-25T17:22:58","guid":{"rendered":"https:\/\/www.tuseichholzremmighausen.de\/wordpress\/?p=12044"},"modified":"2020-09-11T20:38:48","modified_gmt":"2020-09-11T18:38:48","slug":"bravo-juniorinnen-zweiter-in-benhausen","status":"publish","type":"post","link":"https:\/\/www.tuseichholzremmighausen.de\/wordpress\/archives\/12044","title":{"rendered":"Bravo! Juniorinnen Zweiter in Benhausen"},"content":{"rendered":"<p>Ein wahrhaft hei\u00dfes Turnier boten die Eichholzer M\u00e4dels bei den Benser Fu\u00dfball Tagen. Bei Temperaturen \u00fcber 30 Grad war es f\u00fcr einige aus dem Team der erste Auftritt nach den erholsamen Urlaubstagen. Ein hochkar\u00e4tig besetztes B-Juniorinnen Turnierfeld zeigte in Benhausen M\u00e4dchenfu\u00dfball, der die Zuschauer begeisterte. In der Gruppe hatte sich der TuS mit der SpVg Brakel, dem Delbr\u00fccker SC und DSC Arminia Bielefeld zu messen.<\/p>\n<figure id=\"attachment_12046\" aria-describedby=\"caption-attachment-12046\" style=\"width: 1200px\" class=\"wp-caption alignnone\"><img data-recalc-dims=\"1\" loading=\"lazy\" decoding=\"async\" data-attachment-id=\"12046\" data-permalink=\"https:\/\/www.tuseichholzremmighausen.de\/wordpress\/archives\/12044\/b-juniorinnen_190825-664\" data-orig-file=\"https:\/\/i0.wp.com\/www.tuseichholzremmighausen.de\/wordpress\/wp-content\/uploads\/2019\/08\/b-juniorinnen_190825-664.jpg?fit=1200%2C675&amp;ssl=1\" data-orig-size=\"1200,675\" data-comments-opened=\"0\" data-image-meta=\"{&quot;aperture&quot;:&quot;4.5&quot;,&quot;credit&quot;:&quot;Rolf Gehrke&quot;,&quot;camera&quot;:&quot;Canon EOS 80D&quot;,&quot;caption&quot;:&quot;&quot;,&quot;created_timestamp&quot;:&quot;1566736172&quot;,&quot;copyright&quot;:&quot;RGehrke2019&quot;,&quot;focal_length&quot;:&quot;135&quot;,&quot;iso&quot;:&quot;200&quot;,&quot;shutter_speed&quot;:&quot;0.0005&quot;,&quot;title&quot;:&quot;&quot;,&quot;orientation&quot;:&quot;1&quot;}\" data-image-title=\"b-juniorinnen_190825 (664)\" data-image-description=\"&lt;p&gt;Jannika, fehlerfrei und sicher- machtlos beim einzigen Gegentor im Finale&lt;\/p&gt;\n\" data-image-caption=\"&lt;p&gt;Jannika, fehlerfrei und sicher- machtlos beim einzigen Gegentor im Finale&lt;\/p&gt;\n\" data-large-file=\"https:\/\/i0.wp.com\/www.tuseichholzremmighausen.de\/wordpress\/wp-content\/uploads\/2019\/08\/b-juniorinnen_190825-664.jpg?fit=800%2C450&amp;ssl=1\" class=\"size-full wp-image-12046\" src=\"https:\/\/i0.wp.com\/www.tuseichholzremmighausen.de\/wordpress\/wp-content\/uploads\/2019\/08\/b-juniorinnen_190825-664.jpg?resize=800%2C450&#038;ssl=1\" alt=\"\" width=\"800\" height=\"450\" srcset=\"https:\/\/i0.wp.com\/www.tuseichholzremmighausen.de\/wordpress\/wp-content\/uploads\/2019\/08\/b-juniorinnen_190825-664.jpg?w=1200&amp;ssl=1 1200w, https:\/\/i0.wp.com\/www.tuseichholzremmighausen.de\/wordpress\/wp-content\/uploads\/2019\/08\/b-juniorinnen_190825-664.jpg?resize=600%2C338&amp;ssl=1 600w, https:\/\/i0.wp.com\/www.tuseichholzremmighausen.de\/wordpress\/wp-content\/uploads\/2019\/08\/b-juniorinnen_190825-664.jpg?resize=300%2C169&amp;ssl=1 300w, https:\/\/i0.wp.com\/www.tuseichholzremmighausen.de\/wordpress\/wp-content\/uploads\/2019\/08\/b-juniorinnen_190825-664.jpg?resize=768%2C432&amp;ssl=1 768w, https:\/\/i0.wp.com\/www.tuseichholzremmighausen.de\/wordpress\/wp-content\/uploads\/2019\/08\/b-juniorinnen_190825-664.jpg?resize=1024%2C576&amp;ssl=1 1024w\" sizes=\"auto, (max-width: 800px) 100vw, 800px\" \/><figcaption id=\"caption-attachment-12046\" class=\"wp-caption-text\">Jannika, fehlerfrei und sicher- machtlos beim einzigen Gegentor im Finale<\/figcaption><\/figure>\n<p>Das Bild k\u00f6nnte ein wenig t\u00e4uschen&#8230;EINBAHNSTRA\u00dfE !? Aber nicht in Richtung Eichholzer Kasten! Erfreulich f\u00fcr die vielen mitgereisten Fans, SPIELRICHTUNG vorwiegend aufs andere Tor \ud83d\ude06 &nbsp;Gleich in der ersten Partie ging es hochkonzentriert gegen Brakel zur Sache. Auf Augenh\u00f6he schenkten sich beide Mannschaften nix, am Ende stand ein leistungsgerechtes 0:0 zu Buche. Gegen DSC Arminia Bielefeld wirkte schon der Name des Gegners wie Z\u00fcndstoff an der Lunte&#8230; Gr\u00fcn-Wei\u00df z\u00fcndete den Turbo und setzte die Arminen in der eigenen H\u00e4lfte fest. Herrliche Offensivaktionen und gnadenlose Chancenauswertung verhalfen dem TuS zu einer schnellen F\u00fchrung, die bis zur H\u00e4lfte der Spielzeit auf 3:0 ausgebaut werden konnte. Auch wenn der DSC noch einmal alles in die Waagschale warf, diese F\u00fchrung lie\u00df sich der TuS nicht mehr nehmen. Mit diesem 3:0-Erfolg stand das Tor zum Halbfinale schon weit auf. Im Spiel gegen den Delbr\u00fccker SC sah man den Eichholzerinnen den Kr\u00e4fteverschlei\u00df deutlich an. Trotz dr\u00fcckender \u00dcberlegenheit und viel Ballbesitz fehlte es an vorne an Durchschlagskraft und Kaltschn\u00e4uzigkeit. Ohne Gegentreffer zog der TuS nach diesem torlosen Remis ins Halbfinale gegen die JSG Lichtenau\/Sauertal ein. Bei br\u00fctender Mittagshitze blieb Jannika auch im Semifinale mit wei\u00dfer Weste. Die Vorderleute von Jannika hielten die gegnerischen St\u00fcrmerinnen sicher in Schach. Nach einem gro\u00dfartig vorgetragenen Konter holte sich der TuS die F\u00fchrung.<\/p>\n<figure id=\"attachment_12047\" aria-describedby=\"caption-attachment-12047\" style=\"width: 1200px\" class=\"wp-caption alignnone\"><img data-recalc-dims=\"1\" loading=\"lazy\" decoding=\"async\" data-attachment-id=\"12047\" data-permalink=\"https:\/\/www.tuseichholzremmighausen.de\/wordpress\/archives\/12044\/b-juniorinnen_190825-401\" data-orig-file=\"https:\/\/i0.wp.com\/www.tuseichholzremmighausen.de\/wordpress\/wp-content\/uploads\/2019\/08\/b-juniorinnen_190825-401.jpg?fit=1200%2C675&amp;ssl=1\" data-orig-size=\"1200,675\" data-comments-opened=\"0\" data-image-meta=\"{&quot;aperture&quot;:&quot;5.6&quot;,&quot;credit&quot;:&quot;Rolf Gehrke&quot;,&quot;camera&quot;:&quot;Canon EOS 80D&quot;,&quot;caption&quot;:&quot;&quot;,&quot;created_timestamp&quot;:&quot;1566732428&quot;,&quot;copyright&quot;:&quot;RGehrke2019&quot;,&quot;focal_length&quot;:&quot;131&quot;,&quot;iso&quot;:&quot;200&quot;,&quot;shutter_speed&quot;:&quot;0.0005&quot;,&quot;title&quot;:&quot;&quot;,&quot;orientation&quot;:&quot;1&quot;}\" data-image-title=\"b-juniorinnen_190825 (401)\" data-image-description=\"&lt;p&gt;Prima Zweik\u00e4mpfe mit Leidenschaft und Dynamik vorgetragen&lt;\/p&gt;\n\" data-image-caption=\"&lt;p&gt;Prima Zweik\u00e4mpfe mit Leidenschaft und Dynamik vorgetragen&lt;\/p&gt;\n\" data-large-file=\"https:\/\/i0.wp.com\/www.tuseichholzremmighausen.de\/wordpress\/wp-content\/uploads\/2019\/08\/b-juniorinnen_190825-401.jpg?fit=800%2C450&amp;ssl=1\" class=\"size-full wp-image-12047\" src=\"https:\/\/i0.wp.com\/www.tuseichholzremmighausen.de\/wordpress\/wp-content\/uploads\/2019\/08\/b-juniorinnen_190825-401.jpg?resize=800%2C450&#038;ssl=1\" alt=\"\" width=\"800\" height=\"450\" srcset=\"https:\/\/i0.wp.com\/www.tuseichholzremmighausen.de\/wordpress\/wp-content\/uploads\/2019\/08\/b-juniorinnen_190825-401.jpg?w=1200&amp;ssl=1 1200w, https:\/\/i0.wp.com\/www.tuseichholzremmighausen.de\/wordpress\/wp-content\/uploads\/2019\/08\/b-juniorinnen_190825-401.jpg?resize=600%2C338&amp;ssl=1 600w, https:\/\/i0.wp.com\/www.tuseichholzremmighausen.de\/wordpress\/wp-content\/uploads\/2019\/08\/b-juniorinnen_190825-401.jpg?resize=300%2C169&amp;ssl=1 300w, https:\/\/i0.wp.com\/www.tuseichholzremmighausen.de\/wordpress\/wp-content\/uploads\/2019\/08\/b-juniorinnen_190825-401.jpg?resize=768%2C432&amp;ssl=1 768w, https:\/\/i0.wp.com\/www.tuseichholzremmighausen.de\/wordpress\/wp-content\/uploads\/2019\/08\/b-juniorinnen_190825-401.jpg?resize=1024%2C576&amp;ssl=1 1024w\" sizes=\"auto, (max-width: 800px) 100vw, 800px\" \/><figcaption id=\"caption-attachment-12047\" class=\"wp-caption-text\">Prima Zweik\u00e4mpfe mit Leidenschaft und Dynamik vorgetragen<\/figcaption><\/figure>\n<p>Wenige Minuten darauf mit dem 2:0 die Entscheidung und damit das Ticket f\u00fcrs Finale. Hier hatte das Team der SpVg Brakel sichtbar die besseren Kraftreserven. Nach wenigen Minuten musste Jannika doch das erste Mal an diesem tage hinter sich greifen. Nach dem erstmaligen R\u00fcckstand erspielte sich der TuS zwar einige gute Ausgleichsm\u00f6glichkeiten, verzettelte sich aber zu oft in der viel beinigen Brakeler Defensive, oder scheiterte mit guten Sch\u00fcssen an der F\u00e4ngerin. Somit entschied das einzige Gegentor des Tages \u00fcber den Turniersieg. Herzliche Gratulation an die SpVg Brakel, die sich Platz 1 sicherte. Der TuS feiert einen hervorragenden 2. Platz, was vor dem Turnier sicher niemand erwartet hatte. Hier geht\u00b4s zur kleinen Bildergalerie&#8230;&nbsp;<a href=\"https:\/\/www.facebook.com\/pg\/tuseichholzremmighausen\/photos\/?tab=album&amp;album_id=2490790084276676\" target=\"_blank\" rel=\"noopener noreferrer\">Klick \ud83d\ude09<\/a> &nbsp; &nbsp; &nbsp; &nbsp; &nbsp; &nbsp; &nbsp;&nbsp;<\/p>\n","protected":false},"excerpt":{"rendered":"<p>Juniorinnen Turnier-Zweiter in Benhausen<\/p>\n","protected":false},"author":16,"featured_media":12045,"comment_status":"closed","ping_status":"open","sticky":false,"template":"","format":"standard","meta":{"colormag_page_container_layout":"default_layout","colormag_page_sidebar_layout":"default_layout","_jetpack_memberships_contains_paid_content":false,"footnotes":"","jetpack_publicize_message":"","jetpack_publicize_feature_enabled":true,"jetpack_social_post_already_shared":true,"jetpack_social_options":{"image_generator_settings":{"template":"highway","default_image_id":0,"font":"","enabled":false},"version":2}},"categories":[157,158],"tags":[],"class_list":["post-12044","post","type-post","status-publish","format-standard","has-post-thumbnail","hentry","category-archiv","category-fb-jugend-aktuell"],"jetpack_publicize_connections":[],"jetpack_featured_media_url":"https:\/\/i0.wp.com\/www.tuseichholzremmighausen.de\/wordpress\/wp-content\/uploads\/2019\/08\/b-juniorinnen_190825-804.jpg?fit=1200%2C675&ssl=1","jetpack_sharing_enabled":true,"_links":{"self":[{"href":"https:\/\/www.tuseichholzremmighausen.de\/wordpress\/wp-json\/wp\/v2\/posts\/12044","targetHints":{"allow":["GET"]}}],"collection":[{"href":"https:\/\/www.tuseichholzremmighausen.de\/wordpress\/wp-json\/wp\/v2\/posts"}],"about":[{"href":"https:\/\/www.tuseichholzremmighausen.de\/wordpress\/wp-json\/wp\/v2\/types\/post"}],"author":[{"embeddable":true,"href":"https:\/\/www.tuseichholzremmighausen.de\/wordpress\/wp-json\/wp\/v2\/users\/16"}],"replies":[{"embeddable":true,"href":"https:\/\/www.tuseichholzremmighausen.de\/wordpress\/wp-json\/wp\/v2\/comments?post=12044"}],"version-history":[{"count":0,"href":"https:\/\/www.tuseichholzremmighausen.de\/wordpress\/wp-json\/wp\/v2\/posts\/12044\/revisions"}],"wp:featuredmedia":[{"embeddable":true,"href":"https:\/\/www.tuseichholzremmighausen.de\/wordpress\/wp-json\/wp\/v2\/media\/12045"}],"wp:attachment":[{"href":"https:\/\/www.tuseichholzremmighausen.de\/wordpress\/wp-json\/wp\/v2\/media?parent=12044"}],"wp:term":[{"taxonomy":"category","embeddable":true,"href":"https:\/\/www.tuseichholzremmighausen.de\/wordpress\/wp-json\/wp\/v2\/categories?post=12044"},{"taxonomy":"post_tag","embeddable":true,"href":"https:\/\/www.tuseichholzremmighausen.de\/wordpress\/wp-json\/wp\/v2\/tags?post=12044"}],"curies":[{"name":"wp","href":"https:\/\/api.w.org\/{rel}","templated":true}]}}