{"id":12137,"date":"2019-09-09T14:11:24","date_gmt":"2019-09-09T12:11:24","guid":{"rendered":"https:\/\/www.tuseichholzremmighausen.de\/wordpress\/?p=12137"},"modified":"2020-09-11T20:38:48","modified_gmt":"2020-09-11T18:38:48","slug":"silber-im-pokal-minimal-besetzt-maximal-geliefert","status":"publish","type":"post","link":"https:\/\/www.tuseichholzremmighausen.de\/wordpress\/archives\/12137","title":{"rendered":"Silber im Pokal! Minimal besetzt &#8211; Maximal geliefert"},"content":{"rendered":"<p>Kein leichter Weg f\u00fchrte die C-Juniorinnen nach Westenholz zum diesj\u00e4hrigen Pokalwettbewerb. In der vergangenen Saison konnte der TuS hinter dem Delbr\u00fccker SC den zweiten Platz nach Lippe holen. Nat\u00fcrlich sorgte dieses auch f\u00fcr eine gewisse Erwartungshaltung beim TuS, der wieder mit gro\u00dfem Anhang anreiste. Auch nach Meinung vieler Teamverantworlicher der qualifizierten Mannschaften, sowie des Fu\u00dfballkreises Paderborn z\u00e4hlte der TuS zum Favoritenkreis. Coach Andreas Suermann musste allerdings auf einige Stammspielerinnen verzichten. So ging es mit nur einer Ersatzspielerin in die Gruppenspiele gegen Elsen, Borchen und Lippstadt. Einsatz und Teamgeist waren gefordert. <img data-recalc-dims=\"1\" loading=\"lazy\" decoding=\"async\" data-attachment-id=\"12142\" data-permalink=\"https:\/\/www.tuseichholzremmighausen.de\/wordpress\/archives\/12137\/c_pokal_190908-46\" data-orig-file=\"https:\/\/i0.wp.com\/www.tuseichholzremmighausen.de\/wordpress\/wp-content\/uploads\/2019\/09\/c_pokal_190908-46.jpg?fit=1200%2C675&amp;ssl=1\" data-orig-size=\"1200,675\" data-comments-opened=\"0\" data-image-meta=\"{&quot;aperture&quot;:&quot;4.5&quot;,&quot;credit&quot;:&quot;Rolf Gehrke&quot;,&quot;camera&quot;:&quot;Canon EOS 80D&quot;,&quot;caption&quot;:&quot;&quot;,&quot;created_timestamp&quot;:&quot;1567935240&quot;,&quot;copyright&quot;:&quot;RGehrke2019&quot;,&quot;focal_length&quot;:&quot;70&quot;,&quot;iso&quot;:&quot;1250&quot;,&quot;shutter_speed&quot;:&quot;0.000625&quot;,&quot;title&quot;:&quot;&quot;,&quot;orientation&quot;:&quot;1&quot;}\" data-image-title=\"c_pokal_190908 (46)\" data-image-description=\"\" data-image-caption=\"\" data-large-file=\"https:\/\/i0.wp.com\/www.tuseichholzremmighausen.de\/wordpress\/wp-content\/uploads\/2019\/09\/c_pokal_190908-46.jpg?fit=800%2C450&amp;ssl=1\" class=\"alignnone size-full wp-image-12142\" src=\"https:\/\/i0.wp.com\/www.tuseichholzremmighausen.de\/wordpress\/wp-content\/uploads\/2019\/09\/c_pokal_190908-46.jpg?resize=800%2C450&#038;ssl=1\" alt=\"\" width=\"800\" height=\"450\" srcset=\"https:\/\/i0.wp.com\/www.tuseichholzremmighausen.de\/wordpress\/wp-content\/uploads\/2019\/09\/c_pokal_190908-46.jpg?w=1200&amp;ssl=1 1200w, https:\/\/i0.wp.com\/www.tuseichholzremmighausen.de\/wordpress\/wp-content\/uploads\/2019\/09\/c_pokal_190908-46.jpg?resize=600%2C338&amp;ssl=1 600w, https:\/\/i0.wp.com\/www.tuseichholzremmighausen.de\/wordpress\/wp-content\/uploads\/2019\/09\/c_pokal_190908-46.jpg?resize=300%2C169&amp;ssl=1 300w, https:\/\/i0.wp.com\/www.tuseichholzremmighausen.de\/wordpress\/wp-content\/uploads\/2019\/09\/c_pokal_190908-46.jpg?resize=768%2C432&amp;ssl=1 768w, https:\/\/i0.wp.com\/www.tuseichholzremmighausen.de\/wordpress\/wp-content\/uploads\/2019\/09\/c_pokal_190908-46.jpg?resize=1024%2C576&amp;ssl=1 1024w\" sizes=\"auto, (max-width: 800px) 100vw, 800px\" \/> Dem 5:0 gegen Elsen folgte ein knapper 1:0-Erfolg gegen Borchen und ein torloses Remis im letzten Gruppenspiel gegen Lippstadt. Als Gruppenerster mit 7 Punkte zog der TuS ins Viertelfinale ein. Ein Treffer reichte gegen H\u00f6velriege, um das Halbfinale klar zu machen. SC Borchen, der im Gruppenspiel noch mit 1:0 besiegt werden konnte, sah seine Chance zur Revanche. Mit viel Tempo und geradlinigen Offensivaktionen versuchte der SC das Suermann-Team unter Druck zu setzen. Die Abwehr der Gr\u00fcn-Wei\u00dfen hatte bislang keinen Treffer zugelassen und dieses sollte auch im Halbfinale so bleiben. Keeper Jannika gl\u00e4nzte mit einigen klasse Aktionen und lie\u00df die St\u00fcrmerinnen in Blau ein wenig verzweifeln. Mit zunehmender Dauer bekam der TuS auch mehr Zugriff und hatte einige gute Szenen in der Offensive. Dennoch war der Kr\u00e4fteverschlei\u00df gegen ohnehin vorwiegend k\u00f6rperlich \u00fcberlegene Gegnerinnen deutlich sichtbar. Dann sorgte eine Verletzung von Miray f\u00fcr etwas Unmut im Eichholzer Lager. Anscheinend \u00fcbersah der Unparteiische die Szene und lie\u00df die Partie laufen. \u00dcber die linke Seite setzte sich eine Spielerin in Blau ab und marschierte allein auf Jannika zu. Alle Eichholzer Spielerinnen k\u00fcmmerten sich um Miray! Jannika konzentriert sich auf dieses eine Duell gegen die schnelle Linksau\u00dfen, verk\u00fcrzt geschickt den Winkel und wehrt auch diesen Ball zur Ecke ab. Nach vielen Aufforderungen pfiff der Schiri nun endlich und die verletzte Miray konnte vom Platz begleitet werden <img data-recalc-dims=\"1\" loading=\"lazy\" decoding=\"async\" data-attachment-id=\"12139\" data-permalink=\"https:\/\/www.tuseichholzremmighausen.de\/wordpress\/archives\/12137\/c_pokal_190908-601\" data-orig-file=\"https:\/\/i0.wp.com\/www.tuseichholzremmighausen.de\/wordpress\/wp-content\/uploads\/2019\/09\/c_pokal_190908-601.jpg?fit=1200%2C675&amp;ssl=1\" data-orig-size=\"1200,675\" data-comments-opened=\"0\" data-image-meta=\"{&quot;aperture&quot;:&quot;4&quot;,&quot;credit&quot;:&quot;Rolf Gehrke&quot;,&quot;camera&quot;:&quot;Canon EOS 80D&quot;,&quot;caption&quot;:&quot;&quot;,&quot;created_timestamp&quot;:&quot;1567942600&quot;,&quot;copyright&quot;:&quot;RGehrke2019&quot;,&quot;focal_length&quot;:&quot;122&quot;,&quot;iso&quot;:&quot;1250&quot;,&quot;shutter_speed&quot;:&quot;0.001&quot;,&quot;title&quot;:&quot;&quot;,&quot;orientation&quot;:&quot;1&quot;}\" data-image-title=\"c_pokal_190908 (601)\" data-image-description=\"\" data-image-caption=\"\" data-large-file=\"https:\/\/i0.wp.com\/www.tuseichholzremmighausen.de\/wordpress\/wp-content\/uploads\/2019\/09\/c_pokal_190908-601.jpg?fit=800%2C450&amp;ssl=1\" class=\"alignnone size-full wp-image-12139\" src=\"https:\/\/i0.wp.com\/www.tuseichholzremmighausen.de\/wordpress\/wp-content\/uploads\/2019\/09\/c_pokal_190908-601.jpg?resize=800%2C450&#038;ssl=1\" alt=\"\" width=\"800\" height=\"450\" srcset=\"https:\/\/i0.wp.com\/www.tuseichholzremmighausen.de\/wordpress\/wp-content\/uploads\/2019\/09\/c_pokal_190908-601.jpg?w=1200&amp;ssl=1 1200w, https:\/\/i0.wp.com\/www.tuseichholzremmighausen.de\/wordpress\/wp-content\/uploads\/2019\/09\/c_pokal_190908-601.jpg?resize=600%2C338&amp;ssl=1 600w, https:\/\/i0.wp.com\/www.tuseichholzremmighausen.de\/wordpress\/wp-content\/uploads\/2019\/09\/c_pokal_190908-601.jpg?resize=300%2C169&amp;ssl=1 300w, https:\/\/i0.wp.com\/www.tuseichholzremmighausen.de\/wordpress\/wp-content\/uploads\/2019\/09\/c_pokal_190908-601.jpg?resize=768%2C432&amp;ssl=1 768w, https:\/\/i0.wp.com\/www.tuseichholzremmighausen.de\/wordpress\/wp-content\/uploads\/2019\/09\/c_pokal_190908-601.jpg?resize=1024%2C576&amp;ssl=1 1024w\" sizes=\"auto, (max-width: 800px) 100vw, 800px\" \/>. Es blieb beim 0:0 und Eichholz jubelt nachdem das Halbfinale im 9-Meter schie\u00dfen gewonnen werden konnte. Das Erreichen des Finales gegen Top-Favorit und Titelverteidiger Delbr\u00fccker SC konnte unter diesen Umst\u00e4nden wohl schon als Riesenerfolg gewertet werden. Zur Besprechung direkt vor dem Finale schw\u00f6rte Coach Andreas sein Team ein &#8211; alle fighten f\u00fcr Miray, die nach der Knieverletzung leider zum Zuschauen an die Linie verbannt war. Andreas taktierte und stellte eine Defensivstrategie auf, die von der gesamten Mannschaft zu 100 % angenommen und umgesetzt wurde! Denn wir haben aus dem Spiel heraus noch keinen Gegentreffer hinnehmen m\u00fcssen, Jannika ist bisher nur im 9-Meter Shoot out bezwungen worden.<img data-recalc-dims=\"1\" loading=\"lazy\" decoding=\"async\" data-attachment-id=\"12144\" data-permalink=\"https:\/\/www.tuseichholzremmighausen.de\/wordpress\/archives\/12137\/c_pokal_190908-863\" data-orig-file=\"https:\/\/i0.wp.com\/www.tuseichholzremmighausen.de\/wordpress\/wp-content\/uploads\/2019\/09\/c_pokal_190908-863.jpg?fit=1200%2C675&amp;ssl=1\" data-orig-size=\"1200,675\" data-comments-opened=\"0\" data-image-meta=\"{&quot;aperture&quot;:&quot;4.5&quot;,&quot;credit&quot;:&quot;Rolf Gehrke&quot;,&quot;camera&quot;:&quot;Canon EOS 80D&quot;,&quot;caption&quot;:&quot;&quot;,&quot;created_timestamp&quot;:&quot;1567944990&quot;,&quot;copyright&quot;:&quot;RGehrke2019&quot;,&quot;focal_length&quot;:&quot;73&quot;,&quot;iso&quot;:&quot;400&quot;,&quot;shutter_speed&quot;:&quot;0.000625&quot;,&quot;title&quot;:&quot;&quot;,&quot;orientation&quot;:&quot;1&quot;}\" data-image-title=\"c_pokal_190908 (863)\" data-image-description=\"\" data-image-caption=\"\" data-large-file=\"https:\/\/i0.wp.com\/www.tuseichholzremmighausen.de\/wordpress\/wp-content\/uploads\/2019\/09\/c_pokal_190908-863.jpg?fit=800%2C450&amp;ssl=1\" class=\"alignnone size-full wp-image-12144\" src=\"https:\/\/i0.wp.com\/www.tuseichholzremmighausen.de\/wordpress\/wp-content\/uploads\/2019\/09\/c_pokal_190908-863.jpg?resize=800%2C450&#038;ssl=1\" alt=\"\" width=\"800\" height=\"450\" srcset=\"https:\/\/i0.wp.com\/www.tuseichholzremmighausen.de\/wordpress\/wp-content\/uploads\/2019\/09\/c_pokal_190908-863.jpg?w=1200&amp;ssl=1 1200w, https:\/\/i0.wp.com\/www.tuseichholzremmighausen.de\/wordpress\/wp-content\/uploads\/2019\/09\/c_pokal_190908-863.jpg?resize=600%2C338&amp;ssl=1 600w, https:\/\/i0.wp.com\/www.tuseichholzremmighausen.de\/wordpress\/wp-content\/uploads\/2019\/09\/c_pokal_190908-863.jpg?resize=300%2C169&amp;ssl=1 300w, https:\/\/i0.wp.com\/www.tuseichholzremmighausen.de\/wordpress\/wp-content\/uploads\/2019\/09\/c_pokal_190908-863.jpg?resize=768%2C432&amp;ssl=1 768w, https:\/\/i0.wp.com\/www.tuseichholzremmighausen.de\/wordpress\/wp-content\/uploads\/2019\/09\/c_pokal_190908-863.jpg?resize=1024%2C576&amp;ssl=1 1024w\" sizes=\"auto, (max-width: 800px) 100vw, 800px\" \/> Kr\u00e4fteverteilung zum Finale: Beim Titelverteidiger Delbr\u00fccker SC stand eine komplette Mannschaft als Auswechselm\u00f6glichkeit neben dem Trainer an der Seitenlinie<img data-recalc-dims=\"1\" loading=\"lazy\" decoding=\"async\" data-attachment-id=\"12143\" data-permalink=\"https:\/\/www.tuseichholzremmighausen.de\/wordpress\/archives\/12137\/c_pokal_190908-713\" data-orig-file=\"https:\/\/i0.wp.com\/www.tuseichholzremmighausen.de\/wordpress\/wp-content\/uploads\/2019\/09\/c_pokal_190908-713.jpg?fit=1200%2C675&amp;ssl=1\" data-orig-size=\"1200,675\" data-comments-opened=\"0\" data-image-meta=\"{&quot;aperture&quot;:&quot;5.6&quot;,&quot;credit&quot;:&quot;Rolf Gehrke&quot;,&quot;camera&quot;:&quot;Canon EOS 80D&quot;,&quot;caption&quot;:&quot;&quot;,&quot;created_timestamp&quot;:&quot;1567944177&quot;,&quot;copyright&quot;:&quot;RGehrke2019&quot;,&quot;focal_length&quot;:&quot;122&quot;,&quot;iso&quot;:&quot;800&quot;,&quot;shutter_speed&quot;:&quot;0.0008&quot;,&quot;title&quot;:&quot;&quot;,&quot;orientation&quot;:&quot;1&quot;}\" data-image-title=\"c_pokal_190908 (713)\" data-image-description=\"\" data-image-caption=\"\" data-large-file=\"https:\/\/i0.wp.com\/www.tuseichholzremmighausen.de\/wordpress\/wp-content\/uploads\/2019\/09\/c_pokal_190908-713.jpg?fit=800%2C450&amp;ssl=1\" class=\"alignnone size-full wp-image-12143\" src=\"https:\/\/i0.wp.com\/www.tuseichholzremmighausen.de\/wordpress\/wp-content\/uploads\/2019\/09\/c_pokal_190908-713.jpg?resize=800%2C450&#038;ssl=1\" alt=\"\" width=\"800\" height=\"450\" srcset=\"https:\/\/i0.wp.com\/www.tuseichholzremmighausen.de\/wordpress\/wp-content\/uploads\/2019\/09\/c_pokal_190908-713.jpg?w=1200&amp;ssl=1 1200w, https:\/\/i0.wp.com\/www.tuseichholzremmighausen.de\/wordpress\/wp-content\/uploads\/2019\/09\/c_pokal_190908-713.jpg?resize=600%2C338&amp;ssl=1 600w, https:\/\/i0.wp.com\/www.tuseichholzremmighausen.de\/wordpress\/wp-content\/uploads\/2019\/09\/c_pokal_190908-713.jpg?resize=300%2C169&amp;ssl=1 300w, https:\/\/i0.wp.com\/www.tuseichholzremmighausen.de\/wordpress\/wp-content\/uploads\/2019\/09\/c_pokal_190908-713.jpg?resize=768%2C432&amp;ssl=1 768w, https:\/\/i0.wp.com\/www.tuseichholzremmighausen.de\/wordpress\/wp-content\/uploads\/2019\/09\/c_pokal_190908-713.jpg?resize=1024%2C576&amp;ssl=1 1024w\" sizes=\"auto, (max-width: 800px) 100vw, 800px\" \/>, beim TuS keine Auswechselspielerin, &#8222;nur&#8220; Taktik-Fuchs Andreas. Auf der Anlage in Westenholz ist der Delbr\u00fccker SC zudem zu Hause und genie\u00dft vor eigenem Publikum quasi Heimrecht. Das hochspannende Finale entwickelte sich, wie erwartet&#8230; Delbr\u00fcck Spiel bestimmend, Eichholz defensiv b\u00e4renstark und mit ein oder zwei Kontern gef\u00e4hrlich. Bis auf eine extrem brenzlige Situation nach einer Ecke, gab es f\u00fcr Delbr\u00fcck keine Einschu\u00dfm\u00f6glichkeit. Der Schlusspfiff ert\u00f6nte und Gr\u00fcn-Wei\u00df verdient sich das 0:0 <img data-recalc-dims=\"1\" loading=\"lazy\" decoding=\"async\" data-attachment-id=\"12140\" data-permalink=\"https:\/\/www.tuseichholzremmighausen.de\/wordpress\/archives\/12137\/c_pokal_190908-897\" data-orig-file=\"https:\/\/i0.wp.com\/www.tuseichholzremmighausen.de\/wordpress\/wp-content\/uploads\/2019\/09\/c_pokal_190908-897.jpg?fit=1200%2C675&amp;ssl=1\" data-orig-size=\"1200,675\" data-comments-opened=\"0\" data-image-meta=\"{&quot;aperture&quot;:&quot;4.5&quot;,&quot;credit&quot;:&quot;Rolf Gehrke&quot;,&quot;camera&quot;:&quot;Canon EOS 80D&quot;,&quot;caption&quot;:&quot;&quot;,&quot;created_timestamp&quot;:&quot;1567945065&quot;,&quot;copyright&quot;:&quot;RGehrke2019&quot;,&quot;focal_length&quot;:&quot;159&quot;,&quot;iso&quot;:&quot;640&quot;,&quot;shutter_speed&quot;:&quot;0.0005&quot;,&quot;title&quot;:&quot;&quot;,&quot;orientation&quot;:&quot;1&quot;}\" data-image-title=\"c_pokal_190908 (897)\" data-image-description=\"\" data-image-caption=\"\" data-large-file=\"https:\/\/i0.wp.com\/www.tuseichholzremmighausen.de\/wordpress\/wp-content\/uploads\/2019\/09\/c_pokal_190908-897.jpg?fit=800%2C450&amp;ssl=1\" class=\"alignnone size-full wp-image-12140\" src=\"https:\/\/i0.wp.com\/www.tuseichholzremmighausen.de\/wordpress\/wp-content\/uploads\/2019\/09\/c_pokal_190908-897.jpg?resize=800%2C450&#038;ssl=1\" alt=\"\" width=\"800\" height=\"450\" srcset=\"https:\/\/i0.wp.com\/www.tuseichholzremmighausen.de\/wordpress\/wp-content\/uploads\/2019\/09\/c_pokal_190908-897.jpg?w=1200&amp;ssl=1 1200w, https:\/\/i0.wp.com\/www.tuseichholzremmighausen.de\/wordpress\/wp-content\/uploads\/2019\/09\/c_pokal_190908-897.jpg?resize=600%2C338&amp;ssl=1 600w, https:\/\/i0.wp.com\/www.tuseichholzremmighausen.de\/wordpress\/wp-content\/uploads\/2019\/09\/c_pokal_190908-897.jpg?resize=300%2C169&amp;ssl=1 300w, https:\/\/i0.wp.com\/www.tuseichholzremmighausen.de\/wordpress\/wp-content\/uploads\/2019\/09\/c_pokal_190908-897.jpg?resize=768%2C432&amp;ssl=1 768w, https:\/\/i0.wp.com\/www.tuseichholzremmighausen.de\/wordpress\/wp-content\/uploads\/2019\/09\/c_pokal_190908-897.jpg?resize=1024%2C576&amp;ssl=1 1024w\" sizes=\"auto, (max-width: 800px) 100vw, 800px\" \/>. Im finalen Shoot Out hatten die Delbr\u00fcckerinnen das Qu\u00e4ntchen mehr Gl\u00fcck und sicherten sich Platz 1 <img data-recalc-dims=\"1\" loading=\"lazy\" decoding=\"async\" data-attachment-id=\"12138\" data-permalink=\"https:\/\/www.tuseichholzremmighausen.de\/wordpress\/archives\/12137\/c_pokal_190908-908\" data-orig-file=\"https:\/\/i0.wp.com\/www.tuseichholzremmighausen.de\/wordpress\/wp-content\/uploads\/2019\/09\/c_pokal_190908-908.jpg?fit=1200%2C675&amp;ssl=1\" data-orig-size=\"1200,675\" data-comments-opened=\"0\" data-image-meta=\"{&quot;aperture&quot;:&quot;4&quot;,&quot;credit&quot;:&quot;Rolf Gehrke&quot;,&quot;camera&quot;:&quot;Canon EOS 80D&quot;,&quot;caption&quot;:&quot;&quot;,&quot;created_timestamp&quot;:&quot;1567945089&quot;,&quot;copyright&quot;:&quot;RGehrke2019&quot;,&quot;focal_length&quot;:&quot;70&quot;,&quot;iso&quot;:&quot;640&quot;,&quot;shutter_speed&quot;:&quot;0.0005&quot;,&quot;title&quot;:&quot;&quot;,&quot;orientation&quot;:&quot;1&quot;}\" data-image-title=\"c_pokal_190908 (908)\" data-image-description=\"\" data-image-caption=\"\" data-large-file=\"https:\/\/i0.wp.com\/www.tuseichholzremmighausen.de\/wordpress\/wp-content\/uploads\/2019\/09\/c_pokal_190908-908.jpg?fit=800%2C450&amp;ssl=1\" class=\"alignnone size-full wp-image-12138\" src=\"https:\/\/i0.wp.com\/www.tuseichholzremmighausen.de\/wordpress\/wp-content\/uploads\/2019\/09\/c_pokal_190908-908.jpg?resize=800%2C450&#038;ssl=1\" alt=\"\" width=\"800\" height=\"450\" srcset=\"https:\/\/i0.wp.com\/www.tuseichholzremmighausen.de\/wordpress\/wp-content\/uploads\/2019\/09\/c_pokal_190908-908.jpg?w=1200&amp;ssl=1 1200w, https:\/\/i0.wp.com\/www.tuseichholzremmighausen.de\/wordpress\/wp-content\/uploads\/2019\/09\/c_pokal_190908-908.jpg?resize=600%2C338&amp;ssl=1 600w, https:\/\/i0.wp.com\/www.tuseichholzremmighausen.de\/wordpress\/wp-content\/uploads\/2019\/09\/c_pokal_190908-908.jpg?resize=300%2C169&amp;ssl=1 300w, https:\/\/i0.wp.com\/www.tuseichholzremmighausen.de\/wordpress\/wp-content\/uploads\/2019\/09\/c_pokal_190908-908.jpg?resize=768%2C432&amp;ssl=1 768w, https:\/\/i0.wp.com\/www.tuseichholzremmighausen.de\/wordpress\/wp-content\/uploads\/2019\/09\/c_pokal_190908-908.jpg?resize=1024%2C576&amp;ssl=1 1024w\" sizes=\"auto, (max-width: 800px) 100vw, 800px\" \/>. Unterm Strich bleibt der TuS sowohl ohne Niederlage als auch ohne Gegentreffer aus dem Spiel heraus. Gr\u00fcn-Wei\u00df gratuliert dem Delbr\u00fccker SC zum Pokalsieg und feiert den zweiten Rang im Wettbewerb 2019&#8230; Zur kleinen Bilderserie geht es hier:&nbsp;<a href=\"https:\/\/www.facebook.com\/pg\/tuseichholzremmighausen\/photos\/?tab=album&amp;album_id=2517636884925329\" target=\"_blank\" rel=\"noopener noreferrer\">Klick \ud83d\ude09<\/a>&nbsp;<\/p>\n","protected":false},"excerpt":{"rendered":"<p>Silber im Pokal! Minimal besetzt &#8211; Maximal geliefert<\/p>\n","protected":false},"author":16,"featured_media":12141,"comment_status":"closed","ping_status":"open","sticky":false,"template":"","format":"standard","meta":{"colormag_page_container_layout":"default_layout","colormag_page_sidebar_layout":"default_layout","_jetpack_memberships_contains_paid_content":false,"footnotes":"","jetpack_publicize_message":"","jetpack_publicize_feature_enabled":true,"jetpack_social_post_already_shared":true,"jetpack_social_options":{"image_generator_settings":{"template":"highway","default_image_id":0,"font":"","enabled":false},"version":2}},"categories":[157,158],"tags":[],"class_list":["post-12137","post","type-post","status-publish","format-standard","has-post-thumbnail","hentry","category-archiv","category-fb-jugend-aktuell"],"jetpack_publicize_connections":[],"jetpack_featured_media_url":"https:\/\/i0.wp.com\/www.tuseichholzremmighausen.de\/wordpress\/wp-content\/uploads\/2019\/09\/c_pokal_190908-328.jpg?fit=1200%2C675&ssl=1","jetpack_sharing_enabled":true,"_links":{"self":[{"href":"https:\/\/www.tuseichholzremmighausen.de\/wordpress\/wp-json\/wp\/v2\/posts\/12137","targetHints":{"allow":["GET"]}}],"collection":[{"href":"https:\/\/www.tuseichholzremmighausen.de\/wordpress\/wp-json\/wp\/v2\/posts"}],"about":[{"href":"https:\/\/www.tuseichholzremmighausen.de\/wordpress\/wp-json\/wp\/v2\/types\/post"}],"author":[{"embeddable":true,"href":"https:\/\/www.tuseichholzremmighausen.de\/wordpress\/wp-json\/wp\/v2\/users\/16"}],"replies":[{"embeddable":true,"href":"https:\/\/www.tuseichholzremmighausen.de\/wordpress\/wp-json\/wp\/v2\/comments?post=12137"}],"version-history":[{"count":0,"href":"https:\/\/www.tuseichholzremmighausen.de\/wordpress\/wp-json\/wp\/v2\/posts\/12137\/revisions"}],"wp:featuredmedia":[{"embeddable":true,"href":"https:\/\/www.tuseichholzremmighausen.de\/wordpress\/wp-json\/wp\/v2\/media\/12141"}],"wp:attachment":[{"href":"https:\/\/www.tuseichholzremmighausen.de\/wordpress\/wp-json\/wp\/v2\/media?parent=12137"}],"wp:term":[{"taxonomy":"category","embeddable":true,"href":"https:\/\/www.tuseichholzremmighausen.de\/wordpress\/wp-json\/wp\/v2\/categories?post=12137"},{"taxonomy":"post_tag","embeddable":true,"href":"https:\/\/www.tuseichholzremmighausen.de\/wordpress\/wp-json\/wp\/v2\/tags?post=12137"}],"curies":[{"name":"wp","href":"https:\/\/api.w.org\/{rel}","templated":true}]}}