{"id":12154,"date":"2019-09-10T23:04:04","date_gmt":"2019-09-10T21:04:04","guid":{"rendered":"https:\/\/www.tuseichholzremmighausen.de\/wordpress\/?p=12154"},"modified":"2020-09-11T20:38:48","modified_gmt":"2020-09-11T18:38:48","slug":"das-naechste-kapitel-das-naechste-maerchen-heimsieg-im-pokal-achtelfinale","status":"publish","type":"post","link":"https:\/\/www.tuseichholzremmighausen.de\/wordpress\/archives\/12154","title":{"rendered":"Das n\u00e4chste Kapitel. Das n\u00e4chste M\u00e4rchen. Heimsieg im Pokal-Achtelfinale."},"content":{"rendered":"<p>Was soll man noch schreiben nach diesem Abend. Es fehlen einem die Worte. Der TuS schl\u00e4gt den Bezirksligaabsteiger TSV Horn mit 3:2. Ein weiteres Kapitel in dieser Saison ist geschrieben. Ein Kapitel das den Rest der Geschichte pr\u00e4gen kann.<br \/>\nSo war auch die Ansage vom Trainerteam: \u201eSetzt den n\u00e4chsten Meilenstein auf unserem Weg!\u201c Nahezu der gesamte Kader stand zur Verf\u00fcgung und alle waren hochkonzentriert. Der Tisch war gedeckt (auch wortw\u00f6rtlich). Zahlreiche Zuschauer am Rand waren bereit f\u00fcr einen Fight.<\/p>\n<p>Der Start gelingt gewohnt gut. Die ersten Chancen sind auf unserer Seite. Mirko R\u00f6hl scheitert aus kurzer Distanz am Torwart. Kurz danach landet ein Schuss von Jannis Bredemeier am Au\u00dfennetz des kurzen Eck. Der TSV Horn allerdings kommt auch zu Chancen. Nach etwa 20 Minuten wird ein Pass dann ideal in die Schnittstelle gespielt und Magnus Kemna im Tor \u00fcberwunden. Ein Spielverlauf der so nicht gew\u00fcnscht war. Anschlie\u00dfend muss auch noch Sturmtank Marco Barkowski raus. Dieser hatte am Wochenende bereits mit Leistenproblemen ausgesetzt und kann nicht mehr weiter machen. Danach wird es gleich nochmal sehr brenzlig. Nach einem Missverst\u00e4ndnis von Innenverteidiger Tim Werner und Torwart Magnus Kemna kommt der Horner St\u00fcrmer im Strafraum an den Ball. Den Versuch aus sehr spitzem Winkel kann aber Kapit\u00e4n Jan Eskuchen noch auf der Linie kl\u00e4ren. Gr\u00fcn-Wei\u00df zieht den Kopf nochmal aus der Schlinge. Ein 2-Tore-R\u00fcckstand w\u00e4re vermutlich eine Vorentscheidung gewesen. So aber richtet sich die Mannschaft wieder auf und kurz darauf gleicht Juwel Jannis Bredemeier aus. Ein Ball in die Spitze wird vom Verteidiger unterlaufen und so stehen gleich 2 unserer M\u00e4nner vor dem Torwart. Jannis l\u00e4sst es sich nicht nehmen und hebt den Ball locker am Keeper vorbei. Nach 38 Minuten steht es 1:1. Alles auf Anfang, alles auf Null, das Spiel beginnt von neu. Kurz vor der Pause bekommen wir einen Einwurf auf der linken Seite auf H\u00f6he der Strafraumgrenze. Einwurf R\u00f6hl in die Mitte auf Bredemeier. Der ist zwar ungedeckt aber brauch den Ball gar nicht erst annehmen. Der Ball kommt einmal auf und liegt dann auf dem rechten Huf. Mit vollem Risiko wird die Kugel genommen, rutscht leicht \u00fcber den Spann und beschreibt damit eine unhaltbare Flugkurve ins rechte Lattenkreuz. Das Spiel wird danach nicht mehr angepfiffen und euphorisch geht es in die Halbzeitpause.<\/p>\n<figure id=\"attachment_12156\" aria-describedby=\"caption-attachment-12156\" style=\"width: 800px\" class=\"wp-caption aligncenter\"><img data-recalc-dims=\"1\" loading=\"lazy\" decoding=\"async\" data-attachment-id=\"12156\" data-permalink=\"https:\/\/www.tuseichholzremmighausen.de\/wordpress\/archives\/12154\/dsc_0212\" data-orig-file=\"https:\/\/i0.wp.com\/www.tuseichholzremmighausen.de\/wordpress\/wp-content\/uploads\/2019\/09\/DSC_0212.jpg?fit=2048%2C1365&amp;ssl=1\" data-orig-size=\"2048,1365\" data-comments-opened=\"0\" data-image-meta=\"{&quot;aperture&quot;:&quot;5&quot;,&quot;credit&quot;:&quot;&quot;,&quot;camera&quot;:&quot;NIKON D3100&quot;,&quot;caption&quot;:&quot;&quot;,&quot;created_timestamp&quot;:&quot;1568146595&quot;,&quot;copyright&quot;:&quot;&quot;,&quot;focal_length&quot;:&quot;150&quot;,&quot;iso&quot;:&quot;3200&quot;,&quot;shutter_speed&quot;:&quot;0.003125&quot;,&quot;title&quot;:&quot;&quot;,&quot;orientation&quot;:&quot;0&quot;}\" data-image-title=\"DSC_0212\" data-image-description=\"\" data-image-caption=\"&lt;p&gt;Stefan Fleer &amp;#038; Jannis Bredemeier haben heute zusammen mit Tarek Renusch das Mittelfeld im Griff.&lt;\/p&gt;\n\" data-large-file=\"https:\/\/i0.wp.com\/www.tuseichholzremmighausen.de\/wordpress\/wp-content\/uploads\/2019\/09\/DSC_0212.jpg?fit=800%2C534&amp;ssl=1\" class=\"size-large wp-image-12156\" src=\"https:\/\/i0.wp.com\/www.tuseichholzremmighausen.de\/wordpress\/wp-content\/uploads\/2019\/09\/DSC_0212.jpg?resize=800%2C534&#038;ssl=1\" alt=\"\" width=\"800\" height=\"534\" srcset=\"https:\/\/i0.wp.com\/www.tuseichholzremmighausen.de\/wordpress\/wp-content\/uploads\/2019\/09\/DSC_0212.jpg?resize=1024%2C683&amp;ssl=1 1024w, https:\/\/i0.wp.com\/www.tuseichholzremmighausen.de\/wordpress\/wp-content\/uploads\/2019\/09\/DSC_0212.jpg?resize=600%2C400&amp;ssl=1 600w, https:\/\/i0.wp.com\/www.tuseichholzremmighausen.de\/wordpress\/wp-content\/uploads\/2019\/09\/DSC_0212.jpg?resize=300%2C200&amp;ssl=1 300w, https:\/\/i0.wp.com\/www.tuseichholzremmighausen.de\/wordpress\/wp-content\/uploads\/2019\/09\/DSC_0212.jpg?resize=768%2C512&amp;ssl=1 768w, https:\/\/i0.wp.com\/www.tuseichholzremmighausen.de\/wordpress\/wp-content\/uploads\/2019\/09\/DSC_0212.jpg?w=2048&amp;ssl=1 2048w, https:\/\/i0.wp.com\/www.tuseichholzremmighausen.de\/wordpress\/wp-content\/uploads\/2019\/09\/DSC_0212.jpg?w=1600&amp;ssl=1 1600w\" sizes=\"auto, (max-width: 800px) 100vw, 800px\" \/><figcaption id=\"caption-attachment-12156\" class=\"wp-caption-text\">Stefan Fleer &amp; Jannis Bredemeier. Jugend forscht beim TuS!<\/figcaption><\/figure>\n<p>Es wird neue Energie zu sich genommen. Es wird sich Mut zu gesprochen und mit dem festen Glauben an die eigene St\u00e4rke geht es in die zweite Halbzeit. Der Start gelingt erneut. Die ersten Chancen ergeben sich f\u00fcr unser Heimteam. Wie immer unerm\u00fcdlich sprintet Mirko R\u00f6hl die linke Au\u00dfenbahn auf und ab. Heute allerdings gezeichnet von einem Foul zu Beginn des Spiels. Nach einem weiteren langen Sprint macht der Muskel dann sprichw\u00f6rtlich \u201ezu\u201c. F\u00fcr ihn kommt Allrounder Lars Wiens. Das tut unserem Spiel aber keinen Abbruch. Weiter werden mutig Angriffe gefahren und auf das n\u00e4chste Tor gedr\u00e4ngt. Die Mannschaft zeigt ihr gewohnt dominantes Gesicht auch gegen einen h\u00f6herklassigen Gegner. Dann wird es brenzlich. Einen Pass von Kemna, kann Lars Wiens nicht kontrollieren. Der St\u00fcrmer geht dazwischen und legt sich den Ball vor. Einen Hauch zu weit allerdings, sodass Eskuchen kl\u00e4ren kann und dieser Ball geht ideal in die Tiefe und erneut laufen zwei Eichholzer auf das Tor zu. Nat\u00fcrlich kommt Mittelfeld-Juwel Jannis Bredemeier an den Ball und schlie\u00dft souver\u00e4n wie ein alter Hase ab. Der Ball rollt unten-links in den Kasten und sp\u00e4testens jetzt ist die Pforte zum Viertelfinale ganz weit aufgesto\u00dfen. Leider sind noch 23 Minuten auf der Uhr. Nat\u00fcrlich wird es dramatisch. Horn wirft alles nach vorne und Eichholz verteidigt mit Mann und Maus. Trotzdem sind wir immer wieder dabei gef\u00e4hrliche Nadelstiche \u00fcber Konter zu setzen. Dann f\u00e4llt der Anschlusstreffer aus \u00e4u\u00dferst verd\u00e4chtiger Position. Zu unserem gro\u00dfen Unmut meldet sich der VAR aus K\u00f6ln nicht. Eine Viertelstunde muss die F\u00fchrung noch halten. Die gro\u00dfe Phase des gr\u00fcnen K\u00e4mpferherz ist angebrochen. Es wird noch 1-2 mal gef\u00e4hrlich vor der H\u00fctte aber der Ball bleibt stets vor der Linie. Wahnsinnig abgezockt spielt die so junge Mannschaft dann den Ball durchs Ziel. Und dann? Nur noch Jubel!<\/p>\n<p>&nbsp;<\/p>\n<p>Wer diesen Zeilen nicht glaubt&#8230; Gl\u00fccklicherweise waren die netten Menschen von FuPa.net dabei und haben das Spiel auf &#8222;Band&#8220;. <a href=\"https:\/\/www.fupa.net\/tv\/match\/tus-eichholz-remmighausen-tuerkischer-sv-horn-8405657-165761\/interview-99?fbclid=IwAR1Ux3raSYh4BRvkREEkEV4B5At_OmTHRkKA-k9jkj44YaKw0MjUpxwi7NY\">Viel Spa\u00df damit!<\/a><\/p>\n<p>&nbsp;<\/p>\n","protected":false},"excerpt":{"rendered":"<p>Was soll man noch schreiben nach diesem Abend. Es fehlen einem die Worte. Der TuS schl\u00e4gt den Bezirksligaabsteiger TSV Horn<\/p>\n","protected":false},"author":54,"featured_media":12155,"comment_status":"closed","ping_status":"open","sticky":false,"template":"","format":"standard","meta":{"colormag_page_container_layout":"default_layout","colormag_page_sidebar_layout":"default_layout","_jetpack_memberships_contains_paid_content":false,"footnotes":"","jetpack_publicize_message":"","jetpack_publicize_feature_enabled":true,"jetpack_social_post_already_shared":true,"jetpack_social_options":{"image_generator_settings":{"template":"highway","default_image_id":0,"font":"","enabled":false},"version":2}},"categories":[157],"tags":[],"class_list":["post-12154","post","type-post","status-publish","format-standard","has-post-thumbnail","hentry","category-archiv"],"jetpack_publicize_connections":[],"jetpack_featured_media_url":"https:\/\/i0.wp.com\/www.tuseichholzremmighausen.de\/wordpress\/wp-content\/uploads\/2019\/09\/DSC_0231.jpg?fit=2048%2C1365&ssl=1","jetpack_sharing_enabled":true,"_links":{"self":[{"href":"https:\/\/www.tuseichholzremmighausen.de\/wordpress\/wp-json\/wp\/v2\/posts\/12154","targetHints":{"allow":["GET"]}}],"collection":[{"href":"https:\/\/www.tuseichholzremmighausen.de\/wordpress\/wp-json\/wp\/v2\/posts"}],"about":[{"href":"https:\/\/www.tuseichholzremmighausen.de\/wordpress\/wp-json\/wp\/v2\/types\/post"}],"author":[{"embeddable":true,"href":"https:\/\/www.tuseichholzremmighausen.de\/wordpress\/wp-json\/wp\/v2\/users\/54"}],"replies":[{"embeddable":true,"href":"https:\/\/www.tuseichholzremmighausen.de\/wordpress\/wp-json\/wp\/v2\/comments?post=12154"}],"version-history":[{"count":0,"href":"https:\/\/www.tuseichholzremmighausen.de\/wordpress\/wp-json\/wp\/v2\/posts\/12154\/revisions"}],"wp:featuredmedia":[{"embeddable":true,"href":"https:\/\/www.tuseichholzremmighausen.de\/wordpress\/wp-json\/wp\/v2\/media\/12155"}],"wp:attachment":[{"href":"https:\/\/www.tuseichholzremmighausen.de\/wordpress\/wp-json\/wp\/v2\/media?parent=12154"}],"wp:term":[{"taxonomy":"category","embeddable":true,"href":"https:\/\/www.tuseichholzremmighausen.de\/wordpress\/wp-json\/wp\/v2\/categories?post=12154"},{"taxonomy":"post_tag","embeddable":true,"href":"https:\/\/www.tuseichholzremmighausen.de\/wordpress\/wp-json\/wp\/v2\/tags?post=12154"}],"curies":[{"name":"wp","href":"https:\/\/api.w.org\/{rel}","templated":true}]}}