{"id":12172,"date":"2019-09-15T19:43:38","date_gmt":"2019-09-15T17:43:38","guid":{"rendered":"https:\/\/www.tuseichholzremmighausen.de\/wordpress\/?p=12172"},"modified":"2020-09-11T20:38:48","modified_gmt":"2020-09-11T18:38:48","slug":"mit-31-in-die-saison-b-juniorinnen-in-borchen-erfolgreich","status":"publish","type":"post","link":"https:\/\/www.tuseichholzremmighausen.de\/wordpress\/archives\/12172","title":{"rendered":"Mit 3:1 in die Saison! B-Juniorinnen in Borchen erfolgreich"},"content":{"rendered":"<p>Mit Spannung wurde das erste Auftreten der B-Juniorinnen in der neuen Meisterschaftssaison erwartet. Mit gro\u00dfem Anhang f\u00fchrte die Reise am Samstag Nachmittag zum SC Borchen. 1 A Wetter, eine prima Anlage beim Gastgeber und der ordentlich gef\u00fcllte Fanblock in Gr\u00fcn-Wei\u00df&#8230; geradezu optimale Bedingungen. <img data-recalc-dims=\"1\" loading=\"lazy\" decoding=\"async\" data-attachment-id=\"12175\" data-permalink=\"https:\/\/www.tuseichholzremmighausen.de\/wordpress\/archives\/12172\/fb_b-juniorinnen_190914_001\" data-orig-file=\"https:\/\/i0.wp.com\/www.tuseichholzremmighausen.de\/wordpress\/wp-content\/uploads\/2019\/09\/fb_b-juniorinnen_190914_001.jpg?fit=1200%2C675&amp;ssl=1\" data-orig-size=\"1200,675\" data-comments-opened=\"0\" data-image-meta=\"{&quot;aperture&quot;:&quot;5&quot;,&quot;credit&quot;:&quot;Rolf Gehrke&quot;,&quot;camera&quot;:&quot;Canon EOS 80D&quot;,&quot;caption&quot;:&quot;&quot;,&quot;created_timestamp&quot;:&quot;1568477063&quot;,&quot;copyright&quot;:&quot;RGehrke2019&quot;,&quot;focal_length&quot;:&quot;159&quot;,&quot;iso&quot;:&quot;250&quot;,&quot;shutter_speed&quot;:&quot;0.000625&quot;,&quot;title&quot;:&quot;&quot;,&quot;orientation&quot;:&quot;1&quot;}\" data-image-title=\"fb_b-juniorinnen_190914_001\" data-image-description=\"\" data-image-caption=\"\" data-large-file=\"https:\/\/i0.wp.com\/www.tuseichholzremmighausen.de\/wordpress\/wp-content\/uploads\/2019\/09\/fb_b-juniorinnen_190914_001.jpg?fit=800%2C450&amp;ssl=1\" class=\"alignnone size-full wp-image-12175\" src=\"https:\/\/i0.wp.com\/www.tuseichholzremmighausen.de\/wordpress\/wp-content\/uploads\/2019\/09\/fb_b-juniorinnen_190914_001.jpg?resize=800%2C450&#038;ssl=1\" alt=\"\" width=\"800\" height=\"450\" srcset=\"https:\/\/i0.wp.com\/www.tuseichholzremmighausen.de\/wordpress\/wp-content\/uploads\/2019\/09\/fb_b-juniorinnen_190914_001.jpg?w=1200&amp;ssl=1 1200w, https:\/\/i0.wp.com\/www.tuseichholzremmighausen.de\/wordpress\/wp-content\/uploads\/2019\/09\/fb_b-juniorinnen_190914_001.jpg?resize=600%2C338&amp;ssl=1 600w, https:\/\/i0.wp.com\/www.tuseichholzremmighausen.de\/wordpress\/wp-content\/uploads\/2019\/09\/fb_b-juniorinnen_190914_001.jpg?resize=300%2C169&amp;ssl=1 300w, https:\/\/i0.wp.com\/www.tuseichholzremmighausen.de\/wordpress\/wp-content\/uploads\/2019\/09\/fb_b-juniorinnen_190914_001.jpg?resize=768%2C432&amp;ssl=1 768w, https:\/\/i0.wp.com\/www.tuseichholzremmighausen.de\/wordpress\/wp-content\/uploads\/2019\/09\/fb_b-juniorinnen_190914_001.jpg?resize=1024%2C576&amp;ssl=1 1024w\" sizes=\"auto, (max-width: 800px) 100vw, 800px\" \/>Die aktuelle Personalsituation, insbesondere auf der Torwartposition forderte die Trainer schon zu einigen \u00dcberlegungen hinsichtlich der Startaufstellung. Taktische Ideen des Trainertrios, nach denen die noch gesundheitlich angeschlagene Celine f\u00fcr Medleen die Torwarthandschuhe \u00fcberstreifte, fruchteten von Beginn an. Kapit\u00e4nin Madleen fungierte als Dreh- und Angelpunkt im Aufbauspiel der Gr\u00fcn-Wei\u00dfen und bediente ihre Mitspielerinnen immer wieder mit guten Zuspielen in die Schnittstellen.<img data-recalc-dims=\"1\" loading=\"lazy\" decoding=\"async\" data-attachment-id=\"12173\" data-permalink=\"https:\/\/www.tuseichholzremmighausen.de\/wordpress\/archives\/12172\/fb_b-juniorinnen_190914-22\" data-orig-file=\"https:\/\/i0.wp.com\/www.tuseichholzremmighausen.de\/wordpress\/wp-content\/uploads\/2019\/09\/fb_b-juniorinnen_190914-22.jpg?fit=1200%2C675&amp;ssl=1\" data-orig-size=\"1200,675\" data-comments-opened=\"0\" data-image-meta=\"{&quot;aperture&quot;:&quot;6.3&quot;,&quot;credit&quot;:&quot;Rolf Gehrke&quot;,&quot;camera&quot;:&quot;Canon EOS 80D&quot;,&quot;caption&quot;:&quot;&quot;,&quot;created_timestamp&quot;:&quot;1568477844&quot;,&quot;copyright&quot;:&quot;RGehrke2019&quot;,&quot;focal_length&quot;:&quot;94&quot;,&quot;iso&quot;:&quot;250&quot;,&quot;shutter_speed&quot;:&quot;0.000625&quot;,&quot;title&quot;:&quot;&quot;,&quot;orientation&quot;:&quot;1&quot;}\" data-image-title=\"fb_b-juniorinnen_190914 (22)\" data-image-description=\"\" data-image-caption=\"\" data-large-file=\"https:\/\/i0.wp.com\/www.tuseichholzremmighausen.de\/wordpress\/wp-content\/uploads\/2019\/09\/fb_b-juniorinnen_190914-22.jpg?fit=800%2C450&amp;ssl=1\" class=\"alignnone size-full wp-image-12173\" src=\"https:\/\/i0.wp.com\/www.tuseichholzremmighausen.de\/wordpress\/wp-content\/uploads\/2019\/09\/fb_b-juniorinnen_190914-22.jpg?resize=800%2C450&#038;ssl=1\" alt=\"\" width=\"800\" height=\"450\" srcset=\"https:\/\/i0.wp.com\/www.tuseichholzremmighausen.de\/wordpress\/wp-content\/uploads\/2019\/09\/fb_b-juniorinnen_190914-22.jpg?w=1200&amp;ssl=1 1200w, https:\/\/i0.wp.com\/www.tuseichholzremmighausen.de\/wordpress\/wp-content\/uploads\/2019\/09\/fb_b-juniorinnen_190914-22.jpg?resize=600%2C338&amp;ssl=1 600w, https:\/\/i0.wp.com\/www.tuseichholzremmighausen.de\/wordpress\/wp-content\/uploads\/2019\/09\/fb_b-juniorinnen_190914-22.jpg?resize=300%2C169&amp;ssl=1 300w, https:\/\/i0.wp.com\/www.tuseichholzremmighausen.de\/wordpress\/wp-content\/uploads\/2019\/09\/fb_b-juniorinnen_190914-22.jpg?resize=768%2C432&amp;ssl=1 768w, https:\/\/i0.wp.com\/www.tuseichholzremmighausen.de\/wordpress\/wp-content\/uploads\/2019\/09\/fb_b-juniorinnen_190914-22.jpg?resize=1024%2C576&amp;ssl=1 1024w\" sizes=\"auto, (max-width: 800px) 100vw, 800px\" \/> Bereits nach 4 Minuten belohnte sich der TuS f\u00fcr die mutige und offensive Spielweise mit der F\u00fchrung. Einen langen Ball in die Spitze verwertete Jule und schoss mit einem Flachschuss aus halbrechter Position zum 0:1 ein. Die sichtlich irritierten Gastgeberinnen versuchten danach ihrerseits mehr in die Offensive zu investieren.<img data-recalc-dims=\"1\" loading=\"lazy\" decoding=\"async\" data-attachment-id=\"12176\" data-permalink=\"https:\/\/www.tuseichholzremmighausen.de\/wordpress\/archives\/12172\/fb_b-juniorinnen_190914-29\" data-orig-file=\"https:\/\/i0.wp.com\/www.tuseichholzremmighausen.de\/wordpress\/wp-content\/uploads\/2019\/09\/fb_b-juniorinnen_190914-29.jpg?fit=1200%2C675&amp;ssl=1\" data-orig-size=\"1200,675\" data-comments-opened=\"0\" data-image-meta=\"{&quot;aperture&quot;:&quot;4.5&quot;,&quot;credit&quot;:&quot;Rolf Gehrke&quot;,&quot;camera&quot;:&quot;Canon EOS 80D&quot;,&quot;caption&quot;:&quot;&quot;,&quot;created_timestamp&quot;:&quot;1568478514&quot;,&quot;copyright&quot;:&quot;RGehrke2019&quot;,&quot;focal_length&quot;:&quot;122&quot;,&quot;iso&quot;:&quot;250&quot;,&quot;shutter_speed&quot;:&quot;0.0004&quot;,&quot;title&quot;:&quot;&quot;,&quot;orientation&quot;:&quot;1&quot;}\" data-image-title=\"fb_b-juniorinnen_190914 (29)\" data-image-description=\"\" data-image-caption=\"\" data-large-file=\"https:\/\/i0.wp.com\/www.tuseichholzremmighausen.de\/wordpress\/wp-content\/uploads\/2019\/09\/fb_b-juniorinnen_190914-29.jpg?fit=800%2C450&amp;ssl=1\" class=\"alignnone size-full wp-image-12176\" src=\"https:\/\/i0.wp.com\/www.tuseichholzremmighausen.de\/wordpress\/wp-content\/uploads\/2019\/09\/fb_b-juniorinnen_190914-29.jpg?resize=800%2C450&#038;ssl=1\" alt=\"\" width=\"800\" height=\"450\" srcset=\"https:\/\/i0.wp.com\/www.tuseichholzremmighausen.de\/wordpress\/wp-content\/uploads\/2019\/09\/fb_b-juniorinnen_190914-29.jpg?w=1200&amp;ssl=1 1200w, https:\/\/i0.wp.com\/www.tuseichholzremmighausen.de\/wordpress\/wp-content\/uploads\/2019\/09\/fb_b-juniorinnen_190914-29.jpg?resize=600%2C338&amp;ssl=1 600w, https:\/\/i0.wp.com\/www.tuseichholzremmighausen.de\/wordpress\/wp-content\/uploads\/2019\/09\/fb_b-juniorinnen_190914-29.jpg?resize=300%2C169&amp;ssl=1 300w, https:\/\/i0.wp.com\/www.tuseichholzremmighausen.de\/wordpress\/wp-content\/uploads\/2019\/09\/fb_b-juniorinnen_190914-29.jpg?resize=768%2C432&amp;ssl=1 768w, https:\/\/i0.wp.com\/www.tuseichholzremmighausen.de\/wordpress\/wp-content\/uploads\/2019\/09\/fb_b-juniorinnen_190914-29.jpg?resize=1024%2C576&amp;ssl=1 1024w\" sizes=\"auto, (max-width: 800px) 100vw, 800px\" \/> Dennoch blieb der TuS weiter tonangebend und setzte mit dem 0:2 ein weiteres Ausrufezeichen. Miray konnte einen der vielen sch\u00f6nen Spielz\u00fcge erfolgreich abschlie\u00dfen und lie\u00df SC-Keeper mit einem strammen Schuss keine Abwehrchance.<img data-recalc-dims=\"1\" loading=\"lazy\" decoding=\"async\" data-attachment-id=\"12174\" data-permalink=\"https:\/\/www.tuseichholzremmighausen.de\/wordpress\/archives\/12172\/fb_b-juniorinnen_190914-65\" data-orig-file=\"https:\/\/i0.wp.com\/www.tuseichholzremmighausen.de\/wordpress\/wp-content\/uploads\/2019\/09\/fb_b-juniorinnen_190914-65.jpg?fit=1200%2C675&amp;ssl=1\" data-orig-size=\"1200,675\" data-comments-opened=\"0\" data-image-meta=\"{&quot;aperture&quot;:&quot;5&quot;,&quot;credit&quot;:&quot;Rolf Gehrke&quot;,&quot;camera&quot;:&quot;Canon EOS 80D&quot;,&quot;caption&quot;:&quot;&quot;,&quot;created_timestamp&quot;:&quot;1568479555&quot;,&quot;copyright&quot;:&quot;RGehrke2019&quot;,&quot;focal_length&quot;:&quot;70&quot;,&quot;iso&quot;:&quot;250&quot;,&quot;shutter_speed&quot;:&quot;0.0005&quot;,&quot;title&quot;:&quot;&quot;,&quot;orientation&quot;:&quot;1&quot;}\" data-image-title=\"fb_b-juniorinnen_190914 (65)\" data-image-description=\"\" data-image-caption=\"\" data-large-file=\"https:\/\/i0.wp.com\/www.tuseichholzremmighausen.de\/wordpress\/wp-content\/uploads\/2019\/09\/fb_b-juniorinnen_190914-65.jpg?fit=800%2C450&amp;ssl=1\" class=\"alignnone size-full wp-image-12174\" src=\"https:\/\/i0.wp.com\/www.tuseichholzremmighausen.de\/wordpress\/wp-content\/uploads\/2019\/09\/fb_b-juniorinnen_190914-65.jpg?resize=800%2C450&#038;ssl=1\" alt=\"\" width=\"800\" height=\"450\" srcset=\"https:\/\/i0.wp.com\/www.tuseichholzremmighausen.de\/wordpress\/wp-content\/uploads\/2019\/09\/fb_b-juniorinnen_190914-65.jpg?w=1200&amp;ssl=1 1200w, https:\/\/i0.wp.com\/www.tuseichholzremmighausen.de\/wordpress\/wp-content\/uploads\/2019\/09\/fb_b-juniorinnen_190914-65.jpg?resize=600%2C338&amp;ssl=1 600w, https:\/\/i0.wp.com\/www.tuseichholzremmighausen.de\/wordpress\/wp-content\/uploads\/2019\/09\/fb_b-juniorinnen_190914-65.jpg?resize=300%2C169&amp;ssl=1 300w, https:\/\/i0.wp.com\/www.tuseichholzremmighausen.de\/wordpress\/wp-content\/uploads\/2019\/09\/fb_b-juniorinnen_190914-65.jpg?resize=768%2C432&amp;ssl=1 768w, https:\/\/i0.wp.com\/www.tuseichholzremmighausen.de\/wordpress\/wp-content\/uploads\/2019\/09\/fb_b-juniorinnen_190914-65.jpg?resize=1024%2C576&amp;ssl=1 1024w\" sizes=\"auto, (max-width: 800px) 100vw, 800px\" \/> Mit dem hochverdienten 0:2 und unter viel Beifall aus dem Eichholzer Fanblock wurden die Seiten gewechselt. Naroz, Tobi und Andreas stellten ihr Team hervorragend ein, beobachteten dabei aber auch stets die Konstitution der Doppelspielerinnen auf dem Feld. Wie w\u00fcrden sich Kraft und Kondition der C-M\u00e4dels, die zwei Tage zuvor ihre Auftaktpartie meisterten, entwickeln? Nach der Pause agierten die Heimischen Farben zun\u00e4chst etwas druckvoller. Die Vorst\u00f6\u00dfe wurden in der Eichholzer Defensive gr\u00f6\u00dftenteils gut abgefangen, doch nach einer Stunde markierte der SC den Anschlu\u00dftreffer. Einen Stellungsfehler nutzte die Nummer 11 des SC. Mit einem knallharten Geschoss lie\u00df sie Celine keine Abwehrchance. Gr\u00fcn-Wei\u00df lie\u00df sich nicht auf seinem Weg beirren, spielte weiter konzentriert und setzte die taktischen Finessen der Coaches um. 10 Minuten vor Schluss machte Milena mit ihrem Treffer zum 1:3 den Deckel drauf. In den Schlussminuten lie\u00df der TuS nix mehr anbrennen und feierte lautstark diesen 3:1 Ausw\u00e4rtserfolg. Um auf die zwischenzeitliche Frage der Trainer zur\u00fcckzukommen&#8230; auch, oder gerade die hervorragende Konstitution der C-Juniorinnen war an diesem Tage einer der Grundsteine zum Erfolg. Alle Eichholzer C-Juniorinnen im Team meisterten die Doppelbelastung, was auch die hervorragende Arbeit des Trainerteams unterstreicht. Mit gut durchdachten Spielerwechseln gaben sie den M\u00e4dels immer gen\u00fcgend Erholungszeit. Erw\u00e4hnenswert f\u00fcr diese au\u00dferordentliche Teamleistung ist sicher auch die Tatsache, dass mit Jule, Miray und Milena die Torsch\u00fctzinnen allesamt aus dem C-Juniorinnen-lager stammen. Der gro\u00dfartige Team- und Mannschaftsgeist der diesj\u00e4hrigen B- und C-Juniorinnen, beide Mannschaften erfolgreich in die Saison gestartet, und die einzigartige Fanunterst\u00fctzung machen Lust auf eine tolle Spielzeit 2019\/2020. Hier geht\u00b4s zur Fotoserie:&nbsp; <a href=\"https:\/\/www.facebook.com\/pg\/tuseichholzremmighausen\/photos\/?tab=album&amp;album_id=2529745857047765\" target=\"_blank\" rel=\"noopener noreferrer\">Klick \ud83d\ude09<\/a>&nbsp; &nbsp; &nbsp;<\/p>\n","protected":false},"excerpt":{"rendered":"<p>Mit 3:1 in die Saison! B-Juniorinnen in Borchen erfolgreich<\/p>\n","protected":false},"author":16,"featured_media":12177,"comment_status":"closed","ping_status":"open","sticky":false,"template":"","format":"standard","meta":{"colormag_page_container_layout":"default_layout","colormag_page_sidebar_layout":"default_layout","_jetpack_memberships_contains_paid_content":false,"footnotes":"","jetpack_publicize_message":"","jetpack_publicize_feature_enabled":true,"jetpack_social_post_already_shared":true,"jetpack_social_options":{"image_generator_settings":{"template":"highway","default_image_id":0,"font":"","enabled":false},"version":2}},"categories":[157,207,158],"tags":[],"class_list":["post-12172","post","type-post","status-publish","format-standard","has-post-thumbnail","hentry","category-archiv","category-b-juniorinnen","category-fb-jugend-aktuell"],"jetpack_publicize_connections":[],"jetpack_featured_media_url":"https:\/\/i0.wp.com\/www.tuseichholzremmighausen.de\/wordpress\/wp-content\/uploads\/2019\/09\/fb_b-juniorinnen_190914-62.jpg?fit=1200%2C675&ssl=1","jetpack_sharing_enabled":true,"_links":{"self":[{"href":"https:\/\/www.tuseichholzremmighausen.de\/wordpress\/wp-json\/wp\/v2\/posts\/12172","targetHints":{"allow":["GET"]}}],"collection":[{"href":"https:\/\/www.tuseichholzremmighausen.de\/wordpress\/wp-json\/wp\/v2\/posts"}],"about":[{"href":"https:\/\/www.tuseichholzremmighausen.de\/wordpress\/wp-json\/wp\/v2\/types\/post"}],"author":[{"embeddable":true,"href":"https:\/\/www.tuseichholzremmighausen.de\/wordpress\/wp-json\/wp\/v2\/users\/16"}],"replies":[{"embeddable":true,"href":"https:\/\/www.tuseichholzremmighausen.de\/wordpress\/wp-json\/wp\/v2\/comments?post=12172"}],"version-history":[{"count":0,"href":"https:\/\/www.tuseichholzremmighausen.de\/wordpress\/wp-json\/wp\/v2\/posts\/12172\/revisions"}],"wp:featuredmedia":[{"embeddable":true,"href":"https:\/\/www.tuseichholzremmighausen.de\/wordpress\/wp-json\/wp\/v2\/media\/12177"}],"wp:attachment":[{"href":"https:\/\/www.tuseichholzremmighausen.de\/wordpress\/wp-json\/wp\/v2\/media?parent=12172"}],"wp:term":[{"taxonomy":"category","embeddable":true,"href":"https:\/\/www.tuseichholzremmighausen.de\/wordpress\/wp-json\/wp\/v2\/categories?post=12172"},{"taxonomy":"post_tag","embeddable":true,"href":"https:\/\/www.tuseichholzremmighausen.de\/wordpress\/wp-json\/wp\/v2\/tags?post=12172"}],"curies":[{"name":"wp","href":"https:\/\/api.w.org\/{rel}","templated":true}]}}