{"id":12178,"date":"2019-09-16T10:34:38","date_gmt":"2019-09-16T08:34:38","guid":{"rendered":"https:\/\/www.tuseichholzremmighausen.de\/wordpress\/?p=12178"},"modified":"2020-09-11T20:38:48","modified_gmt":"2020-09-11T18:38:48","slug":"zu-gast-am-doerenwald-auswaertssieg-in-diestelbruch","status":"publish","type":"post","link":"https:\/\/www.tuseichholzremmighausen.de\/wordpress\/archives\/12178","title":{"rendered":"Zu Gast am D\u00f6renwald &#8211; Ausw\u00e4rtssieg in Diestelbruch"},"content":{"rendered":"<p>Schon unter Woche, nach dem kr\u00e4fteraubenden Pokalerfolg zeichnete sich ab das an diesem Wochenende einige Ausf\u00e4lle zu verzeichnen w\u00e4ren. Trainer Tim Hosch weilte beruflich in der Benteler Arena, Spielertrainer Marco Barkowski plagte weiterhin die Leiste, St\u00fcrmer Jannik Rother fehlte ebenfalls angeschlagen (und half der dritten Mannschaft als Torwart) und Mirko R\u00f6hl humpelte unter der Woche ganz ordentlich. Keine optimalen Vorzeichen f\u00fcr das Wochenende. Der Aufsteiger vom D\u00f6renwald pr\u00e4sentierte sich bisher ebenfalls sehr teuer und wie es der Zufall so will, hatte auch noch die 1. Mannschaft des SV Diestelbruch-Mosebeck spielfrei. Es war also zu erwarten das der Gegner punktuell verst\u00e4rkt werden w\u00fcrde.<span class=\"Apple-converted-space\">\u00a0<\/span><\/p>\n<p>Das erkl\u00e4rte Ziel des Trainerteams ist es eine homogene Einheit zu formen. Eine Mannschaft die konstant ihr Potenzial aussch\u00f6pft. Denn in einer so ausgeglichenen Liga ist Konstanz das wichtigste Kriterium. Das bedeutet eben auch konzentriert gegen Mannschaften aus anderen Tabellenregionen zu spielen.<\/p>\n<p>Den fast schon traditionellen Blitzstart gab es leider nicht. Stattdessen ist es in der 10. Minute Joel Weber der eine Rakete auf den Eichholzer-Kasten feuert, den Torwart Magnus Kemna nicht mehr entscheidend umlenken kann. Ein recht ausgeglichenes Spiel entwickelte sich auf der sch\u00f6nen Anlage in Diestelbruch. In der 21. Spielminute fasste sich der noch leicht vom Bierschnupfen geplagte Mittelfeldmotor Fabian Schramm dann ein Herz und zog los. Nach einem dynamischen Dribbling fand er den Ausstieg mit einem Pass in die Tiefe des rechten Fl\u00fcgels, nur um dann die Hereingabe direkt selbst zu verwerten. Weitere zwei Minuten sp\u00e4ter verwandelt dann Dennis Esau einen Elfmeter zur F\u00fchrung.<span class=\"Apple-converted-space\">\u00a0 <\/span>Dieser ist es dann auch der kurz vor der Halbzeit auf 3:1 stellt.<span class=\"Apple-converted-space\">\u00a0<\/span><\/p>\n<figure id=\"attachment_12180\" aria-describedby=\"caption-attachment-12180\" style=\"width: 800px\" class=\"wp-caption aligncenter\"><img data-recalc-dims=\"1\" loading=\"lazy\" decoding=\"async\" data-attachment-id=\"12180\" data-permalink=\"https:\/\/www.tuseichholzremmighausen.de\/wordpress\/archives\/12178\/website-1-5\" data-orig-file=\"https:\/\/i0.wp.com\/www.tuseichholzremmighausen.de\/wordpress\/wp-content\/uploads\/2019\/09\/website-1-scaled.jpg?fit=2560%2C1439&amp;ssl=1\" data-orig-size=\"2560,1439\" data-comments-opened=\"0\" data-image-meta=\"{&quot;aperture&quot;:&quot;0&quot;,&quot;credit&quot;:&quot;&quot;,&quot;camera&quot;:&quot;&quot;,&quot;caption&quot;:&quot;&quot;,&quot;created_timestamp&quot;:&quot;0&quot;,&quot;copyright&quot;:&quot;&quot;,&quot;focal_length&quot;:&quot;0&quot;,&quot;iso&quot;:&quot;0&quot;,&quot;shutter_speed&quot;:&quot;0&quot;,&quot;title&quot;:&quot;&quot;,&quot;orientation&quot;:&quot;0&quot;}\" data-image-title=\"Dennis Esau vs DI Mo 2\" data-image-description=\"\" data-image-caption=\"&lt;p&gt;Dennis Esau war heute schwer zu stoppen in der Spitze.&lt;\/p&gt;\n\" data-large-file=\"https:\/\/i0.wp.com\/www.tuseichholzremmighausen.de\/wordpress\/wp-content\/uploads\/2019\/09\/website-1-scaled.jpg?fit=800%2C450&amp;ssl=1\" class=\"size-large wp-image-12180\" src=\"https:\/\/i0.wp.com\/www.tuseichholzremmighausen.de\/wordpress\/wp-content\/uploads\/2019\/09\/website-1.jpg?resize=800%2C450&#038;ssl=1\" alt=\"\" width=\"800\" height=\"450\" srcset=\"https:\/\/i0.wp.com\/www.tuseichholzremmighausen.de\/wordpress\/wp-content\/uploads\/2019\/09\/website-1-scaled.jpg?resize=1024%2C576&amp;ssl=1 1024w, https:\/\/i0.wp.com\/www.tuseichholzremmighausen.de\/wordpress\/wp-content\/uploads\/2019\/09\/website-1-scaled.jpg?resize=600%2C337&amp;ssl=1 600w, https:\/\/i0.wp.com\/www.tuseichholzremmighausen.de\/wordpress\/wp-content\/uploads\/2019\/09\/website-1-scaled.jpg?resize=300%2C169&amp;ssl=1 300w, https:\/\/i0.wp.com\/www.tuseichholzremmighausen.de\/wordpress\/wp-content\/uploads\/2019\/09\/website-1-scaled.jpg?resize=768%2C432&amp;ssl=1 768w, https:\/\/i0.wp.com\/www.tuseichholzremmighausen.de\/wordpress\/wp-content\/uploads\/2019\/09\/website-1-scaled.jpg?w=1600&amp;ssl=1 1600w, https:\/\/i0.wp.com\/www.tuseichholzremmighausen.de\/wordpress\/wp-content\/uploads\/2019\/09\/website-1-scaled.jpg?w=2400&amp;ssl=1 2400w\" sizes=\"auto, (max-width: 800px) 100vw, 800px\" \/><figcaption id=\"caption-attachment-12180\" class=\"wp-caption-text\">Dennis Esau war heute schwer zu stoppen in der Spitze.<\/figcaption><\/figure>\n<p>Nach Wiederanpfiff legt dann Jannis Pintus Bredemeier (mit seinem 4. Tor in dieser Woche) nach. Als in der 55. Minute Tarek Renusch auf 5:1 erh\u00f6ht ist das Spiel vermeintlich gelaufen. Das ist leider bei den Kickern in rot nicht angekommen. Diese schicken sich dann doch noch an das Spiel einmal spannend zu machen. So ist es erneut Joel Weber der in der 69. und 72. Minute den Ball in den Maschen unterbringt. In den folgenden Aktionen verdient sich dann Keeper Kemna den Sonderpreis \u201eFlieger des Tages\u201c indem er immer wieder tolle Sch\u00fcsse auf seinen Kasten mit sch\u00f6nen Flugeinlagen pariert. Kurz vor Ende nimmt sich dann unser Kapit\u00e4n Jan Eskuchen einen Freisto\u00df und versenkt zum 6:3. Den Schlusspfiff danach nehmen dann alle Akteure gerne. Unser Geburtstagskind Henrik Kowalski konnte sich leider nicht mit einem eigenen Tor belohnen, belohnt aber im Anschluss dann die Mannschaft mit einer Kiste Bier.<span class=\"Apple-converted-space\">\u00a0<\/span><\/p>\n<p>Das n\u00e4chste Kapitel wird am kommenden Sonntag geschrieben. Auf heimischen Kunstrasen geht es ab 15:00 Uhr gegen die SG Hiddesen-Heidenoldendorf um unseren ehemaligen Trainer J\u00f6rg J\u00f6stingmeier.<span class=\"Apple-converted-space\">\u00a0<\/span><\/p>\n","protected":false},"excerpt":{"rendered":"<p>Schon unter Woche, nach dem kr\u00e4fteraubenden Pokalerfolg zeichnete sich ab das an diesem Wochenende einige Ausf\u00e4lle zu verzeichnen w\u00e4ren. Trainer<\/p>\n","protected":false},"author":54,"featured_media":12179,"comment_status":"closed","ping_status":"open","sticky":false,"template":"","format":"standard","meta":{"colormag_page_container_layout":"default_layout","colormag_page_sidebar_layout":"default_layout","_jetpack_memberships_contains_paid_content":false,"footnotes":"","jetpack_publicize_message":"","jetpack_publicize_feature_enabled":true,"jetpack_social_post_already_shared":true,"jetpack_social_options":{"image_generator_settings":{"template":"highway","default_image_id":0,"font":"","enabled":false},"version":2}},"categories":[157],"tags":[],"class_list":["post-12178","post","type-post","status-publish","format-standard","has-post-thumbnail","hentry","category-archiv"],"jetpack_publicize_connections":[],"jetpack_featured_media_url":"https:\/\/i0.wp.com\/www.tuseichholzremmighausen.de\/wordpress\/wp-content\/uploads\/2019\/09\/website-2-scaled.jpg?fit=2560%2C1440&ssl=1","jetpack_sharing_enabled":true,"_links":{"self":[{"href":"https:\/\/www.tuseichholzremmighausen.de\/wordpress\/wp-json\/wp\/v2\/posts\/12178","targetHints":{"allow":["GET"]}}],"collection":[{"href":"https:\/\/www.tuseichholzremmighausen.de\/wordpress\/wp-json\/wp\/v2\/posts"}],"about":[{"href":"https:\/\/www.tuseichholzremmighausen.de\/wordpress\/wp-json\/wp\/v2\/types\/post"}],"author":[{"embeddable":true,"href":"https:\/\/www.tuseichholzremmighausen.de\/wordpress\/wp-json\/wp\/v2\/users\/54"}],"replies":[{"embeddable":true,"href":"https:\/\/www.tuseichholzremmighausen.de\/wordpress\/wp-json\/wp\/v2\/comments?post=12178"}],"version-history":[{"count":0,"href":"https:\/\/www.tuseichholzremmighausen.de\/wordpress\/wp-json\/wp\/v2\/posts\/12178\/revisions"}],"wp:featuredmedia":[{"embeddable":true,"href":"https:\/\/www.tuseichholzremmighausen.de\/wordpress\/wp-json\/wp\/v2\/media\/12179"}],"wp:attachment":[{"href":"https:\/\/www.tuseichholzremmighausen.de\/wordpress\/wp-json\/wp\/v2\/media?parent=12178"}],"wp:term":[{"taxonomy":"category","embeddable":true,"href":"https:\/\/www.tuseichholzremmighausen.de\/wordpress\/wp-json\/wp\/v2\/categories?post=12178"},{"taxonomy":"post_tag","embeddable":true,"href":"https:\/\/www.tuseichholzremmighausen.de\/wordpress\/wp-json\/wp\/v2\/tags?post=12178"}],"curies":[{"name":"wp","href":"https:\/\/api.w.org\/{rel}","templated":true}]}}