{"id":12406,"date":"2019-10-24T11:55:34","date_gmt":"2019-10-24T09:55:34","guid":{"rendered":"https:\/\/www.tuseichholzremmighausen.de\/wordpress\/?p=12406"},"modified":"2020-09-11T20:38:47","modified_gmt":"2020-09-11T18:38:47","slug":"rabauken-in-remmighausen","status":"publish","type":"post","link":"https:\/\/www.tuseichholzremmighausen.de\/wordpress\/archives\/12406","title":{"rendered":"Rabauken in Remmighausen"},"content":{"rendered":"<p><span style=\"font-size: 14pt\">Vom 21.10. &#8211; 23.10. fand beim TuS Eichholz Remmighausen das <span style=\"font-size: 18pt\">Fu\u00dfballcamp vom FC St. Pauli<\/span> statt. Viele Kinder aus verschiedenen Vereinen waren zu Gast auf unserem Platz. <\/span><span style=\"font-size: 14pt\">3 Tage Fu\u00dfball, 3 Tage Spa\u00df, aber auch 3 Tage voller Einsatz&#8230;..<br \/>\nJeden Morgen um 09:30 Uhr trafen sich die Trainer von St. Pauli und die Kids zur Begr\u00fc\u00dfung auf dem Platz. Nach einem Aufw\u00e4rmspiel begaben sich die Kinder in Kleingruppen an 5 verschiedenen Stationen. Jede Gruppe hat jede Station besucht.<\/span><\/p>\n<p><span style=\"font-size: 14pt\"><br \/>\n<span style=\"font-size: 18pt\">Station 1: Spiel 6 vs 6<\/span><\/span><\/p>\n<p><span style=\"font-size: 18pt\">Station 2: Torschuss und Zweikampf<\/span><\/p>\n<p><span style=\"font-size: 18pt\">Station 3: Funino<\/span><\/p>\n<p><span style=\"font-size: 18pt\">Station 4: Ballgef\u00fchl, Kontrolle und Dribbling<\/span><\/p>\n<p><span style=\"font-size: 18pt\">Station 5: Torwarttraining<\/span><\/p>\n<p><span style=\"font-size: 14pt\">Um ca. 12 Uhr sind alle gemeinsam ins Vereinsheim gegangen. Dort stand jeden Tag ein warmes Mittagessen bereit. Auch wenn es sehr viele Kinder waren, hat das Essen dank klarer Regeln super geklappt. Anschlie\u00dfend gab es eine Pause, die nat\u00fcrlich zum Kicken genutzt wurde.<\/p>\n<p><span style=\"font-size: 18pt\">Nachmittags wurde im Turniermodus:<\/span><br \/>\n<span style=\"font-size: 18pt\">Montag: Ajax Turnier<b> <\/b><span style=\"font-size: 12pt\">(wechselnde Teams)<\/span><\/span><br \/>\n<span style=\"font-size: 18pt\">Dienstag: Champions League <span style=\"font-size: 12pt\">(gleichbleibende Teams, mit Auf- und Absteigen)<\/span><\/span><br \/>\n<span style=\"font-size: 18pt\">Mittwoch: Mini WM <span style=\"font-size: 12pt\">(wechselnde Teams)<\/span><\/span><\/span><\/p>\n<p><span style=\"font-size: 14pt\">Um ca. 15:30 Uhr wurde gemeinsam aufger\u00e4umt.<br \/>\nAm Ende haben sich alle Kinder und Trainer zu einem Abschlu\u00dfkreis zusammen getroffen und sich mit St. Pauli Ges\u00e4ngen verabschiedet.<\/span><\/p>\n<figure id=\"attachment_12408\" aria-describedby=\"caption-attachment-12408\" style=\"width: 800px\" class=\"wp-caption alignnone\"><img data-recalc-dims=\"1\" loading=\"lazy\" decoding=\"async\" data-attachment-id=\"12408\" data-permalink=\"https:\/\/www.tuseichholzremmighausen.de\/wordpress\/archives\/12406\/sdr_vivi-2\" data-orig-file=\"https:\/\/i0.wp.com\/www.tuseichholzremmighausen.de\/wordpress\/wp-content\/uploads\/2019\/10\/IMG_20191024_102239.jpg?fit=1699%2C1277&amp;ssl=1\" data-orig-size=\"1699,1277\" data-comments-opened=\"0\" data-image-meta=\"{&quot;aperture&quot;:&quot;2.2&quot;,&quot;credit&quot;:&quot;&quot;,&quot;camera&quot;:&quot;ELE-L29&quot;,&quot;caption&quot;:&quot;sdr_vivi&quot;,&quot;created_timestamp&quot;:&quot;1571845535&quot;,&quot;copyright&quot;:&quot;&quot;,&quot;focal_length&quot;:&quot;2.26&quot;,&quot;iso&quot;:&quot;50&quot;,&quot;shutter_speed&quot;:&quot;0.002759&quot;,&quot;title&quot;:&quot;sdr_vivi&quot;,&quot;orientation&quot;:&quot;1&quot;}\" data-image-title=\"sdr_vivi\" data-image-description=\"\" data-image-caption=\"&lt;p&gt;sdr_vivi&lt;\/p&gt;\n\" data-large-file=\"https:\/\/i0.wp.com\/www.tuseichholzremmighausen.de\/wordpress\/wp-content\/uploads\/2019\/10\/IMG_20191024_102239.jpg?fit=800%2C602&amp;ssl=1\" class=\"size-large wp-image-12408\" src=\"https:\/\/i0.wp.com\/www.tuseichholzremmighausen.de\/wordpress\/wp-content\/uploads\/2019\/10\/IMG_20191024_102239.jpg?resize=800%2C602&#038;ssl=1\" alt=\"\" width=\"800\" height=\"602\" srcset=\"https:\/\/i0.wp.com\/www.tuseichholzremmighausen.de\/wordpress\/wp-content\/uploads\/2019\/10\/IMG_20191024_102239.jpg?resize=1024%2C770&amp;ssl=1 1024w, https:\/\/i0.wp.com\/www.tuseichholzremmighausen.de\/wordpress\/wp-content\/uploads\/2019\/10\/IMG_20191024_102239.jpg?resize=600%2C451&amp;ssl=1 600w, https:\/\/i0.wp.com\/www.tuseichholzremmighausen.de\/wordpress\/wp-content\/uploads\/2019\/10\/IMG_20191024_102239.jpg?resize=300%2C225&amp;ssl=1 300w, https:\/\/i0.wp.com\/www.tuseichholzremmighausen.de\/wordpress\/wp-content\/uploads\/2019\/10\/IMG_20191024_102239.jpg?resize=768%2C577&amp;ssl=1 768w, https:\/\/i0.wp.com\/www.tuseichholzremmighausen.de\/wordpress\/wp-content\/uploads\/2019\/10\/IMG_20191024_102239.jpg?w=1699&amp;ssl=1 1699w, https:\/\/i0.wp.com\/www.tuseichholzremmighausen.de\/wordpress\/wp-content\/uploads\/2019\/10\/IMG_20191024_102239.jpg?w=1600&amp;ssl=1 1600w\" sizes=\"auto, (max-width: 800px) 100vw, 800px\" \/><figcaption id=\"caption-attachment-12408\" class=\"wp-caption-text\"><span style=\"font-size: 12pt\"><b>Danke Peter, dass du dieses Projekt zum TuS Eichholz Remmighausen geholt hast!!!<\/b><\/span><\/figcaption><\/figure>\n","protected":false},"excerpt":{"rendered":"<p>Vom 21.10. &#8211; 23.10. fand beim TuS Eichholz Remmighausen das Fu\u00dfballcamp vom FC St. Pauli statt. Viele Kinder aus verschiedenen<\/p>\n","protected":false},"author":49,"featured_media":12407,"comment_status":"closed","ping_status":"open","sticky":false,"template":"","format":"standard","meta":{"colormag_page_container_layout":"default_layout","colormag_page_sidebar_layout":"default_layout","_jetpack_memberships_contains_paid_content":false,"footnotes":"","jetpack_publicize_message":"","jetpack_publicize_feature_enabled":true,"jetpack_social_post_already_shared":true,"jetpack_social_options":{"image_generator_settings":{"template":"highway","default_image_id":0,"font":"","enabled":false},"version":2}},"categories":[157,158],"tags":[],"class_list":["post-12406","post","type-post","status-publish","format-standard","has-post-thumbnail","hentry","category-archiv","category-fb-jugend-aktuell"],"jetpack_publicize_connections":[],"jetpack_featured_media_url":"https:\/\/i0.wp.com\/www.tuseichholzremmighausen.de\/wordpress\/wp-content\/uploads\/2019\/10\/IMG_20191023_154121-scaled.jpg?fit=2560%2C1920&ssl=1","jetpack_sharing_enabled":true,"_links":{"self":[{"href":"https:\/\/www.tuseichholzremmighausen.de\/wordpress\/wp-json\/wp\/v2\/posts\/12406","targetHints":{"allow":["GET"]}}],"collection":[{"href":"https:\/\/www.tuseichholzremmighausen.de\/wordpress\/wp-json\/wp\/v2\/posts"}],"about":[{"href":"https:\/\/www.tuseichholzremmighausen.de\/wordpress\/wp-json\/wp\/v2\/types\/post"}],"author":[{"embeddable":true,"href":"https:\/\/www.tuseichholzremmighausen.de\/wordpress\/wp-json\/wp\/v2\/users\/49"}],"replies":[{"embeddable":true,"href":"https:\/\/www.tuseichholzremmighausen.de\/wordpress\/wp-json\/wp\/v2\/comments?post=12406"}],"version-history":[{"count":0,"href":"https:\/\/www.tuseichholzremmighausen.de\/wordpress\/wp-json\/wp\/v2\/posts\/12406\/revisions"}],"wp:featuredmedia":[{"embeddable":true,"href":"https:\/\/www.tuseichholzremmighausen.de\/wordpress\/wp-json\/wp\/v2\/media\/12407"}],"wp:attachment":[{"href":"https:\/\/www.tuseichholzremmighausen.de\/wordpress\/wp-json\/wp\/v2\/media?parent=12406"}],"wp:term":[{"taxonomy":"category","embeddable":true,"href":"https:\/\/www.tuseichholzremmighausen.de\/wordpress\/wp-json\/wp\/v2\/categories?post=12406"},{"taxonomy":"post_tag","embeddable":true,"href":"https:\/\/www.tuseichholzremmighausen.de\/wordpress\/wp-json\/wp\/v2\/tags?post=12406"}],"curies":[{"name":"wp","href":"https:\/\/api.w.org\/{rel}","templated":true}]}}