{"id":12691,"date":"2019-12-05T22:01:44","date_gmt":"2019-12-05T21:01:44","guid":{"rendered":"https:\/\/www.tuseichholzremmighausen.de\/wordpress\/?p=12691"},"modified":"2020-09-11T20:38:06","modified_gmt":"2020-09-11T18:38:06","slug":"eine-ehrung-fehlte-noch","status":"publish","type":"post","link":"https:\/\/www.tuseichholzremmighausen.de\/wordpress\/archives\/12691","title":{"rendered":"Eine Ehrung fehlte noch"},"content":{"rendered":"<p>Der Vorsitzende des Kreis-Leichtathletik-Ausschusses, Klaus Brand (auch Mitglied des <strong>TuS Eichholz-Remmighausen<\/strong>) ist schon so lange in der Szene dabei, dass man annehmen musste, er h\u00e4tte schon alles an Ehrungen gehabt. Seitdem er 1971 mit 22 Jahren die Leichtathletik-Abteilung des TV Blomberg neu begr\u00fcndet hatte und 1974 Gr\u00fcndungsmitglied der LG Lippe-S\u00fcd war, hatte er seit 1977 im KLA verschiedene Funktionen inne. Zun\u00e4chst als Sch\u00fcler- und Jugendwart, dann als Trainer, Kampfrichter, Lehrwart, Pressewart, Leiter des Landesleistungsst\u00fctzpunktes, Berater mehrerer Kommunen in Sportangelegenheiten oder seit 2001 bis heute als KLO. Bis heute ist sein Engagement im Ehrenamt kaum noch weg zudenken. Die Ehrungen daf\u00fcr machen eine lange Liste aus: Erster Sportler des Jahres in Blomberg, Gauehrenbrief des Lippischen Turnerbundes, Verdienstnadel des FLVW in Silber und Gold, goldene Ehrennadel TV Blomberg, silberne und goldene Ehrennadel des KSB Lippe, Ehrenplakette des Kreises Detmold, Sportmedaille der Stadt Detmold, silberne und goldene Ehrennadel des Deutschen Leichtathletik-Verbandes und sogar das Bundesverdienstkreuz am Bande der Bundesrepublik Deutschland.<\/p>\n<p>Als Gottfried Dennebier, der Kreisvorsitzende im FuL-Kreis Detmold, in seiner Eigenschaft als neuer Ehrenamtsbeauftragter von Westfalen den Ehrenamtstag im Kreis vorzubereiten hatte, war ihm aber aufgefallen, dass eine Urkunde in dieser langen Reihe wohl unter den Tisch gefallen sein musste. Und so \u00fcberreichte er dem \u00fcberraschten Klaus Brand nun die Ehrennadel in Gold des Fu\u00dfball- und Leichtathletik Verbandes Westfalen &#8211; wie es der Pr\u00e4sident des FLVW, Gundolf Walaschewski, formuliert hatte &#8211;&nbsp; \u201e in Anerkennung der hervorragenden Verdienste um den Sport in Westfalen\u201c.<\/p>\n<p>Pressemitteilung des Kreisvorstandes<br \/>\nFoto: J\u00f6rg Schramm<\/p>\n","protected":false},"excerpt":{"rendered":"<p>Der Vorsitzende des Kreis-Leichtathletik-Ausschusses, Klaus Brand (auch Mitglied des TuS Eichholz-Remmighausen) ist schon so lange in der Szene dabei, dass<\/p>\n","protected":false},"author":46,"featured_media":12690,"comment_status":"closed","ping_status":"open","sticky":false,"template":"","format":"standard","meta":{"colormag_page_container_layout":"default_layout","colormag_page_sidebar_layout":"default_layout","_jetpack_memberships_contains_paid_content":false,"footnotes":"","jetpack_publicize_message":"","jetpack_publicize_feature_enabled":true,"jetpack_social_post_already_shared":true,"jetpack_social_options":{"image_generator_settings":{"template":"highway","default_image_id":0,"font":"","enabled":false},"version":2}},"categories":[157,165,60,162],"tags":[],"class_list":["post-12691","post","type-post","status-publish","format-standard","has-post-thumbnail","hentry","category-archiv","category-startseite-ohne-fb","category-tul-aktuell","category-tus-aktuell"],"jetpack_publicize_connections":[],"jetpack_featured_media_url":"https:\/\/i0.wp.com\/www.tuseichholzremmighausen.de\/wordpress\/wp-content\/uploads\/2019\/12\/klausbrand.jpg?fit=800%2C445&ssl=1","jetpack_sharing_enabled":true,"_links":{"self":[{"href":"https:\/\/www.tuseichholzremmighausen.de\/wordpress\/wp-json\/wp\/v2\/posts\/12691","targetHints":{"allow":["GET"]}}],"collection":[{"href":"https:\/\/www.tuseichholzremmighausen.de\/wordpress\/wp-json\/wp\/v2\/posts"}],"about":[{"href":"https:\/\/www.tuseichholzremmighausen.de\/wordpress\/wp-json\/wp\/v2\/types\/post"}],"author":[{"embeddable":true,"href":"https:\/\/www.tuseichholzremmighausen.de\/wordpress\/wp-json\/wp\/v2\/users\/46"}],"replies":[{"embeddable":true,"href":"https:\/\/www.tuseichholzremmighausen.de\/wordpress\/wp-json\/wp\/v2\/comments?post=12691"}],"version-history":[{"count":0,"href":"https:\/\/www.tuseichholzremmighausen.de\/wordpress\/wp-json\/wp\/v2\/posts\/12691\/revisions"}],"wp:featuredmedia":[{"embeddable":true,"href":"https:\/\/www.tuseichholzremmighausen.de\/wordpress\/wp-json\/wp\/v2\/media\/12690"}],"wp:attachment":[{"href":"https:\/\/www.tuseichholzremmighausen.de\/wordpress\/wp-json\/wp\/v2\/media?parent=12691"}],"wp:term":[{"taxonomy":"category","embeddable":true,"href":"https:\/\/www.tuseichholzremmighausen.de\/wordpress\/wp-json\/wp\/v2\/categories?post=12691"},{"taxonomy":"post_tag","embeddable":true,"href":"https:\/\/www.tuseichholzremmighausen.de\/wordpress\/wp-json\/wp\/v2\/tags?post=12691"}],"curies":[{"name":"wp","href":"https:\/\/api.w.org\/{rel}","templated":true}]}}