{"id":12830,"date":"2020-01-14T16:28:35","date_gmt":"2020-01-14T15:28:35","guid":{"rendered":"https:\/\/www.tuseichholzremmighausen.de\/wordpress\/?p=12830"},"modified":"2020-09-11T20:38:06","modified_gmt":"2020-09-11T18:38:06","slug":"markant-markt-hofmann-cup-f2-freut-sich-ueber-turniersieg","status":"publish","type":"post","link":"https:\/\/www.tuseichholzremmighausen.de\/wordpress\/archives\/12830","title":{"rendered":"&#8222;Markant Markt Hofmann Cup&#8220; &#8211; F2 freut sich \u00fcber Turniersieg"},"content":{"rendered":"<p>Den Auftakt eines spannenden Fu\u00dfballtages bei unserem &#8222;Markant Markt Hofmann Cup&#8220; in der Detmolder Grabbe-Halle machte bereits am fr\u00fchen Vormittag unsere F2-Mannschaft.<img data-recalc-dims=\"1\" loading=\"lazy\" decoding=\"async\" data-attachment-id=\"12851\" data-permalink=\"https:\/\/www.tuseichholzremmighausen.de\/wordpress\/archives\/12830\/fb_f-jugend_200111-146\" data-orig-file=\"https:\/\/i0.wp.com\/www.tuseichholzremmighausen.de\/wordpress\/wp-content\/uploads\/2020\/01\/fb_f-jugend_200111-146.jpg?fit=1200%2C800&amp;ssl=1\" data-orig-size=\"1200,800\" data-comments-opened=\"0\" data-image-meta=\"{&quot;aperture&quot;:&quot;2.8&quot;,&quot;credit&quot;:&quot;Rolf Gehrke&quot;,&quot;camera&quot;:&quot;Canon EOS 80D&quot;,&quot;caption&quot;:&quot;&quot;,&quot;created_timestamp&quot;:&quot;1578747161&quot;,&quot;copyright&quot;:&quot;RGehrke2019&quot;,&quot;focal_length&quot;:&quot;85&quot;,&quot;iso&quot;:&quot;1000&quot;,&quot;shutter_speed&quot;:&quot;0.00125&quot;,&quot;title&quot;:&quot;&quot;,&quot;orientation&quot;:&quot;1&quot;}\" data-image-title=\"fb_f-jugend_200111 (146)\" data-image-description=\"\" data-image-caption=\"\" data-large-file=\"https:\/\/i0.wp.com\/www.tuseichholzremmighausen.de\/wordpress\/wp-content\/uploads\/2020\/01\/fb_f-jugend_200111-146.jpg?fit=800%2C534&amp;ssl=1\" class=\"alignnone size-full wp-image-12851\" src=\"https:\/\/i0.wp.com\/www.tuseichholzremmighausen.de\/wordpress\/wp-content\/uploads\/2020\/01\/fb_f-jugend_200111-146.jpg?resize=800%2C533&#038;ssl=1\" alt=\"\" width=\"800\" height=\"533\" srcset=\"https:\/\/i0.wp.com\/www.tuseichholzremmighausen.de\/wordpress\/wp-content\/uploads\/2020\/01\/fb_f-jugend_200111-146.jpg?w=1200&amp;ssl=1 1200w, https:\/\/i0.wp.com\/www.tuseichholzremmighausen.de\/wordpress\/wp-content\/uploads\/2020\/01\/fb_f-jugend_200111-146.jpg?resize=600%2C400&amp;ssl=1 600w, https:\/\/i0.wp.com\/www.tuseichholzremmighausen.de\/wordpress\/wp-content\/uploads\/2020\/01\/fb_f-jugend_200111-146.jpg?resize=300%2C200&amp;ssl=1 300w, https:\/\/i0.wp.com\/www.tuseichholzremmighausen.de\/wordpress\/wp-content\/uploads\/2020\/01\/fb_f-jugend_200111-146.jpg?resize=1024%2C683&amp;ssl=1 1024w, https:\/\/i0.wp.com\/www.tuseichholzremmighausen.de\/wordpress\/wp-content\/uploads\/2020\/01\/fb_f-jugend_200111-146.jpg?resize=768%2C512&amp;ssl=1 768w\" sizes=\"auto, (max-width: 800px) 100vw, 800px\" \/> Acht Jungs und ein M\u00e4del waren im Aufgebot von Eric, Philipp und Jan, die das Coaching gewohnt souver\u00e4n von der Torauslinie durchf\u00fchrten. Insgesamt umfasste das Teilnehmerfeld sechs Reserve-Teams aus Detmold, Lage und Paderborn, die mit den zahlreich angereisten Eltern f\u00fcr eine gut gef\u00fcllte Halle sorgten und sich an dem reichhaltigen Buffet des TuS erfreuten.<img data-recalc-dims=\"1\" loading=\"lazy\" decoding=\"async\" data-attachment-id=\"12852\" data-permalink=\"https:\/\/www.tuseichholzremmighausen.de\/wordpress\/archives\/12830\/fb_f-jugend_200111-217\" data-orig-file=\"https:\/\/i0.wp.com\/www.tuseichholzremmighausen.de\/wordpress\/wp-content\/uploads\/2020\/01\/fb_f-jugend_200111-217.jpg?fit=1200%2C800&amp;ssl=1\" data-orig-size=\"1200,800\" data-comments-opened=\"0\" data-image-meta=\"{&quot;aperture&quot;:&quot;2.8&quot;,&quot;credit&quot;:&quot;Rolf Gehrke&quot;,&quot;camera&quot;:&quot;Canon EOS 80D&quot;,&quot;caption&quot;:&quot;&quot;,&quot;created_timestamp&quot;:&quot;1578747380&quot;,&quot;copyright&quot;:&quot;RGehrke2019&quot;,&quot;focal_length&quot;:&quot;85&quot;,&quot;iso&quot;:&quot;1000&quot;,&quot;shutter_speed&quot;:&quot;0.00125&quot;,&quot;title&quot;:&quot;&quot;,&quot;orientation&quot;:&quot;1&quot;}\" data-image-title=\"fb_f-jugend_200111 (217)\" data-image-description=\"\" data-image-caption=\"\" data-large-file=\"https:\/\/i0.wp.com\/www.tuseichholzremmighausen.de\/wordpress\/wp-content\/uploads\/2020\/01\/fb_f-jugend_200111-217.jpg?fit=800%2C534&amp;ssl=1\" class=\"alignnone size-full wp-image-12852\" src=\"https:\/\/i0.wp.com\/www.tuseichholzremmighausen.de\/wordpress\/wp-content\/uploads\/2020\/01\/fb_f-jugend_200111-217.jpg?resize=800%2C533&#038;ssl=1\" alt=\"\" width=\"800\" height=\"533\" srcset=\"https:\/\/i0.wp.com\/www.tuseichholzremmighausen.de\/wordpress\/wp-content\/uploads\/2020\/01\/fb_f-jugend_200111-217.jpg?w=1200&amp;ssl=1 1200w, https:\/\/i0.wp.com\/www.tuseichholzremmighausen.de\/wordpress\/wp-content\/uploads\/2020\/01\/fb_f-jugend_200111-217.jpg?resize=600%2C400&amp;ssl=1 600w, https:\/\/i0.wp.com\/www.tuseichholzremmighausen.de\/wordpress\/wp-content\/uploads\/2020\/01\/fb_f-jugend_200111-217.jpg?resize=300%2C200&amp;ssl=1 300w, https:\/\/i0.wp.com\/www.tuseichholzremmighausen.de\/wordpress\/wp-content\/uploads\/2020\/01\/fb_f-jugend_200111-217.jpg?resize=1024%2C683&amp;ssl=1 1024w, https:\/\/i0.wp.com\/www.tuseichholzremmighausen.de\/wordpress\/wp-content\/uploads\/2020\/01\/fb_f-jugend_200111-217.jpg?resize=768%2C512&amp;ssl=1 768w\" sizes=\"auto, (max-width: 800px) 100vw, 800px\" \/> Unsere Kicker erwischten einen erfolgreichen Start in das Turnier und konnten das Auftaktspiel trotz der Ausgeglichenheit beider Mannschaften letztlich knapp f\u00fcr sich entscheiden. Im zweiten Match wartete bereits der n\u00e4chste schwere Brocken.<img data-recalc-dims=\"1\" loading=\"lazy\" decoding=\"async\" data-attachment-id=\"12853\" data-permalink=\"https:\/\/www.tuseichholzremmighausen.de\/wordpress\/archives\/12830\/fb_f-jugend_200111-196\" data-orig-file=\"https:\/\/i0.wp.com\/www.tuseichholzremmighausen.de\/wordpress\/wp-content\/uploads\/2020\/01\/fb_f-jugend_200111-196.jpg?fit=1200%2C800&amp;ssl=1\" data-orig-size=\"1200,800\" data-comments-opened=\"0\" data-image-meta=\"{&quot;aperture&quot;:&quot;2.8&quot;,&quot;credit&quot;:&quot;Rolf Gehrke&quot;,&quot;camera&quot;:&quot;Canon EOS 80D&quot;,&quot;caption&quot;:&quot;&quot;,&quot;created_timestamp&quot;:&quot;1578747294&quot;,&quot;copyright&quot;:&quot;RGehrke2019&quot;,&quot;focal_length&quot;:&quot;85&quot;,&quot;iso&quot;:&quot;1000&quot;,&quot;shutter_speed&quot;:&quot;0.00125&quot;,&quot;title&quot;:&quot;&quot;,&quot;orientation&quot;:&quot;1&quot;}\" data-image-title=\"fb_f-jugend_200111 (196)\" data-image-description=\"\" data-image-caption=\"\" data-large-file=\"https:\/\/i0.wp.com\/www.tuseichholzremmighausen.de\/wordpress\/wp-content\/uploads\/2020\/01\/fb_f-jugend_200111-196.jpg?fit=800%2C534&amp;ssl=1\" class=\"alignnone size-full wp-image-12853\" src=\"https:\/\/i0.wp.com\/www.tuseichholzremmighausen.de\/wordpress\/wp-content\/uploads\/2020\/01\/fb_f-jugend_200111-196.jpg?resize=800%2C533&#038;ssl=1\" alt=\"\" width=\"800\" height=\"533\" srcset=\"https:\/\/i0.wp.com\/www.tuseichholzremmighausen.de\/wordpress\/wp-content\/uploads\/2020\/01\/fb_f-jugend_200111-196.jpg?w=1200&amp;ssl=1 1200w, https:\/\/i0.wp.com\/www.tuseichholzremmighausen.de\/wordpress\/wp-content\/uploads\/2020\/01\/fb_f-jugend_200111-196.jpg?resize=600%2C400&amp;ssl=1 600w, https:\/\/i0.wp.com\/www.tuseichholzremmighausen.de\/wordpress\/wp-content\/uploads\/2020\/01\/fb_f-jugend_200111-196.jpg?resize=300%2C200&amp;ssl=1 300w, https:\/\/i0.wp.com\/www.tuseichholzremmighausen.de\/wordpress\/wp-content\/uploads\/2020\/01\/fb_f-jugend_200111-196.jpg?resize=1024%2C683&amp;ssl=1 1024w, https:\/\/i0.wp.com\/www.tuseichholzremmighausen.de\/wordpress\/wp-content\/uploads\/2020\/01\/fb_f-jugend_200111-196.jpg?resize=768%2C512&amp;ssl=1 768w\" sizes=\"auto, (max-width: 800px) 100vw, 800px\" \/> Dank einer starken Torwart-Leistung und der tollen Moral unserer Truppe konnte man jedoch trotz zwischenzeitlichen R\u00fcckstandes die Niederlage noch abwenden. Auch das dritte Spiel war \u2013 wie in weiten Teilen das gesamte Turnier \u2013 sehr ausgeglichen, was sich letztlich auch im Ergebnis wiederspiegelte. Unser Team war auf Betriebstemperatur: Die Zweik\u00e4mpfewurden leidenschaftlich gef\u00fchrt, unser Keeper r\u00e4umte immer wieder robust auch bereits an der Strafraumkante auf, um die Gefahr vom Tor fernzuhalten, lediglich bei der Chancenverwertung war noch Luft nach oben. Dies \u00e4nderte sich im vierten Auftritt, als der Gegner verdient bezwungen werden konnte.<img data-recalc-dims=\"1\" loading=\"lazy\" decoding=\"async\" data-attachment-id=\"12854\" data-permalink=\"https:\/\/www.tuseichholzremmighausen.de\/wordpress\/archives\/12830\/fb_f-jugend_200111-213\" data-orig-file=\"https:\/\/i0.wp.com\/www.tuseichholzremmighausen.de\/wordpress\/wp-content\/uploads\/2020\/01\/fb_f-jugend_200111-213.jpg?fit=1200%2C800&amp;ssl=1\" data-orig-size=\"1200,800\" data-comments-opened=\"0\" data-image-meta=\"{&quot;aperture&quot;:&quot;2.8&quot;,&quot;credit&quot;:&quot;Rolf Gehrke&quot;,&quot;camera&quot;:&quot;Canon EOS 80D&quot;,&quot;caption&quot;:&quot;&quot;,&quot;created_timestamp&quot;:&quot;1578747378&quot;,&quot;copyright&quot;:&quot;RGehrke2019&quot;,&quot;focal_length&quot;:&quot;85&quot;,&quot;iso&quot;:&quot;1000&quot;,&quot;shutter_speed&quot;:&quot;0.00125&quot;,&quot;title&quot;:&quot;&quot;,&quot;orientation&quot;:&quot;1&quot;}\" data-image-title=\"fb_f-jugend_200111 (213)\" data-image-description=\"\" data-image-caption=\"\" data-large-file=\"https:\/\/i0.wp.com\/www.tuseichholzremmighausen.de\/wordpress\/wp-content\/uploads\/2020\/01\/fb_f-jugend_200111-213.jpg?fit=800%2C534&amp;ssl=1\" class=\"alignnone size-full wp-image-12854\" src=\"https:\/\/i0.wp.com\/www.tuseichholzremmighausen.de\/wordpress\/wp-content\/uploads\/2020\/01\/fb_f-jugend_200111-213.jpg?resize=800%2C533&#038;ssl=1\" alt=\"\" width=\"800\" height=\"533\" srcset=\"https:\/\/i0.wp.com\/www.tuseichholzremmighausen.de\/wordpress\/wp-content\/uploads\/2020\/01\/fb_f-jugend_200111-213.jpg?w=1200&amp;ssl=1 1200w, https:\/\/i0.wp.com\/www.tuseichholzremmighausen.de\/wordpress\/wp-content\/uploads\/2020\/01\/fb_f-jugend_200111-213.jpg?resize=600%2C400&amp;ssl=1 600w, https:\/\/i0.wp.com\/www.tuseichholzremmighausen.de\/wordpress\/wp-content\/uploads\/2020\/01\/fb_f-jugend_200111-213.jpg?resize=300%2C200&amp;ssl=1 300w, https:\/\/i0.wp.com\/www.tuseichholzremmighausen.de\/wordpress\/wp-content\/uploads\/2020\/01\/fb_f-jugend_200111-213.jpg?resize=1024%2C683&amp;ssl=1 1024w, https:\/\/i0.wp.com\/www.tuseichholzremmighausen.de\/wordpress\/wp-content\/uploads\/2020\/01\/fb_f-jugend_200111-213.jpg?resize=768%2C512&amp;ssl=1 768w\" sizes=\"auto, (max-width: 800px) 100vw, 800px\" \/> Im Abschluss-Match konnte unser Gegner gegen Mitte des Spiels in F\u00fchrung gehen. Unsere Mannschaft warf aber noch einmal alles in die Waagschale, kam zum nicht unverdienten Ausgleich und h\u00e4tte die Partie in den Schlussminuten beinahe sogar noch komplett drehen k\u00f6nnen. Aber auch so reichte es am Ende zum Turniersieg, der auf einer geschlossenen Mannschaftsleistung mit einem starken Torh\u00fcter fu\u00dfte.<br \/>\nF\u00fcr den gelungenen Ablauf bei unserem Turnier bedanken wir uns bei den Organisatoren, den Trainern und allen Eltern. Ein gro\u00dfes Dankesch\u00f6n gilt auch dem &#8222;Markant Markt Hofmann&#8220; in Remmighausen, der unser Turnier als Sponsor unterst\u00fctzt hat.<\/p>\n<p>Bericht: Tobias P.<\/p>\n","protected":false},"excerpt":{"rendered":"<p>&#8222;Markant Markt Hofmann Cup&#8220; &#8211; F2 freut sich \u00fcber Turniersieg<\/p>\n","protected":false},"author":49,"featured_media":12849,"comment_status":"closed","ping_status":"open","sticky":false,"template":"","format":"standard","meta":{"colormag_page_container_layout":"default_layout","colormag_page_sidebar_layout":"default_layout","_jetpack_memberships_contains_paid_content":false,"footnotes":"","jetpack_publicize_message":"","jetpack_publicize_feature_enabled":true,"jetpack_social_post_already_shared":true,"jetpack_social_options":{"image_generator_settings":{"template":"highway","default_image_id":0,"font":"","enabled":false},"version":2}},"categories":[157,202,158],"tags":[],"class_list":["post-12830","post","type-post","status-publish","format-standard","has-post-thumbnail","hentry","category-archiv","category-f-junioren","category-fb-jugend-aktuell"],"jetpack_publicize_connections":[],"jetpack_featured_media_url":"https:\/\/i0.wp.com\/www.tuseichholzremmighausen.de\/wordpress\/wp-content\/uploads\/2020\/01\/fb_f-jugend_200111-263.jpg?fit=1200%2C800&ssl=1","jetpack_sharing_enabled":true,"_links":{"self":[{"href":"https:\/\/www.tuseichholzremmighausen.de\/wordpress\/wp-json\/wp\/v2\/posts\/12830","targetHints":{"allow":["GET"]}}],"collection":[{"href":"https:\/\/www.tuseichholzremmighausen.de\/wordpress\/wp-json\/wp\/v2\/posts"}],"about":[{"href":"https:\/\/www.tuseichholzremmighausen.de\/wordpress\/wp-json\/wp\/v2\/types\/post"}],"author":[{"embeddable":true,"href":"https:\/\/www.tuseichholzremmighausen.de\/wordpress\/wp-json\/wp\/v2\/users\/49"}],"replies":[{"embeddable":true,"href":"https:\/\/www.tuseichholzremmighausen.de\/wordpress\/wp-json\/wp\/v2\/comments?post=12830"}],"version-history":[{"count":0,"href":"https:\/\/www.tuseichholzremmighausen.de\/wordpress\/wp-json\/wp\/v2\/posts\/12830\/revisions"}],"wp:featuredmedia":[{"embeddable":true,"href":"https:\/\/www.tuseichholzremmighausen.de\/wordpress\/wp-json\/wp\/v2\/media\/12849"}],"wp:attachment":[{"href":"https:\/\/www.tuseichholzremmighausen.de\/wordpress\/wp-json\/wp\/v2\/media?parent=12830"}],"wp:term":[{"taxonomy":"category","embeddable":true,"href":"https:\/\/www.tuseichholzremmighausen.de\/wordpress\/wp-json\/wp\/v2\/categories?post=12830"},{"taxonomy":"post_tag","embeddable":true,"href":"https:\/\/www.tuseichholzremmighausen.de\/wordpress\/wp-json\/wp\/v2\/tags?post=12830"}],"curies":[{"name":"wp","href":"https:\/\/api.w.org\/{rel}","templated":true}]}}