{"id":12840,"date":"2020-01-14T18:26:28","date_gmt":"2020-01-14T17:26:28","guid":{"rendered":"https:\/\/www.tuseichholzremmighausen.de\/wordpress\/?p=12840"},"modified":"2020-09-11T20:38:06","modified_gmt":"2020-09-11T18:38:06","slug":"f1-gewinnt-markant-markt-hofmann-cup","status":"publish","type":"post","link":"https:\/\/www.tuseichholzremmighausen.de\/wordpress\/archives\/12840","title":{"rendered":"F1 gewinnt &#8222;Markant Markt Hofmann Cup&#8220;"},"content":{"rendered":"<p><img data-recalc-dims=\"1\" loading=\"lazy\" decoding=\"async\" data-attachment-id=\"12844\" data-permalink=\"https:\/\/www.tuseichholzremmighausen.de\/wordpress\/archives\/12840\/fb_f-jugend_200111-2732\" data-orig-file=\"https:\/\/i0.wp.com\/www.tuseichholzremmighausen.de\/wordpress\/wp-content\/uploads\/2020\/01\/fb_f-jugend_200111-2732.jpg?fit=1200%2C800&amp;ssl=1\" data-orig-size=\"1200,800\" data-comments-opened=\"0\" data-image-meta=\"{&quot;aperture&quot;:&quot;2.2&quot;,&quot;credit&quot;:&quot;Rolf Gehrke&quot;,&quot;camera&quot;:&quot;Canon EOS 80D&quot;,&quot;caption&quot;:&quot;&quot;,&quot;created_timestamp&quot;:&quot;1578769393&quot;,&quot;copyright&quot;:&quot;RGehrke2019&quot;,&quot;focal_length&quot;:&quot;28&quot;,&quot;iso&quot;:&quot;800&quot;,&quot;shutter_speed&quot;:&quot;0.00625&quot;,&quot;title&quot;:&quot;&quot;,&quot;orientation&quot;:&quot;1&quot;}\" data-image-title=\"fb_f-jugend_200111 (2732)\" data-image-description=\"\" data-image-caption=\"\" data-large-file=\"https:\/\/i0.wp.com\/www.tuseichholzremmighausen.de\/wordpress\/wp-content\/uploads\/2020\/01\/fb_f-jugend_200111-2732.jpg?fit=800%2C534&amp;ssl=1\" class=\"alignnone size-full wp-image-12844\" src=\"https:\/\/i0.wp.com\/www.tuseichholzremmighausen.de\/wordpress\/wp-content\/uploads\/2020\/01\/fb_f-jugend_200111-2732.jpg?resize=800%2C533&#038;ssl=1\" alt=\"\" width=\"800\" height=\"533\" srcset=\"https:\/\/i0.wp.com\/www.tuseichholzremmighausen.de\/wordpress\/wp-content\/uploads\/2020\/01\/fb_f-jugend_200111-2732.jpg?w=1200&amp;ssl=1 1200w, https:\/\/i0.wp.com\/www.tuseichholzremmighausen.de\/wordpress\/wp-content\/uploads\/2020\/01\/fb_f-jugend_200111-2732.jpg?resize=600%2C400&amp;ssl=1 600w, https:\/\/i0.wp.com\/www.tuseichholzremmighausen.de\/wordpress\/wp-content\/uploads\/2020\/01\/fb_f-jugend_200111-2732.jpg?resize=300%2C200&amp;ssl=1 300w, https:\/\/i0.wp.com\/www.tuseichholzremmighausen.de\/wordpress\/wp-content\/uploads\/2020\/01\/fb_f-jugend_200111-2732.jpg?resize=1024%2C683&amp;ssl=1 1024w, https:\/\/i0.wp.com\/www.tuseichholzremmighausen.de\/wordpress\/wp-content\/uploads\/2020\/01\/fb_f-jugend_200111-2732.jpg?resize=768%2C512&amp;ssl=1 768w\" sizes=\"auto, (max-width: 800px) 100vw, 800px\" \/>Als Ausrichter und amtierender Stadtmeister trat unsere F1 am vergangenen Samstag in der Grabbe-Halle an und spielte um den Markant Markt Hofmann Cup. <img data-recalc-dims=\"1\" loading=\"lazy\" decoding=\"async\" data-attachment-id=\"12845\" data-permalink=\"https:\/\/www.tuseichholzremmighausen.de\/wordpress\/archives\/12840\/fb_f-jugend_200111-1208\" data-orig-file=\"https:\/\/i0.wp.com\/www.tuseichholzremmighausen.de\/wordpress\/wp-content\/uploads\/2020\/01\/fb_f-jugend_200111-1208.jpg?fit=1200%2C800&amp;ssl=1\" data-orig-size=\"1200,800\" data-comments-opened=\"0\" data-image-meta=\"{&quot;aperture&quot;:&quot;2&quot;,&quot;credit&quot;:&quot;Rolf Gehrke&quot;,&quot;camera&quot;:&quot;Canon EOS 80D&quot;,&quot;caption&quot;:&quot;&quot;,&quot;created_timestamp&quot;:&quot;1578757499&quot;,&quot;copyright&quot;:&quot;RGehrke2019&quot;,&quot;focal_length&quot;:&quot;85&quot;,&quot;iso&quot;:&quot;1000&quot;,&quot;shutter_speed&quot;:&quot;0.00125&quot;,&quot;title&quot;:&quot;&quot;,&quot;orientation&quot;:&quot;1&quot;}\" data-image-title=\"fb_f-jugend_200111 (1208)\" data-image-description=\"\" data-image-caption=\"\" data-large-file=\"https:\/\/i0.wp.com\/www.tuseichholzremmighausen.de\/wordpress\/wp-content\/uploads\/2020\/01\/fb_f-jugend_200111-1208.jpg?fit=800%2C534&amp;ssl=1\" class=\"alignnone size-full wp-image-12845\" src=\"https:\/\/i0.wp.com\/www.tuseichholzremmighausen.de\/wordpress\/wp-content\/uploads\/2020\/01\/fb_f-jugend_200111-1208.jpg?resize=800%2C533&#038;ssl=1\" alt=\"\" width=\"800\" height=\"533\" srcset=\"https:\/\/i0.wp.com\/www.tuseichholzremmighausen.de\/wordpress\/wp-content\/uploads\/2020\/01\/fb_f-jugend_200111-1208.jpg?w=1200&amp;ssl=1 1200w, https:\/\/i0.wp.com\/www.tuseichholzremmighausen.de\/wordpress\/wp-content\/uploads\/2020\/01\/fb_f-jugend_200111-1208.jpg?resize=600%2C400&amp;ssl=1 600w, https:\/\/i0.wp.com\/www.tuseichholzremmighausen.de\/wordpress\/wp-content\/uploads\/2020\/01\/fb_f-jugend_200111-1208.jpg?resize=300%2C200&amp;ssl=1 300w, https:\/\/i0.wp.com\/www.tuseichholzremmighausen.de\/wordpress\/wp-content\/uploads\/2020\/01\/fb_f-jugend_200111-1208.jpg?resize=1024%2C683&amp;ssl=1 1024w, https:\/\/i0.wp.com\/www.tuseichholzremmighausen.de\/wordpress\/wp-content\/uploads\/2020\/01\/fb_f-jugend_200111-1208.jpg?resize=768%2C512&amp;ssl=1 768w\" sizes=\"auto, (max-width: 800px) 100vw, 800px\" \/>In einer Gruppe mit den SFBW Paderborn, dem TuS Gastrup Retzen und der JSG Augustdorf\/H\u00f6rste bestritt man die Gruppe A. In der Gruppe B spielten der CSL Detmold, die Kreisauswahl Lemgo U11 M\u00e4dchen, die SV Diestelbruch Mosebeck und die SpVg Hagen Hardissen. In der Vorrunde trat unsere Mannschaft gewohnt dominant auf, lie\u00df aber leider den gro\u00dfen Glanz der Vorwoche vermissen. So kam es, dass man sich insbesondere gegen die Sportfreunde aus Paderborn, in einer intensiven Partie, sehr schwer tat und am Ende eine ungl\u00fcckliche Niederlage hinnehmen musste. Als Gruppenzweiter traf man im Halbfinale auf die Kreisauswahl Lemgo U11 M\u00e4dchen, die man in einer spannenden Begegnung bezwingen konnte.<img data-recalc-dims=\"1\" loading=\"lazy\" decoding=\"async\" data-attachment-id=\"12846\" data-permalink=\"https:\/\/www.tuseichholzremmighausen.de\/wordpress\/archives\/12840\/fb_f-jugend_200111-1958\" data-orig-file=\"https:\/\/i0.wp.com\/www.tuseichholzremmighausen.de\/wordpress\/wp-content\/uploads\/2020\/01\/fb_f-jugend_200111-1958.jpg?fit=1200%2C800&amp;ssl=1\" data-orig-size=\"1200,800\" data-comments-opened=\"0\" data-image-meta=\"{&quot;aperture&quot;:&quot;1.8&quot;,&quot;credit&quot;:&quot;Rolf Gehrke&quot;,&quot;camera&quot;:&quot;Canon EOS 80D&quot;,&quot;caption&quot;:&quot;&quot;,&quot;created_timestamp&quot;:&quot;1578765855&quot;,&quot;copyright&quot;:&quot;RGehrke2019&quot;,&quot;focal_length&quot;:&quot;85&quot;,&quot;iso&quot;:&quot;1600&quot;,&quot;shutter_speed&quot;:&quot;0.001&quot;,&quot;title&quot;:&quot;&quot;,&quot;orientation&quot;:&quot;1&quot;}\" data-image-title=\"fb_f-jugend_200111 (1958)\" data-image-description=\"\" data-image-caption=\"\" data-large-file=\"https:\/\/i0.wp.com\/www.tuseichholzremmighausen.de\/wordpress\/wp-content\/uploads\/2020\/01\/fb_f-jugend_200111-1958.jpg?fit=800%2C534&amp;ssl=1\" class=\"alignnone size-full wp-image-12846\" src=\"https:\/\/i0.wp.com\/www.tuseichholzremmighausen.de\/wordpress\/wp-content\/uploads\/2020\/01\/fb_f-jugend_200111-1958.jpg?resize=800%2C533&#038;ssl=1\" alt=\"\" width=\"800\" height=\"533\" srcset=\"https:\/\/i0.wp.com\/www.tuseichholzremmighausen.de\/wordpress\/wp-content\/uploads\/2020\/01\/fb_f-jugend_200111-1958.jpg?w=1200&amp;ssl=1 1200w, https:\/\/i0.wp.com\/www.tuseichholzremmighausen.de\/wordpress\/wp-content\/uploads\/2020\/01\/fb_f-jugend_200111-1958.jpg?resize=600%2C400&amp;ssl=1 600w, https:\/\/i0.wp.com\/www.tuseichholzremmighausen.de\/wordpress\/wp-content\/uploads\/2020\/01\/fb_f-jugend_200111-1958.jpg?resize=300%2C200&amp;ssl=1 300w, https:\/\/i0.wp.com\/www.tuseichholzremmighausen.de\/wordpress\/wp-content\/uploads\/2020\/01\/fb_f-jugend_200111-1958.jpg?resize=1024%2C683&amp;ssl=1 1024w, https:\/\/i0.wp.com\/www.tuseichholzremmighausen.de\/wordpress\/wp-content\/uploads\/2020\/01\/fb_f-jugend_200111-1958.jpg?resize=768%2C512&amp;ssl=1 768w\" sizes=\"auto, (max-width: 800px) 100vw, 800px\" \/> Auch im Finale hatte man die Nase vorne und konnte sich gegen die SV Diestelbruch Mosebeck durchsetzen.<img data-recalc-dims=\"1\" loading=\"lazy\" decoding=\"async\" data-attachment-id=\"12848\" data-permalink=\"https:\/\/www.tuseichholzremmighausen.de\/wordpress\/archives\/12840\/fb_f-jugend_200111-2631\" data-orig-file=\"https:\/\/i0.wp.com\/www.tuseichholzremmighausen.de\/wordpress\/wp-content\/uploads\/2020\/01\/fb_f-jugend_200111-2631.jpg?fit=1200%2C800&amp;ssl=1\" data-orig-size=\"1200,800\" data-comments-opened=\"0\" data-image-meta=\"{&quot;aperture&quot;:&quot;2&quot;,&quot;credit&quot;:&quot;Rolf Gehrke&quot;,&quot;camera&quot;:&quot;Canon EOS 80D&quot;,&quot;caption&quot;:&quot;&quot;,&quot;created_timestamp&quot;:&quot;1578768778&quot;,&quot;copyright&quot;:&quot;RGehrke2019&quot;,&quot;focal_length&quot;:&quot;28&quot;,&quot;iso&quot;:&quot;1250&quot;,&quot;shutter_speed&quot;:&quot;0.002&quot;,&quot;title&quot;:&quot;&quot;,&quot;orientation&quot;:&quot;1&quot;}\" data-image-title=\"fb_f-jugend_200111 (2631)\" data-image-description=\"\" data-image-caption=\"\" data-large-file=\"https:\/\/i0.wp.com\/www.tuseichholzremmighausen.de\/wordpress\/wp-content\/uploads\/2020\/01\/fb_f-jugend_200111-2631.jpg?fit=800%2C534&amp;ssl=1\" class=\"alignnone size-full wp-image-12848\" src=\"https:\/\/i0.wp.com\/www.tuseichholzremmighausen.de\/wordpress\/wp-content\/uploads\/2020\/01\/fb_f-jugend_200111-2631.jpg?resize=800%2C533&#038;ssl=1\" alt=\"\" width=\"800\" height=\"533\" srcset=\"https:\/\/i0.wp.com\/www.tuseichholzremmighausen.de\/wordpress\/wp-content\/uploads\/2020\/01\/fb_f-jugend_200111-2631.jpg?w=1200&amp;ssl=1 1200w, https:\/\/i0.wp.com\/www.tuseichholzremmighausen.de\/wordpress\/wp-content\/uploads\/2020\/01\/fb_f-jugend_200111-2631.jpg?resize=600%2C400&amp;ssl=1 600w, https:\/\/i0.wp.com\/www.tuseichholzremmighausen.de\/wordpress\/wp-content\/uploads\/2020\/01\/fb_f-jugend_200111-2631.jpg?resize=300%2C200&amp;ssl=1 300w, https:\/\/i0.wp.com\/www.tuseichholzremmighausen.de\/wordpress\/wp-content\/uploads\/2020\/01\/fb_f-jugend_200111-2631.jpg?resize=1024%2C683&amp;ssl=1 1024w, https:\/\/i0.wp.com\/www.tuseichholzremmighausen.de\/wordpress\/wp-content\/uploads\/2020\/01\/fb_f-jugend_200111-2631.jpg?resize=768%2C512&amp;ssl=1 768w\" sizes=\"auto, (max-width: 800px) 100vw, 800px\" \/> Es war am Ende ein Kraftakt und der k\u00e4mpferischen Einstellungen der Mannschaft zu verdanken das dieses Turnier gewonnen wurde.<img data-recalc-dims=\"1\" loading=\"lazy\" decoding=\"async\" data-attachment-id=\"12847\" data-permalink=\"https:\/\/www.tuseichholzremmighausen.de\/wordpress\/archives\/12840\/fb_f-jugend_200111-2589\" data-orig-file=\"https:\/\/i0.wp.com\/www.tuseichholzremmighausen.de\/wordpress\/wp-content\/uploads\/2020\/01\/fb_f-jugend_200111-2589.jpg?fit=1200%2C800&amp;ssl=1\" data-orig-size=\"1200,800\" data-comments-opened=\"0\" data-image-meta=\"{&quot;aperture&quot;:&quot;2&quot;,&quot;credit&quot;:&quot;Rolf Gehrke&quot;,&quot;camera&quot;:&quot;Canon EOS 80D&quot;,&quot;caption&quot;:&quot;&quot;,&quot;created_timestamp&quot;:&quot;1578768517&quot;,&quot;copyright&quot;:&quot;RGehrke2019&quot;,&quot;focal_length&quot;:&quot;85&quot;,&quot;iso&quot;:&quot;1600&quot;,&quot;shutter_speed&quot;:&quot;0.0015625&quot;,&quot;title&quot;:&quot;&quot;,&quot;orientation&quot;:&quot;1&quot;}\" data-image-title=\"fb_f-jugend_200111 (2589)\" data-image-description=\"\" data-image-caption=\"\" data-large-file=\"https:\/\/i0.wp.com\/www.tuseichholzremmighausen.de\/wordpress\/wp-content\/uploads\/2020\/01\/fb_f-jugend_200111-2589.jpg?fit=800%2C534&amp;ssl=1\" class=\"alignnone size-full wp-image-12847\" src=\"https:\/\/i0.wp.com\/www.tuseichholzremmighausen.de\/wordpress\/wp-content\/uploads\/2020\/01\/fb_f-jugend_200111-2589.jpg?resize=800%2C533&#038;ssl=1\" alt=\"\" width=\"800\" height=\"533\" srcset=\"https:\/\/i0.wp.com\/www.tuseichholzremmighausen.de\/wordpress\/wp-content\/uploads\/2020\/01\/fb_f-jugend_200111-2589.jpg?w=1200&amp;ssl=1 1200w, https:\/\/i0.wp.com\/www.tuseichholzremmighausen.de\/wordpress\/wp-content\/uploads\/2020\/01\/fb_f-jugend_200111-2589.jpg?resize=600%2C400&amp;ssl=1 600w, https:\/\/i0.wp.com\/www.tuseichholzremmighausen.de\/wordpress\/wp-content\/uploads\/2020\/01\/fb_f-jugend_200111-2589.jpg?resize=300%2C200&amp;ssl=1 300w, https:\/\/i0.wp.com\/www.tuseichholzremmighausen.de\/wordpress\/wp-content\/uploads\/2020\/01\/fb_f-jugend_200111-2589.jpg?resize=1024%2C683&amp;ssl=1 1024w, https:\/\/i0.wp.com\/www.tuseichholzremmighausen.de\/wordpress\/wp-content\/uploads\/2020\/01\/fb_f-jugend_200111-2589.jpg?resize=768%2C512&amp;ssl=1 768w\" sizes=\"auto, (max-width: 800px) 100vw, 800px\" \/> Tolle Unterst\u00fctzung hatte die Mannschaft auch von Ihren Eltern, die f\u00fcr das leibliche Wohl w\u00e4hrend des Turniers gesorgt haben. Ein gro\u00dfes Dankesch\u00f6n geht auch an den Markant Markt Hofmann in Person Jascha Hofmann, der die Mannschaft und den Verein unterst\u00fctzt hat und an Mohamed (sportliche Leitung), Kevin (Schiedsrichter) und Patrick (Regie)! Ohne diese Unterst\u00fctzung w\u00e4ren viele Dinge nicht m\u00f6glich gewesen!<img data-recalc-dims=\"1\" loading=\"lazy\" decoding=\"async\" data-attachment-id=\"12855\" data-permalink=\"https:\/\/www.tuseichholzremmighausen.de\/wordpress\/archives\/12840\/fb_f-jugend_200111-274\" data-orig-file=\"https:\/\/i0.wp.com\/www.tuseichholzremmighausen.de\/wordpress\/wp-content\/uploads\/2020\/01\/fb_f-jugend_200111-274.jpg?fit=1200%2C800&amp;ssl=1\" data-orig-size=\"1200,800\" data-comments-opened=\"0\" data-image-meta=\"{&quot;aperture&quot;:&quot;6.3&quot;,&quot;credit&quot;:&quot;Rolf Gehrke&quot;,&quot;camera&quot;:&quot;Canon EOS 80D&quot;,&quot;caption&quot;:&quot;&quot;,&quot;created_timestamp&quot;:&quot;1578753416&quot;,&quot;copyright&quot;:&quot;RGehrke2019&quot;,&quot;focal_length&quot;:&quot;28&quot;,&quot;iso&quot;:&quot;1000&quot;,&quot;shutter_speed&quot;:&quot;0.005&quot;,&quot;title&quot;:&quot;&quot;,&quot;orientation&quot;:&quot;1&quot;}\" data-image-title=\"fb_f-jugend_200111 (274)\" data-image-description=\"\" data-image-caption=\"\" data-large-file=\"https:\/\/i0.wp.com\/www.tuseichholzremmighausen.de\/wordpress\/wp-content\/uploads\/2020\/01\/fb_f-jugend_200111-274.jpg?fit=800%2C534&amp;ssl=1\" class=\"alignnone size-full wp-image-12855\" src=\"https:\/\/i0.wp.com\/www.tuseichholzremmighausen.de\/wordpress\/wp-content\/uploads\/2020\/01\/fb_f-jugend_200111-274.jpg?resize=800%2C533&#038;ssl=1\" alt=\"\" width=\"800\" height=\"533\" srcset=\"https:\/\/i0.wp.com\/www.tuseichholzremmighausen.de\/wordpress\/wp-content\/uploads\/2020\/01\/fb_f-jugend_200111-274.jpg?w=1200&amp;ssl=1 1200w, https:\/\/i0.wp.com\/www.tuseichholzremmighausen.de\/wordpress\/wp-content\/uploads\/2020\/01\/fb_f-jugend_200111-274.jpg?resize=600%2C400&amp;ssl=1 600w, https:\/\/i0.wp.com\/www.tuseichholzremmighausen.de\/wordpress\/wp-content\/uploads\/2020\/01\/fb_f-jugend_200111-274.jpg?resize=300%2C200&amp;ssl=1 300w, https:\/\/i0.wp.com\/www.tuseichholzremmighausen.de\/wordpress\/wp-content\/uploads\/2020\/01\/fb_f-jugend_200111-274.jpg?resize=1024%2C683&amp;ssl=1 1024w, https:\/\/i0.wp.com\/www.tuseichholzremmighausen.de\/wordpress\/wp-content\/uploads\/2020\/01\/fb_f-jugend_200111-274.jpg?resize=768%2C512&amp;ssl=1 768w\" sizes=\"auto, (max-width: 800px) 100vw, 800px\" \/><\/p>\n<p>Bericht: Stefan K.<\/p>\n<p>Hier gibt\u00b4s noch eine Bilderserie vom Turniertag:\u00a0<a href=\"https:\/\/www.facebook.com\/pg\/tuseichholzremmighausen\/photos\/?tab=album&amp;album_id=2788521177836897\" target=\"_blank\" rel=\"noopener noreferrer\">Klick \ud83d\ude09<\/a><\/p>\n","protected":false},"excerpt":{"rendered":"<p>F1 gewinnt &#8222;Markant Markt Hofmann Cup&#8220;<\/p>\n","protected":false},"author":49,"featured_media":12843,"comment_status":"closed","ping_status":"open","sticky":false,"template":"","format":"standard","meta":{"colormag_page_container_layout":"default_layout","colormag_page_sidebar_layout":"default_layout","_jetpack_memberships_contains_paid_content":false,"footnotes":"","jetpack_publicize_message":"","jetpack_publicize_feature_enabled":true,"jetpack_social_post_already_shared":true,"jetpack_social_options":{"image_generator_settings":{"template":"highway","default_image_id":0,"font":"","enabled":false},"version":2}},"categories":[157,202,158],"tags":[],"class_list":["post-12840","post","type-post","status-publish","format-standard","has-post-thumbnail","hentry","category-archiv","category-f-junioren","category-fb-jugend-aktuell"],"jetpack_publicize_connections":[],"jetpack_featured_media_url":"https:\/\/i0.wp.com\/www.tuseichholzremmighausen.de\/wordpress\/wp-content\/uploads\/2020\/01\/fb_f-jugend_200111-2792.jpg?fit=1200%2C800&ssl=1","jetpack_sharing_enabled":true,"_links":{"self":[{"href":"https:\/\/www.tuseichholzremmighausen.de\/wordpress\/wp-json\/wp\/v2\/posts\/12840","targetHints":{"allow":["GET"]}}],"collection":[{"href":"https:\/\/www.tuseichholzremmighausen.de\/wordpress\/wp-json\/wp\/v2\/posts"}],"about":[{"href":"https:\/\/www.tuseichholzremmighausen.de\/wordpress\/wp-json\/wp\/v2\/types\/post"}],"author":[{"embeddable":true,"href":"https:\/\/www.tuseichholzremmighausen.de\/wordpress\/wp-json\/wp\/v2\/users\/49"}],"replies":[{"embeddable":true,"href":"https:\/\/www.tuseichholzremmighausen.de\/wordpress\/wp-json\/wp\/v2\/comments?post=12840"}],"version-history":[{"count":0,"href":"https:\/\/www.tuseichholzremmighausen.de\/wordpress\/wp-json\/wp\/v2\/posts\/12840\/revisions"}],"wp:featuredmedia":[{"embeddable":true,"href":"https:\/\/www.tuseichholzremmighausen.de\/wordpress\/wp-json\/wp\/v2\/media\/12843"}],"wp:attachment":[{"href":"https:\/\/www.tuseichholzremmighausen.de\/wordpress\/wp-json\/wp\/v2\/media?parent=12840"}],"wp:term":[{"taxonomy":"category","embeddable":true,"href":"https:\/\/www.tuseichholzremmighausen.de\/wordpress\/wp-json\/wp\/v2\/categories?post=12840"},{"taxonomy":"post_tag","embeddable":true,"href":"https:\/\/www.tuseichholzremmighausen.de\/wordpress\/wp-json\/wp\/v2\/tags?post=12840"}],"curies":[{"name":"wp","href":"https:\/\/api.w.org\/{rel}","templated":true}]}}