{"id":12897,"date":"2020-01-23T14:37:33","date_gmt":"2020-01-23T13:37:33","guid":{"rendered":"https:\/\/www.tuseichholzremmighausen.de\/wordpress\/?p=12897"},"modified":"2020-09-11T20:38:06","modified_gmt":"2020-09-11T18:38:06","slug":"starke-lippe-sued-vorstellung","status":"publish","type":"post","link":"https:\/\/www.tuseichholzremmighausen.de\/wordpress\/archives\/12897","title":{"rendered":"Starke Lippe-S\u00fcd Vorstellung"},"content":{"rendered":"<p>Bericht von den FLVW-Meisterschaften am 18.1.2020&nbsp;<\/p>\n<p><strong>Starke Lippe-S\u00fcd Vorstellung in der Helmut-K\u00f6rnig-Halle <\/strong><\/p>\n<p>&nbsp;<\/p>\n<p>Bei den ersten Hallen-Westfalenmeisterschaften im neuen Jahr in der umfassend neu konzipierten Helmut-K\u00f6rnig-Leichtathletikhalle in Dortmund gaben die Lippe-S\u00fcdler mit Mitgliedsverein <strong>TuS Eichholz-Remmighausen<\/strong> ein erfreuliches Bild ab, und das gleich in mehreren Bereichen:<\/p>\n<p><a href=\"https:\/\/www.tuseichholzremmighausen.de\/wordpress\/2020_lg-sued_halle\"><img data-recalc-dims=\"1\" loading=\"lazy\" decoding=\"async\" data-attachment-id=\"12899\" data-permalink=\"https:\/\/www.tuseichholzremmighausen.de\/wordpress\/archives\/12897\/2020_lg-sued_halle\" data-orig-file=\"https:\/\/i0.wp.com\/www.tuseichholzremmighausen.de\/wordpress\/wp-content\/uploads\/2020\/01\/2020_LG-sued_halle.jpg?fit=800%2C600&amp;ssl=1\" data-orig-size=\"800,600\" data-comments-opened=\"0\" data-image-meta=\"{&quot;aperture&quot;:&quot;2.2&quot;,&quot;credit&quot;:&quot;&quot;,&quot;camera&quot;:&quot;iPhone 6&quot;,&quot;caption&quot;:&quot;&quot;,&quot;created_timestamp&quot;:&quot;1579373261&quot;,&quot;copyright&quot;:&quot;&quot;,&quot;focal_length&quot;:&quot;4.15&quot;,&quot;iso&quot;:&quot;64&quot;,&quot;shutter_speed&quot;:&quot;0.03030303&quot;,&quot;title&quot;:&quot;&quot;,&quot;orientation&quot;:&quot;1&quot;}\" data-image-title=\"2020_LG-sued_halle\" data-image-description=\"\" data-image-caption=\"\" data-large-file=\"https:\/\/i0.wp.com\/www.tuseichholzremmighausen.de\/wordpress\/wp-content\/uploads\/2020\/01\/2020_LG-sued_halle.jpg?fit=800%2C600&amp;ssl=1\" class=\"alignleft size-full wp-image-12899\" src=\"https:\/\/i0.wp.com\/www.tuseichholzremmighausen.de\/wordpress\/wp-content\/uploads\/2020\/01\/2020_LG-sued_halle.jpg?resize=800%2C600&#038;ssl=1\" alt=\"\" width=\"800\" height=\"600\" srcset=\"https:\/\/i0.wp.com\/www.tuseichholzremmighausen.de\/wordpress\/wp-content\/uploads\/2020\/01\/2020_LG-sued_halle.jpg?w=800&amp;ssl=1 800w, https:\/\/i0.wp.com\/www.tuseichholzremmighausen.de\/wordpress\/wp-content\/uploads\/2020\/01\/2020_LG-sued_halle.jpg?resize=600%2C450&amp;ssl=1 600w, https:\/\/i0.wp.com\/www.tuseichholzremmighausen.de\/wordpress\/wp-content\/uploads\/2020\/01\/2020_LG-sued_halle.jpg?resize=300%2C225&amp;ssl=1 300w, https:\/\/i0.wp.com\/www.tuseichholzremmighausen.de\/wordpress\/wp-content\/uploads\/2020\/01\/2020_LG-sued_halle.jpg?resize=768%2C576&amp;ssl=1 768w\" sizes=\"auto, (max-width: 800px) 100vw, 800px\" \/><\/a><\/p>\n<p>&nbsp;<\/p>\n<p>Ihrer Favoritenrolle voll gerecht wurde Marie-Theres Bornemeier im Kugelsto\u00df der Frauen, indem sie ihr Arbeitsger\u00e4t auf 14,31m wuchtete. Damit distanzierte sie die Konkurrenz um fast 1 1\/2 Meter und n\u00e4hert sich allm\u00e4hlich der Quali f\u00fcr die deutschen Meisterschaften.&nbsp;Ebenfalls mit deutlichem Vorsprung holte Maybrit Sommer den Titel im Stabhochsprung U18 mit 3,70m und schaffte Moritz Eins in U18 nach langer Abstinenz mit 3,70m Bronze.<\/p>\n<p>F\u00fcr die \u00dcberraschung aus lippischer Sicht sorgten heute die U18-Jungen der LG Lippe-S\u00fcd.&nbsp;Nach spannenden Vorl\u00e4ufen \u00fcber 60mH\u00fcrden gab es gleich drei Platzierungen im Finale unter den besten F\u00fcnf: <strong>Gerrit Gr\u00f6ne<\/strong> wurde Vizemeister in hervorragenden 8,69s, Hauke Herlemann Vierter in 8,95s und eine Hundertstel Sekunde dahinter Manuel David F\u00fcnfter.<\/p>\n<p>Vorher hatte <strong>Gerrit<\/strong> von der Hornschen Stra\u00dfe schon mit 7,46s im Finale \u00fcber 60m Platz 9 unter 39 Konkurrenten belegt und mit 23,52s \u00fcber 200m Platz 7 belegt. Alle drei Zeiten von <strong>Gerrit<\/strong> sind pers\u00f6nliche Bestleistungen.&nbsp; Enno Tennstedt lief \u00fcber 800m ein bravour\u00f6ses Rennen auf 2:12,36min. Nach dieser insgesamt Vorstellung darf man gespannt sein, wie sich unsere M\u00e4dchen und Jungen in der n\u00e4chsten Woche bei den NRW-Meisterschaften pr\u00e4sentieren k\u00f6nnen.<\/p>\n<p>Die komplette Ergebnisliste unter <a href=\"http:\/\/www.flvw.de\">www.flvw.de<\/a> \/ Termindatenbank<\/p>\n<p>&nbsp;<\/p>\n<p>Text und Foto: <strong>Klaus Brand und Astrid Schillmann<\/strong><\/p>\n","protected":false},"excerpt":{"rendered":"<p>Bericht von den FLVW-Meisterschaften am 18.1.2020&nbsp; Starke Lippe-S\u00fcd Vorstellung in der Helmut-K\u00f6rnig-Halle &nbsp; Bei den ersten Hallen-Westfalenmeisterschaften im neuen Jahr<\/p>\n","protected":false},"author":46,"featured_media":12898,"comment_status":"closed","ping_status":"open","sticky":false,"template":"","format":"standard","meta":{"colormag_page_container_layout":"default_layout","colormag_page_sidebar_layout":"default_layout","_jetpack_memberships_contains_paid_content":false,"footnotes":"","jetpack_publicize_message":"","jetpack_publicize_feature_enabled":true,"jetpack_social_post_already_shared":true,"jetpack_social_options":{"image_generator_settings":{"template":"highway","default_image_id":0,"font":"","enabled":false},"version":2}},"categories":[157,165,60,162],"tags":[],"class_list":["post-12897","post","type-post","status-publish","format-standard","has-post-thumbnail","hentry","category-archiv","category-startseite-ohne-fb","category-tul-aktuell","category-tus-aktuell"],"jetpack_publicize_connections":[],"jetpack_featured_media_url":"https:\/\/i0.wp.com\/www.tuseichholzremmighausen.de\/wordpress\/wp-content\/uploads\/2020\/01\/2020_LG-sued_titel.jpg?fit=800%2C450&ssl=1","jetpack_sharing_enabled":true,"_links":{"self":[{"href":"https:\/\/www.tuseichholzremmighausen.de\/wordpress\/wp-json\/wp\/v2\/posts\/12897","targetHints":{"allow":["GET"]}}],"collection":[{"href":"https:\/\/www.tuseichholzremmighausen.de\/wordpress\/wp-json\/wp\/v2\/posts"}],"about":[{"href":"https:\/\/www.tuseichholzremmighausen.de\/wordpress\/wp-json\/wp\/v2\/types\/post"}],"author":[{"embeddable":true,"href":"https:\/\/www.tuseichholzremmighausen.de\/wordpress\/wp-json\/wp\/v2\/users\/46"}],"replies":[{"embeddable":true,"href":"https:\/\/www.tuseichholzremmighausen.de\/wordpress\/wp-json\/wp\/v2\/comments?post=12897"}],"version-history":[{"count":0,"href":"https:\/\/www.tuseichholzremmighausen.de\/wordpress\/wp-json\/wp\/v2\/posts\/12897\/revisions"}],"wp:featuredmedia":[{"embeddable":true,"href":"https:\/\/www.tuseichholzremmighausen.de\/wordpress\/wp-json\/wp\/v2\/media\/12898"}],"wp:attachment":[{"href":"https:\/\/www.tuseichholzremmighausen.de\/wordpress\/wp-json\/wp\/v2\/media?parent=12897"}],"wp:term":[{"taxonomy":"category","embeddable":true,"href":"https:\/\/www.tuseichholzremmighausen.de\/wordpress\/wp-json\/wp\/v2\/categories?post=12897"},{"taxonomy":"post_tag","embeddable":true,"href":"https:\/\/www.tuseichholzremmighausen.de\/wordpress\/wp-json\/wp\/v2\/tags?post=12897"}],"curies":[{"name":"wp","href":"https:\/\/api.w.org\/{rel}","templated":true}]}}