{"id":12924,"date":"2020-01-29T21:09:42","date_gmt":"2020-01-29T20:09:42","guid":{"rendered":"https:\/\/www.tuseichholzremmighausen.de\/wordpress\/?p=12924"},"modified":"2020-09-11T20:38:06","modified_gmt":"2020-09-11T18:38:06","slug":"gerrit-groene-dritter-von-nrw","status":"publish","type":"post","link":"https:\/\/www.tuseichholzremmighausen.de\/wordpress\/archives\/12924","title":{"rendered":"Gerrit Gr\u00f6ne Dritter von NRW"},"content":{"rendered":"<p>Bericht von den NRW-Hallen-Meisterschaften am 25.1.2020&nbsp;<br \/>\n<strong>Gerrit Gr\u00f6ne erreicht den dritten Platz<\/strong><\/p>\n<p>Hoch hingen die Trauben bei den NRW-Hallen-Meisterschaften U20\/U18 in Dortmund. Doch trotz starker Felder und Konkurrenzen bekam die kleine lippische Delegation, die es bis hierher geschafft hatte, eine sch\u00f6ne Mahlzeit ab: 1x Gold, 1x Silber und 3x Bronze (alle LG Lippe-S\u00fcd) sind alle Achtung wert und machen St\u00e4rken deutlich:<\/p>\n<ol>\n<li>Maybrit Sommer U18 Stabhoch &#8211; 3,60m<\/li>\n<li>Ben Bornefeld U18 Stabhoch &#8211; 4,00m<\/li>\n<li>Jule M\u00fchlenhof U18 Stabhoch &#8211; 3,35m<\/li>\n<\/ol>\n<p>au\u00dferdem:<\/p>\n<p><strong>Gerrit Gr\u00f6ne<\/strong> vom <strong>TuS Eichholz-Remmighausen<\/strong> war wieder auf die Minute topfit. Im Finale musste er zwar die \u00dcberlegenheit von Braida (Wattenscheid) in 8,31s und Hermanny (\u00dcberruhr) in 8,40s anerkennen, doch dahinter sicherte er sich in 8,65s in neuer pers\u00f6nlicher Bestzeit Bronze (Foto, Dritter von li). Dies sollte nicht die einzige Medaille bleiben: Zusammen mit Luca Sch\u00e4fers, Luka Stuckemeier und Enno Tennstedt konnte er in der 4x200m-Staffel in 1:46,41min nochmal Platz 3 belegen.<\/p>\n<p>Die komplette Ergebnisliste unter <a href=\"http:\/\/www.flvw.de\">www.flvw.de<\/a> \/ Termindatenbank<\/p>\n<p>Text: Klaus Brand &#8211; Foto: Annett Schmid<\/p>\n","protected":false},"excerpt":{"rendered":"<p>Bericht von den NRW-Hallen-Meisterschaften am 25.1.2020&nbsp; Gerrit Gr\u00f6ne erreicht den dritten Platz Hoch hingen die Trauben bei den NRW-Hallen-Meisterschaften U20\/U18<\/p>\n","protected":false},"author":46,"featured_media":12932,"comment_status":"closed","ping_status":"open","sticky":false,"template":"","format":"standard","meta":{"colormag_page_container_layout":"default_layout","colormag_page_sidebar_layout":"default_layout","_jetpack_memberships_contains_paid_content":false,"footnotes":"","jetpack_publicize_message":"","jetpack_publicize_feature_enabled":true,"jetpack_social_post_already_shared":true,"jetpack_social_options":{"image_generator_settings":{"template":"highway","default_image_id":0,"font":"","enabled":false},"version":2}},"categories":[157,165,60,162],"tags":[],"class_list":["post-12924","post","type-post","status-publish","format-standard","has-post-thumbnail","hentry","category-archiv","category-startseite-ohne-fb","category-tul-aktuell","category-tus-aktuell"],"jetpack_publicize_connections":[],"jetpack_featured_media_url":"https:\/\/i0.wp.com\/www.tuseichholzremmighausen.de\/wordpress\/wp-content\/uploads\/2020\/01\/202001_gerrit.jpg?fit=800%2C444&ssl=1","jetpack_sharing_enabled":true,"_links":{"self":[{"href":"https:\/\/www.tuseichholzremmighausen.de\/wordpress\/wp-json\/wp\/v2\/posts\/12924","targetHints":{"allow":["GET"]}}],"collection":[{"href":"https:\/\/www.tuseichholzremmighausen.de\/wordpress\/wp-json\/wp\/v2\/posts"}],"about":[{"href":"https:\/\/www.tuseichholzremmighausen.de\/wordpress\/wp-json\/wp\/v2\/types\/post"}],"author":[{"embeddable":true,"href":"https:\/\/www.tuseichholzremmighausen.de\/wordpress\/wp-json\/wp\/v2\/users\/46"}],"replies":[{"embeddable":true,"href":"https:\/\/www.tuseichholzremmighausen.de\/wordpress\/wp-json\/wp\/v2\/comments?post=12924"}],"version-history":[{"count":0,"href":"https:\/\/www.tuseichholzremmighausen.de\/wordpress\/wp-json\/wp\/v2\/posts\/12924\/revisions"}],"wp:featuredmedia":[{"embeddable":true,"href":"https:\/\/www.tuseichholzremmighausen.de\/wordpress\/wp-json\/wp\/v2\/media\/12932"}],"wp:attachment":[{"href":"https:\/\/www.tuseichholzremmighausen.de\/wordpress\/wp-json\/wp\/v2\/media?parent=12924"}],"wp:term":[{"taxonomy":"category","embeddable":true,"href":"https:\/\/www.tuseichholzremmighausen.de\/wordpress\/wp-json\/wp\/v2\/categories?post=12924"},{"taxonomy":"post_tag","embeddable":true,"href":"https:\/\/www.tuseichholzremmighausen.de\/wordpress\/wp-json\/wp\/v2\/tags?post=12924"}],"curies":[{"name":"wp","href":"https:\/\/api.w.org\/{rel}","templated":true}]}}