{"id":13009,"date":"2020-02-14T23:33:03","date_gmt":"2020-02-14T22:33:03","guid":{"rendered":"https:\/\/www.tuseichholzremmighausen.de\/wordpress\/?p=13009"},"modified":"2020-09-11T20:38:05","modified_gmt":"2020-09-11T18:38:05","slug":"es-geht-weiter-der-neue-vorstand-des-tus","status":"publish","type":"post","link":"https:\/\/www.tuseichholzremmighausen.de\/wordpress\/archives\/13009","title":{"rendered":"Es geht weiter &#8230;.. der neue Vorstand des TuS"},"content":{"rendered":"<p>Auf der Jahreshauptversammlung am 14.02.2020 wurde ein neuer gesch\u00e4ftsf\u00fchrender Vorstand des TuS Eichholz-Remmighausen gew\u00e4hlt. Der Verein hat somit wieder eine Zukunft! \u00dcber 1\/10 der 1100 Mitglieder des Sportvereins votierten auf der abendlichen gut besuchten Veranstaltung eindeutig f\u00fcr den sich als Team verstehenden Vorstand, der seine Ideen f\u00fcr eine zuk\u00fcnftige Vereinspolitik klar und deutlich formulierte. Im Bild von links:<\/p>\n<p>1. Vorsitzender <strong>Thorsten Bewersdorff<\/strong>, Kassenwartin <strong>Annett Schmid<\/strong> und 2. Vorsitzender <strong>Hendrik M\u00f6ller<\/strong>.&nbsp;Die weitere ausf\u00fchrliche Berichterstattung zur JHV erfolgt in K\u00fcrze.<\/p>\n<p>&nbsp;<\/p>\n<p>&nbsp;<\/p>\n","protected":false},"excerpt":{"rendered":"<p>Auf der Jahreshauptversammlung am 14.02.2020 wurde ein neuer gesch\u00e4ftsf\u00fchrender Vorstand des TuS Eichholz-Remmighausen gew\u00e4hlt. Der Verein hat somit wieder eine<\/p>\n","protected":false},"author":2,"featured_media":13008,"comment_status":"closed","ping_status":"open","sticky":false,"template":"","format":"standard","meta":{"colormag_page_container_layout":"default_layout","colormag_page_sidebar_layout":"default_layout","_jetpack_memberships_contains_paid_content":false,"footnotes":"","jetpack_publicize_message":"","jetpack_publicize_feature_enabled":true,"jetpack_social_post_already_shared":true,"jetpack_social_options":{"image_generator_settings":{"template":"highway","default_image_id":0,"font":"","enabled":false},"version":2}},"categories":[157,165,162,211],"tags":[],"class_list":["post-13009","post","type-post","status-publish","format-standard","has-post-thumbnail","hentry","category-archiv","category-startseite-ohne-fb","category-tus-aktuell","category-vorstand"],"jetpack_publicize_connections":[],"jetpack_featured_media_url":"https:\/\/i0.wp.com\/www.tuseichholzremmighausen.de\/wordpress\/wp-content\/uploads\/2020\/02\/2020_JHV_Vorstand.jpg?fit=800%2C444&ssl=1","jetpack_sharing_enabled":true,"_links":{"self":[{"href":"https:\/\/www.tuseichholzremmighausen.de\/wordpress\/wp-json\/wp\/v2\/posts\/13009","targetHints":{"allow":["GET"]}}],"collection":[{"href":"https:\/\/www.tuseichholzremmighausen.de\/wordpress\/wp-json\/wp\/v2\/posts"}],"about":[{"href":"https:\/\/www.tuseichholzremmighausen.de\/wordpress\/wp-json\/wp\/v2\/types\/post"}],"author":[{"embeddable":true,"href":"https:\/\/www.tuseichholzremmighausen.de\/wordpress\/wp-json\/wp\/v2\/users\/2"}],"replies":[{"embeddable":true,"href":"https:\/\/www.tuseichholzremmighausen.de\/wordpress\/wp-json\/wp\/v2\/comments?post=13009"}],"version-history":[{"count":0,"href":"https:\/\/www.tuseichholzremmighausen.de\/wordpress\/wp-json\/wp\/v2\/posts\/13009\/revisions"}],"wp:featuredmedia":[{"embeddable":true,"href":"https:\/\/www.tuseichholzremmighausen.de\/wordpress\/wp-json\/wp\/v2\/media\/13008"}],"wp:attachment":[{"href":"https:\/\/www.tuseichholzremmighausen.de\/wordpress\/wp-json\/wp\/v2\/media?parent=13009"}],"wp:term":[{"taxonomy":"category","embeddable":true,"href":"https:\/\/www.tuseichholzremmighausen.de\/wordpress\/wp-json\/wp\/v2\/categories?post=13009"},{"taxonomy":"post_tag","embeddable":true,"href":"https:\/\/www.tuseichholzremmighausen.de\/wordpress\/wp-json\/wp\/v2\/tags?post=13009"}],"curies":[{"name":"wp","href":"https:\/\/api.w.org\/{rel}","templated":true}]}}