{"id":13076,"date":"2020-02-18T15:23:24","date_gmt":"2020-02-18T14:23:24","guid":{"rendered":"https:\/\/www.tuseichholzremmighausen.de\/wordpress\/?p=13076"},"modified":"2020-09-11T20:38:05","modified_gmt":"2020-09-11T18:38:05","slug":"der-ablauf-der-diesjaehrigen-jhv-des-tus","status":"publish","type":"post","link":"https:\/\/www.tuseichholzremmighausen.de\/wordpress\/archives\/13076","title":{"rendered":"Der Ablauf der diesj\u00e4hrigen JHV des TuS"},"content":{"rendered":"<p>Die &nbsp;Jahreshauptversammlung (JHV) fand am 14. Februar 2020 &nbsp;im Remikenhus in der Werretalschule &nbsp;Remmighausen statt, &nbsp;p\u00fcnktlich um 19:12 Uhr er\u00f6ffnete der 2. Vorsitzende Peter Breyer die JHV, deren Ablauf durch die Tagesordnung bestimmt wurde.&nbsp;<\/p>\n<p>Peter Breyer begr\u00fc\u00dfte die zahlreich (ca. 110 !) erschienenen Vereinsmitglieder sowie die Ortsb\u00fcrgermeister der beiden Ortsteile, B\u00e4rbel Droste und Klaus Brand. Festgestellt wurde, dass die Einladung zur JHV form- und fristgerecht erfolgte und die Versammlung beschlussf\u00e4hig ist. Daran an schloss ein kurzes Gedenken an die verstorbenen Vereinsmitglieder.<\/p>\n<p>Ehrungen \u2013 siehe auch obiges Titelbild:<br \/>\n<strong>20 Jahre Mitgliedschaft(Gold)<\/strong> f\u00fcr: Hans Beermann, Mareike Beermann, Antje Hans, Frank Knafla, Louise Knafla, Sigrid Knafla, Sophie Knafla, Willi Koch, Andrea Nolte, Naomi Stoffers, Sophie Stoffers, Celina Sieker, Robin Kaiser, Tim Kaiser, Udo Kaiser, Conni M\u00f6llenbrok, Dorothee Schafmeister, Tom Schafmeister, Lareen Gr\u00e4ser, Sara Kalceskovic, Vanessa Schober, Henrik Kowalski, Carsten Schaefer, Lukas Schaefer und Ulrike Schaefer.<br \/>\n<strong>40 Jahre Mitgliedschaft(Gold)<\/strong> f\u00fcr: Thorsten Kersting, J\u00fcrgen Reu\u00dfwig und Ralf Gerbes<br \/>\n<strong>60 Jahre Mitgliedschaft :<\/strong> Siegfried Reuter<br \/>\n<strong>75 Jahre Mitgliedschaft:<\/strong> Reinhard Richts<br \/>\n<strong>Ernennung zum Ehrenmitglied:<\/strong> Christine Brand und Detlev Kriebler<\/p>\n<p><strong>Jahresberichte der Abteilungen und des Vorstandes<\/strong><br \/>\ndiese werden in einem <u>se<\/u>p<u>araten<\/u> <u>Beitra<\/u>g hier auf der TuS-Website vorgestellt:<br \/>\nF\u00fcr die <strong>Handballabteilung<\/strong>: Christian Kowalski<br \/>\nF\u00fcr die <strong>Fu\u00dfballabteilung<\/strong>: Patrick Werner<br \/>\nF\u00fcr die <strong>Schachabteilung<\/strong>: Bernhard Melchior<br \/>\nF\u00fcr die <strong>TuL-Abteilung<\/strong>: Annette Schwartmann<br \/>\nF\u00fcr die <strong>Vereinsjugend<\/strong>: Michael Grote<br \/>\nBericht des <strong>Sozialwartes<\/strong>: Uwe Schultz<br \/>\nBericht des alten <strong>2. Vorsitzenden:<\/strong> Peter Breyer<br \/>\nAntrittsrede des neuen <strong>1. Vorsitzenden<\/strong>: Thorsten Bewersdorff<\/p>\n<p>Anschlie\u00dfend erfolgte die Abstimmung zur Beitragserh\u00f6hung, nachdem Thorsten Bewersdorff zuvor ausf\u00fchrliche Erkl\u00e4rungen dazu abgab. Das Ergebnis der Abstimmung: 107 Ja-Stimmen und 1 Nein-Stimme<\/p>\n<p><strong>Berichte Kassenwarte und Kassenpr\u00fcfer:<\/strong><br \/>\nDer kommissarische <strong>1. Kassenwart <\/strong>Ramon Berner konnte keinen vollst\u00e4ndigen Jahresabschluss pr\u00e4sentieren, da noch einige Belege vom Steuerberater fehlen.<br \/>\nEdith Krumme, die <strong>2. Kassenwartin<\/strong> legte u.a. folgende Zahlen vor:<br \/>\nMitgliederbestand am 31.12.2019 = 1101 Mitglieder, Abmeldungen \/ Anmeldungen im Jahr 2019 = 92 \/ 124 Mitglieder.<br \/>\nKevin Helms trug den <strong>Bericht der Kassenpr\u00fcfer<\/strong> vor und stellte darin fest, dass die Kasse korrekt gef\u00fchrt wurde und schlug Entlastung f\u00fcr den Kassenwart und den Vorstand vor. Die Entlastung wurde mit 96 Ja-Stimmen und 1 Nein-Stimme bei 11 Enthaltungen erteilt.<\/p>\n<p>F\u00fcr die nun anstehenden Wahlen zum Vorstand wurde Detlef Wilberg zum Versammlungsleiter bestimmt. Nach Vorschl\u00e4gen aus der Mitgliederschaft wurden neu gew\u00e4hlt, der gesch\u00e4ftsf\u00fchrende Vorstand:<br \/>\n1. Vorsitzender: <strong>Thorsten Bewersdorff<\/strong> \u2013 Stimmen: Ja\/Nein\/Enthaltungen = 108\/0\/0<br \/>\n2. Vorsitzender: <strong>Hendrik M\u00f6ller<\/strong> &#8211; Stimmen: Ja\/Nein\/Enthaltungen = 108\/0\/0<br \/>\n1. Kassenwartin: <strong>Annett Schmid<\/strong> &#8211;&nbsp; Stimmen: Ja\/Nein\/Enthaltungen = 106\/2\/0<\/p>\n<p><strong>Der erweiterte Vorstand:<\/strong><br \/>\n2. Kassenwart: Edith Krumme, 3. Kassenwart: Ralf Eskuchen<br \/>\n1. Schriftf\u00fchrer: Peter Breyer, 2. Schriftf\u00fchrer: vakant<br \/>\n1. Sozialwart: Uwe Schultz, 2. Sozialwart: Wolfgang T\u00f6lle<br \/>\n<strong><br \/>\nFerner wurden die Abteilungsf\u00fchrungen best\u00e4tigt:<\/strong><br \/>\nVereinsjugend: Michael Grote \/ Tanja Kowalski<br \/>\nFu\u00dfball: Patrick Werner \/ Tom-Silas M\u00f6ller<br \/>\nHandball: Christian Kowalski \/ Ramon Berner<br \/>\nSchach: Bernhard Melchior \/ Michael Gro\u00df<br \/>\nTuL-Abteilung: Annette Schwartmann \/ Felice Schwartmann<\/p>\n<p>Den <strong>\u00c4ltestenrat <\/strong>des TuS bilden:<br \/>\nHorst Lukas \/ Detlef Wilberg \/ Leo Hansmann<\/p>\n<p>Als <strong>Kassenpr\u00fcfer <\/strong>wurden gew\u00e4hlt:<br \/>\nKevin Helms \/ Miriam Lalk \/ Thomas Schwartmann<\/p>\n<p>Zum Abschluss der JHV wurden noch die folgenden Tagespunkte besprochen: Festsetzung des Beitrags, Feststellung des Vereinsverm\u00f6gens, Bestimmung des Vereinsanschlagkastens, Veranstaltungen in 2020 und Verschiedenes. Ein langer Sitzungsabend, das Ende gegen 22:00 Uhr, nahm einen sch\u00f6nen erfolgreichen Verlauf! &nbsp;<\/p>\n","protected":false},"excerpt":{"rendered":"<p>Die &nbsp;Jahreshauptversammlung (JHV) fand am 14. Februar 2020 &nbsp;im Remikenhus in der Werretalschule &nbsp;Remmighausen statt, &nbsp;p\u00fcnktlich um 19:12 Uhr er\u00f6ffnete<\/p>\n","protected":false},"author":2,"featured_media":13075,"comment_status":"closed","ping_status":"open","sticky":false,"template":"","format":"standard","meta":{"colormag_page_container_layout":"default_layout","colormag_page_sidebar_layout":"default_layout","_jetpack_memberships_contains_paid_content":false,"footnotes":"","jetpack_publicize_message":"","jetpack_publicize_feature_enabled":true,"jetpack_social_post_already_shared":true,"jetpack_social_options":{"image_generator_settings":{"template":"highway","default_image_id":0,"font":"","enabled":false},"version":2}},"categories":[157,165,162,211],"tags":[],"class_list":["post-13076","post","type-post","status-publish","format-standard","has-post-thumbnail","hentry","category-archiv","category-startseite-ohne-fb","category-tus-aktuell","category-vorstand"],"jetpack_publicize_connections":[],"jetpack_featured_media_url":"https:\/\/i0.wp.com\/www.tuseichholzremmighausen.de\/wordpress\/wp-content\/uploads\/2020\/02\/2020_JHV_Ehrungen.jpg?fit=800%2C444&ssl=1","jetpack_sharing_enabled":true,"_links":{"self":[{"href":"https:\/\/www.tuseichholzremmighausen.de\/wordpress\/wp-json\/wp\/v2\/posts\/13076","targetHints":{"allow":["GET"]}}],"collection":[{"href":"https:\/\/www.tuseichholzremmighausen.de\/wordpress\/wp-json\/wp\/v2\/posts"}],"about":[{"href":"https:\/\/www.tuseichholzremmighausen.de\/wordpress\/wp-json\/wp\/v2\/types\/post"}],"author":[{"embeddable":true,"href":"https:\/\/www.tuseichholzremmighausen.de\/wordpress\/wp-json\/wp\/v2\/users\/2"}],"replies":[{"embeddable":true,"href":"https:\/\/www.tuseichholzremmighausen.de\/wordpress\/wp-json\/wp\/v2\/comments?post=13076"}],"version-history":[{"count":0,"href":"https:\/\/www.tuseichholzremmighausen.de\/wordpress\/wp-json\/wp\/v2\/posts\/13076\/revisions"}],"wp:featuredmedia":[{"embeddable":true,"href":"https:\/\/www.tuseichholzremmighausen.de\/wordpress\/wp-json\/wp\/v2\/media\/13075"}],"wp:attachment":[{"href":"https:\/\/www.tuseichholzremmighausen.de\/wordpress\/wp-json\/wp\/v2\/media?parent=13076"}],"wp:term":[{"taxonomy":"category","embeddable":true,"href":"https:\/\/www.tuseichholzremmighausen.de\/wordpress\/wp-json\/wp\/v2\/categories?post=13076"},{"taxonomy":"post_tag","embeddable":true,"href":"https:\/\/www.tuseichholzremmighausen.de\/wordpress\/wp-json\/wp\/v2\/tags?post=13076"}],"curies":[{"name":"wp","href":"https:\/\/api.w.org\/{rel}","templated":true}]}}