{"id":13107,"date":"2020-02-26T17:00:16","date_gmt":"2020-02-26T16:00:16","guid":{"rendered":"https:\/\/www.tuseichholzremmighausen.de\/wordpress\/?p=13107"},"modified":"2020-09-11T20:38:05","modified_gmt":"2020-09-11T18:38:05","slug":"der-weg-geht-weiter-vertragsverlaengerung-mit-dem-trainerteam","status":"publish","type":"post","link":"https:\/\/www.tuseichholzremmighausen.de\/wordpress\/archives\/13107","title":{"rendered":"Der Weg geht weiter! &#8211; Vertragsverl\u00e4ngerung mit dem Trainerteam"},"content":{"rendered":"<p>Der TuS Eichholz Remmighausen<span class=\"Apple-converted-space\">\u00a0 <\/span>hat die auslaufenden Vertr\u00e4ge mit seinen Trainern Tim Alexander Hosch und Marco Barkowski verl\u00e4ngert. Das Trainerteam arbeitet in dieser Konstellation seit November 2018 sehr erfolgreich zusammen und hat die Mannschaft mit harter Arbeit und neuem Denken auf den Erfolgsweg gef\u00fchrt. Diesen Weg m\u00f6chte der TuS auch in Zukunft bestreiten und sieht darin in Hosch &amp; Barkowski den optimalen Fit.<\/p>\n<p>\u201eDer TuS steht voll hinter der Arbeit des Trainerteams\u201c betont auch Fussballobmann Mohamed Ben Ayed. \u201eDer Ehrgeiz und das Mindset der Beiden \u00fcbertr\u00e4gt sich auf die junge Mannschaft. Wir wollen mit dem gesamten Team weiter an die aktuellen Erfolge ankn\u00fcpfen und uns im Gesamten weiterentwickeln.\u201c<span class=\"Apple-converted-space\">\u00a0<\/span><\/p>\n<p>Tim Hosch dazu: &#8222;Der Verl\u00e4ngerung stand aus unserer Sicht zu keinem Zeitpunkt etwas im Wege, da die Arbeit mit der Mannschaft und dem Verein aktuell nicht nur erfolgreich sondern auch total harmonisch und zielorientiert verl\u00e4uft. Zusammen mit meinem Co-Trainer Marco Barkowski m\u00f6chte ich weiter innovatives und leistungsorientiertes Training entwickeln und anbieten, um so eine spielstarke und taktisch kluge Mannschaft f\u00fcr die Zukunft aufzustellen und zu verbessern. Wir freuen uns auf eine langfristige Zusammenarbeit.&#8220;<\/p>\n<p>Stellv. Fussballabteilungsleiter Tom-Silas M\u00f6ller meint: \u201eMit der weiteren Zusammenarbeit gehen wir den n\u00e4chsten Schritt auf unserem Weg. Das Trainerteam kann sich auch in Zukunft unserer Unterst\u00fctzung sicher sein. Dabei liegt unser Fokus auf der Entwicklung und der sportliche Erfolg ist aktuell ein toller Nebeneffekt. Eine junge Mannschaft gepaart mit einem jungen Trainerteam und einer jungen sportlichen F\u00fchrung l\u00e4sst uns positiv in die Zukunft blicken!\u201c<\/p>\n","protected":false},"excerpt":{"rendered":"<p>Der TuS Eichholz Remmighausen\u00a0 hat die auslaufenden Vertr\u00e4ge mit seinen Trainern Tim Alexander Hosch und Marco Barkowski verl\u00e4ngert. Das Trainerteam<\/p>\n","protected":false},"author":54,"featured_media":13111,"comment_status":"closed","ping_status":"open","sticky":false,"template":"","format":"standard","meta":{"colormag_page_container_layout":"default_layout","colormag_page_sidebar_layout":"default_layout","_jetpack_memberships_contains_paid_content":false,"footnotes":"","jetpack_publicize_message":"","jetpack_publicize_feature_enabled":true,"jetpack_social_post_already_shared":true,"jetpack_social_options":{"image_generator_settings":{"template":"highway","default_image_id":0,"font":"","enabled":false},"version":2}},"categories":[157,159],"tags":[],"class_list":["post-13107","post","type-post","status-publish","format-standard","has-post-thumbnail","hentry","category-archiv","category-fb-senioren-aktuell"],"jetpack_publicize_connections":[],"jetpack_featured_media_url":"https:\/\/i0.wp.com\/www.tuseichholzremmighausen.de\/wordpress\/wp-content\/uploads\/2020\/02\/IMG_7085-4.jpg?fit=2048%2C1152&ssl=1","jetpack_sharing_enabled":true,"_links":{"self":[{"href":"https:\/\/www.tuseichholzremmighausen.de\/wordpress\/wp-json\/wp\/v2\/posts\/13107","targetHints":{"allow":["GET"]}}],"collection":[{"href":"https:\/\/www.tuseichholzremmighausen.de\/wordpress\/wp-json\/wp\/v2\/posts"}],"about":[{"href":"https:\/\/www.tuseichholzremmighausen.de\/wordpress\/wp-json\/wp\/v2\/types\/post"}],"author":[{"embeddable":true,"href":"https:\/\/www.tuseichholzremmighausen.de\/wordpress\/wp-json\/wp\/v2\/users\/54"}],"replies":[{"embeddable":true,"href":"https:\/\/www.tuseichholzremmighausen.de\/wordpress\/wp-json\/wp\/v2\/comments?post=13107"}],"version-history":[{"count":0,"href":"https:\/\/www.tuseichholzremmighausen.de\/wordpress\/wp-json\/wp\/v2\/posts\/13107\/revisions"}],"wp:featuredmedia":[{"embeddable":true,"href":"https:\/\/www.tuseichholzremmighausen.de\/wordpress\/wp-json\/wp\/v2\/media\/13111"}],"wp:attachment":[{"href":"https:\/\/www.tuseichholzremmighausen.de\/wordpress\/wp-json\/wp\/v2\/media?parent=13107"}],"wp:term":[{"taxonomy":"category","embeddable":true,"href":"https:\/\/www.tuseichholzremmighausen.de\/wordpress\/wp-json\/wp\/v2\/categories?post=13107"},{"taxonomy":"post_tag","embeddable":true,"href":"https:\/\/www.tuseichholzremmighausen.de\/wordpress\/wp-json\/wp\/v2\/tags?post=13107"}],"curies":[{"name":"wp","href":"https:\/\/api.w.org\/{rel}","templated":true}]}}