{"id":13113,"date":"2020-02-28T20:48:41","date_gmt":"2020-02-28T19:48:41","guid":{"rendered":"https:\/\/www.tuseichholzremmighausen.de\/wordpress\/?p=13113"},"modified":"2020-09-11T20:38:05","modified_gmt":"2020-09-11T18:38:05","slug":"tus-kinder-beim-hallenmasters-der-lg-lippe-sued","status":"publish","type":"post","link":"https:\/\/www.tuseichholzremmighausen.de\/wordpress\/archives\/13113","title":{"rendered":"TuS-Kinder beim Hallenmasters der LG Lippe-S\u00fcd"},"content":{"rendered":"<p>Auf dem Bildern, von links: Heike Hermann mit Paul Zisopoulus \/ Matti Florak (re) als J\u00fcngster auf dem Siegerpodest \/ Peter B\u00f6geholz, Klara Herrmann und Mia Risse<\/p>\n<p>\u201eMama, stell dir vor, ich habe eben den Heuler \u00fcber 5 Meter weit geworfen\u201c kam ein vierj\u00e4hriger Junge begeistert zu seiner Mutter gelaufen, die auf der Trib\u00fcne sich bei Kaffee und Kuchen g\u00fctlich tat. Und ein kleines M\u00e4dchen daneben erg\u00e4nzte: \u201eUnd ich bin eben sogar in Zone 4 gesprungen, ist das nicht toll?\u201c Diese und \u00e4hnliche \u00c4u\u00dferungen waren h\u00e4ufig in der P\u00fcngelsberg-Sporthalle in Horn zu h\u00f6ren, wo die LG Lippe-S\u00fcd, in der der TuS Eichholz-Remmighausen vertreten ist, schon seit Jahren ein speziell auf die Bed\u00fcrfnisse der Kinder bis 11 Jahre ausgerichtetes \u201eHallenmasters\u201c ausrichtet. <\/p>\n<p>Die Disziplinen sind dabei der Kinderleichtathletik angeglichen: Ein Sechskampf, bestehend aus einem 2x30m-Umkehrsprint, einem 30m Hindernis\/Slalomlauf, einem \u201eHeulerweitwurf\u201c, einem Zonenweitsprung, einer Schlusssprungserie und einem &#8211; gerade auch ihm Fernsehen zu sehenden &#8211; Biathlon-Lauf (aber eben \u201eauf leichtathletisch\u201c) war f\u00fcr die Kinder zu absolvieren. <\/p>\n<p>Durch Werbung in Grundschulen und Kinderg\u00e4rten waren 43 Kinder erschienen, die zum Teil erstmals Elemente der Leichtathletik erfuhren und &#8211; getragen von der Anfeuerung ihrer zahlreich erschienenen Eltern &#8211; einen spannenden Nachmittag erlebten. Zum Schluss wurde jedes Kind bei der von viel Beifall und \u201eBlitzlichtgewitter\u201c begleiteten Siegerehrung nach vorn gerufen und durch Urkunden und Sachpreise geehrt. <\/p>\n<p>\u201eJa, die Nachwuchsf\u00f6rderung ist uns sehr wichtig, und diese Veranstaltung war wieder einmal eine tolle Werbung f\u00fcr die Leichtathletik\u201c, stellte dann auch ein zufriedener Veranstaltungsleiter Klaus Brand fest. Das Besondere an dieser Kinder-Veranstaltung war, dass alle Bereiche der Leichtathletik-Gemeinschaft vertreten waren. Vom TuS Eichholz-Remmighausen waren wesentlich dabei An-nett Schmid, Christine Brand, Dagmar Husemann, Heike Herrmann, Vivien Br\u00f6ker und Jette Reimer,  jugendliche Leistungssportler als Kampfrichter und Auswerter und zahlreiche Eltern als Be-treuer oder in der Cafeteria mit einem leckeren Kuchenangebot. <\/p>\n<p>Gewonnen haben alle Kinder in den einzelnen Altersklassen, aber ganz oben auf dem Siegertreppchen durften auch vom TuS folgende Kinder: W11: Mia Risse, W9: Greta Spie\u00df, W8: Nike Weick, M8: Paul Zisopoulus, M5: Matti Florak. <\/p>\n<p>Text: Klaus Brand &#8211; Fotos: Christine Brand<\/p>\n","protected":false},"excerpt":{"rendered":"<p>Auf dem Bildern, von links: Heike Hermann mit Paul Zisopoulus \/ Matti Florak (re) als J\u00fcngster auf dem Siegerpodest \/<\/p>\n","protected":false},"author":46,"featured_media":13112,"comment_status":"closed","ping_status":"open","sticky":false,"template":"","format":"standard","meta":{"colormag_page_container_layout":"default_layout","colormag_page_sidebar_layout":"default_layout","_jetpack_memberships_contains_paid_content":false,"footnotes":"","jetpack_publicize_message":"","jetpack_publicize_feature_enabled":true,"jetpack_social_post_already_shared":true,"jetpack_social_options":{"image_generator_settings":{"template":"highway","default_image_id":0,"font":"","enabled":false},"version":2}},"categories":[157,165,60,162],"tags":[],"class_list":["post-13113","post","type-post","status-publish","format-standard","has-post-thumbnail","hentry","category-archiv","category-startseite-ohne-fb","category-tul-aktuell","category-tus-aktuell"],"jetpack_publicize_connections":[],"jetpack_featured_media_url":"https:\/\/i0.wp.com\/www.tuseichholzremmighausen.de\/wordpress\/wp-content\/uploads\/2020\/02\/LG_sued_2020_titel.jpg?fit=800%2C445&ssl=1","jetpack_sharing_enabled":true,"_links":{"self":[{"href":"https:\/\/www.tuseichholzremmighausen.de\/wordpress\/wp-json\/wp\/v2\/posts\/13113","targetHints":{"allow":["GET"]}}],"collection":[{"href":"https:\/\/www.tuseichholzremmighausen.de\/wordpress\/wp-json\/wp\/v2\/posts"}],"about":[{"href":"https:\/\/www.tuseichholzremmighausen.de\/wordpress\/wp-json\/wp\/v2\/types\/post"}],"author":[{"embeddable":true,"href":"https:\/\/www.tuseichholzremmighausen.de\/wordpress\/wp-json\/wp\/v2\/users\/46"}],"replies":[{"embeddable":true,"href":"https:\/\/www.tuseichholzremmighausen.de\/wordpress\/wp-json\/wp\/v2\/comments?post=13113"}],"version-history":[{"count":0,"href":"https:\/\/www.tuseichholzremmighausen.de\/wordpress\/wp-json\/wp\/v2\/posts\/13113\/revisions"}],"wp:featuredmedia":[{"embeddable":true,"href":"https:\/\/www.tuseichholzremmighausen.de\/wordpress\/wp-json\/wp\/v2\/media\/13112"}],"wp:attachment":[{"href":"https:\/\/www.tuseichholzremmighausen.de\/wordpress\/wp-json\/wp\/v2\/media?parent=13113"}],"wp:term":[{"taxonomy":"category","embeddable":true,"href":"https:\/\/www.tuseichholzremmighausen.de\/wordpress\/wp-json\/wp\/v2\/categories?post=13113"},{"taxonomy":"post_tag","embeddable":true,"href":"https:\/\/www.tuseichholzremmighausen.de\/wordpress\/wp-json\/wp\/v2\/tags?post=13113"}],"curies":[{"name":"wp","href":"https:\/\/api.w.org\/{rel}","templated":true}]}}