{"id":13123,"date":"2020-03-02T13:44:26","date_gmt":"2020-03-02T12:44:26","guid":{"rendered":"https:\/\/www.tuseichholzremmighausen.de\/wordpress\/?p=13123"},"modified":"2020-09-11T20:38:05","modified_gmt":"2020-09-11T18:38:05","slug":"die-1-mannschaft-wird-von-der-leine-gelassen-heimsieg-gegen-sg-sabbenhausen-elbrinxen","status":"publish","type":"post","link":"https:\/\/www.tuseichholzremmighausen.de\/wordpress\/archives\/13123","title":{"rendered":"Die 1.Mannschaft wird von der Leine gelassen &#8211; Heimsieg gegen SG Sabbenhausen-Elbrinxen"},"content":{"rendered":"<p>Eine lange Winterpausen mit erfolgreichem LZ-Cup und vielen Testspielen liegt hinter uns. Bereits in der letzten Woche machten sich unsere M\u00e4nner warm und auf der anderen H\u00e4lfte liefen die letzten Vorbereitungen auf Seiten der SG SA-EL. In str\u00f6menden Regen fieberten alle Spieler auf den R\u00fcckrundenstart hin. Dann entschied sich der diensthabende Schiedsrichter diesen Spiel nicht anzupfeifen und so mussten die G\u00e4ste die lange Heimreise unverrichteter Dinge antreten. Wie es der Zufall so will ergab sich aber an diesem Wochenende die Situation das sowohl unser Spiel gegen den Blomberger SV 2 nicht stattfinden konnte, noch das Duell der SG gegen Hakedahl. Also trafen sich die beiden Mannschaften zum Versuch 2. Unseren Farben fehlten dabei leider die beiden besten Torsch\u00fctzen dieser Saison.<\/p>\n<p>Die taktische Ansage vor dem Spiel war recht einfach und deutlich: Dominiert das Spiel! Haltet den Ball und dr\u00fcckt den Gegner bis zum eigenen Tor zur\u00fcck. Unser Kapit\u00e4n Jan Eskuchen r\u00fcckte aus dem Mittelfeld zur\u00fcck in die Innenverteidigung neben Tim Werner, da dessen \u00fcblicher Partner Christian Herr fehlte. Flankiert vom unerm\u00fcdlichen Mirko R\u00f6hl auf der einen und Neuzugang\/R\u00fcckkehrer Marcel Wagner auf der anderen Seite. Im Mittelfeld sollte Marco Barkowski neben Tarek Renusch und Fabian Schramm f\u00fcr die k\u00f6rperliche Robustheit sorgen. Die gef\u00fcrchtete Angriffsreihe in gr\u00fcn-wei\u00df war dagegen komplett neu formiert. Die beiden weiteren Neuzug\u00e4nge \/ R\u00fcckkehrer Jan Lukas und Noel Krumme sorgen f\u00fcr Gefahr \u00fcber die Au\u00dfenbahn, w\u00e4hrend Stefan Fleer heute als Wandspieler in der Spitze fungieren sollte. Besonderes Augenmerk gilt wie in jedem Spiel gegen die SG einem der besten Torj\u00e4ger der Liga. Kai Gast hat auch in dieser Saison bereits 16 mal geknipst und eben auch 3 mal im Hinspiel.<\/p>\n<p><img data-recalc-dims=\"1\" loading=\"lazy\" decoding=\"async\" data-attachment-id=\"13124\" data-permalink=\"https:\/\/www.tuseichholzremmighausen.de\/wordpress\/archives\/13123\/dsc_3154\" data-orig-file=\"https:\/\/i0.wp.com\/www.tuseichholzremmighausen.de\/wordpress\/wp-content\/uploads\/2020\/03\/DSC_3154-scaled.jpg?fit=2560%2C1707&amp;ssl=1\" data-orig-size=\"2560,1707\" data-comments-opened=\"0\" data-image-meta=\"{&quot;aperture&quot;:&quot;0&quot;,&quot;credit&quot;:&quot;&quot;,&quot;camera&quot;:&quot;&quot;,&quot;caption&quot;:&quot;&quot;,&quot;created_timestamp&quot;:&quot;0&quot;,&quot;copyright&quot;:&quot;&quot;,&quot;focal_length&quot;:&quot;0&quot;,&quot;iso&quot;:&quot;0&quot;,&quot;shutter_speed&quot;:&quot;0&quot;,&quot;title&quot;:&quot;&quot;,&quot;orientation&quot;:&quot;0&quot;}\" data-image-title=\"DSC_3154\" data-image-description=\"\" data-image-caption=\"\" data-large-file=\"https:\/\/i0.wp.com\/www.tuseichholzremmighausen.de\/wordpress\/wp-content\/uploads\/2020\/03\/DSC_3154-scaled.jpg?fit=800%2C534&amp;ssl=1\" class=\"aligncenter wp-image-13124 size-large\" src=\"https:\/\/i0.wp.com\/www.tuseichholzremmighausen.de\/wordpress\/wp-content\/uploads\/2020\/03\/DSC_3154.jpg?resize=800%2C534&#038;ssl=1\" alt=\"\" width=\"800\" height=\"534\" srcset=\"https:\/\/i0.wp.com\/www.tuseichholzremmighausen.de\/wordpress\/wp-content\/uploads\/2020\/03\/DSC_3154-scaled.jpg?resize=1024%2C683&amp;ssl=1 1024w, https:\/\/i0.wp.com\/www.tuseichholzremmighausen.de\/wordpress\/wp-content\/uploads\/2020\/03\/DSC_3154-scaled.jpg?resize=600%2C400&amp;ssl=1 600w, https:\/\/i0.wp.com\/www.tuseichholzremmighausen.de\/wordpress\/wp-content\/uploads\/2020\/03\/DSC_3154-scaled.jpg?resize=300%2C200&amp;ssl=1 300w, https:\/\/i0.wp.com\/www.tuseichholzremmighausen.de\/wordpress\/wp-content\/uploads\/2020\/03\/DSC_3154-scaled.jpg?resize=768%2C512&amp;ssl=1 768w, https:\/\/i0.wp.com\/www.tuseichholzremmighausen.de\/wordpress\/wp-content\/uploads\/2020\/03\/DSC_3154-scaled.jpg?resize=1536%2C1024&amp;ssl=1 1536w, https:\/\/i0.wp.com\/www.tuseichholzremmighausen.de\/wordpress\/wp-content\/uploads\/2020\/03\/DSC_3154-scaled.jpg?resize=2048%2C1365&amp;ssl=1 2048w, https:\/\/i0.wp.com\/www.tuseichholzremmighausen.de\/wordpress\/wp-content\/uploads\/2020\/03\/DSC_3154-scaled.jpg?w=1600&amp;ssl=1 1600w, https:\/\/i0.wp.com\/www.tuseichholzremmighausen.de\/wordpress\/wp-content\/uploads\/2020\/03\/DSC_3154-scaled.jpg?w=2400&amp;ssl=1 2400w\" sizes=\"auto, (max-width: 800px) 100vw, 800px\" \/><\/p>\n<p>Zu ungewohnter Ansto\u00dfzeit auf dem heimischen Platz pfiff der Schiedsrichter Manfred Heinrich die R\u00fcckrunde an! Noch 13 Spiele bis zum Sommer! Auf geht&#8217;s!<\/p>\n<p>Die Marschroute ging auf. Das Ballbesitzpendel schlug deutlich in unsere Richtung und auch die ersten Angriffe konnten gesetzt werden. In den ersten 15 Minuten agierten wir aber zu h\u00e4ufig mit langen Flugb\u00e4llen hinter die Abwehr, die aber entweder durch den Gegenwind und\/oder den Abseitspfiffen des Referees vereitelt wurden. Durch aggressives Gegenpressing konnte allerdings auch die SG unter Kontrolle gehalten werden und die resultierenden \u00a0Befreiungsschl\u00e4ge wurden von unserer Abwehr eingesammelt. Mit zunehmender Dauer verflachtes das Spiel etwas sodass es tats\u00e4chlich torlos in die Halbzeitpause ging. Ein Zwischenergebnis das man nicht zwangsl\u00e4ufig h\u00e4tte erwarten k\u00f6nnen, sind doch in den letzten 7 Duellen immerhin 41 Tore gefallen.<\/p>\n<p>So muss dann 8 Minuten nach Wiederanpfiff eine Standardsituation her. Im Gewusel kommt dann Tarek Renusch an den Ball, schafft es mit einem kleinen Haken in Abschlussposition zu kommen und das &#8222;Leder&#8220; im Tor zu versenken. 4 Minuten sp\u00e4ter folgt der n\u00e4chste Angriff. Dies mal ist es Marco Barkowski der seine Position im Mittelfeld verl\u00e4sst und vor dem Tor zum Schuss kommt. So steht es kurz nach der Pause 2:0 f\u00fcr den TuS. Im weiteren Verlauf der Halbzeit ist dann wieder das gewohnte Bild zu sehen. Die Mannschaft von Trainer Tim Hosch kontrolliert den Ball und das Spielgeschehen. So geht es nach einer letzten Drangphase der G\u00e4ste dann zum Abpfiff. Durch das 2:0 konnten die ersten 3 Punkte in diesem Jahr eingefahren werden. Durch die anschlie\u00dfende Niederlage von CSL Detmold gegen SuS Lage springen wir auf den zweiten Tabellenplatz.<\/p>\n<p><img data-recalc-dims=\"1\" loading=\"lazy\" decoding=\"async\" data-attachment-id=\"13122\" data-permalink=\"https:\/\/www.tuseichholzremmighausen.de\/wordpress\/archives\/13121\/dsc_0086\" data-orig-file=\"https:\/\/i0.wp.com\/www.tuseichholzremmighausen.de\/wordpress\/wp-content\/uploads\/2020\/03\/DSC_0086-scaled.jpg?fit=2560%2C1440&amp;ssl=1\" data-orig-size=\"2560,1440\" data-comments-opened=\"0\" data-image-meta=\"{&quot;aperture&quot;:&quot;0&quot;,&quot;credit&quot;:&quot;&quot;,&quot;camera&quot;:&quot;&quot;,&quot;caption&quot;:&quot;&quot;,&quot;created_timestamp&quot;:&quot;0&quot;,&quot;copyright&quot;:&quot;&quot;,&quot;focal_length&quot;:&quot;0&quot;,&quot;iso&quot;:&quot;0&quot;,&quot;shutter_speed&quot;:&quot;0&quot;,&quot;title&quot;:&quot;&quot;,&quot;orientation&quot;:&quot;0&quot;}\" data-image-title=\"DSC_0086\" data-image-description=\"\" data-image-caption=\"\" data-large-file=\"https:\/\/i0.wp.com\/www.tuseichholzremmighausen.de\/wordpress\/wp-content\/uploads\/2020\/03\/DSC_0086-scaled.jpg?fit=800%2C450&amp;ssl=1\" class=\"aligncenter wp-image-13122 size-large\" src=\"https:\/\/i0.wp.com\/www.tuseichholzremmighausen.de\/wordpress\/wp-content\/uploads\/2020\/03\/DSC_0086.jpg?resize=800%2C450&#038;ssl=1\" alt=\"\" width=\"800\" height=\"450\" srcset=\"https:\/\/i0.wp.com\/www.tuseichholzremmighausen.de\/wordpress\/wp-content\/uploads\/2020\/03\/DSC_0086-scaled.jpg?resize=1024%2C576&amp;ssl=1 1024w, https:\/\/i0.wp.com\/www.tuseichholzremmighausen.de\/wordpress\/wp-content\/uploads\/2020\/03\/DSC_0086-scaled.jpg?resize=600%2C338&amp;ssl=1 600w, https:\/\/i0.wp.com\/www.tuseichholzremmighausen.de\/wordpress\/wp-content\/uploads\/2020\/03\/DSC_0086-scaled.jpg?resize=300%2C169&amp;ssl=1 300w, https:\/\/i0.wp.com\/www.tuseichholzremmighausen.de\/wordpress\/wp-content\/uploads\/2020\/03\/DSC_0086-scaled.jpg?resize=768%2C432&amp;ssl=1 768w, https:\/\/i0.wp.com\/www.tuseichholzremmighausen.de\/wordpress\/wp-content\/uploads\/2020\/03\/DSC_0086-scaled.jpg?resize=1536%2C864&amp;ssl=1 1536w, https:\/\/i0.wp.com\/www.tuseichholzremmighausen.de\/wordpress\/wp-content\/uploads\/2020\/03\/DSC_0086-scaled.jpg?resize=2048%2C1152&amp;ssl=1 2048w, https:\/\/i0.wp.com\/www.tuseichholzremmighausen.de\/wordpress\/wp-content\/uploads\/2020\/03\/DSC_0086-scaled.jpg?w=1600&amp;ssl=1 1600w, https:\/\/i0.wp.com\/www.tuseichholzremmighausen.de\/wordpress\/wp-content\/uploads\/2020\/03\/DSC_0086-scaled.jpg?w=2400&amp;ssl=1 2400w\" sizes=\"auto, (max-width: 800px) 100vw, 800px\" \/><\/p>\n<p>In der n\u00e4chsten Woche ist dann der Hakedahler SV auf unserem Platz zu Gast. Diese haben ihr Heimrecht abgegeben damit das Spiel stattfinden kann. Ansto\u00df ist um 15:00. Wer mehr rund um unsere Mannschaft erfahren m\u00f6chte, dem legen wir unser neues Format &#8222;TuS TV&#8220; auf Instagram w\u00e4rmstens ans Herz!<\/p>\n","protected":false},"excerpt":{"rendered":"<p>Eine lange Winterpausen mit erfolgreichem LZ-Cup und vielen Testspielen liegt hinter uns. Bereits in der letzten Woche machten sich unsere<\/p>\n","protected":false},"author":54,"featured_media":13125,"comment_status":"closed","ping_status":"open","sticky":false,"template":"","format":"standard","meta":{"colormag_page_container_layout":"default_layout","colormag_page_sidebar_layout":"default_layout","_jetpack_memberships_contains_paid_content":false,"footnotes":"","jetpack_publicize_message":"","jetpack_publicize_feature_enabled":true,"jetpack_social_post_already_shared":true,"jetpack_social_options":{"image_generator_settings":{"template":"highway","default_image_id":0,"font":"","enabled":false},"version":2}},"categories":[157,159],"tags":[],"class_list":["post-13123","post","type-post","status-publish","format-standard","has-post-thumbnail","hentry","category-archiv","category-fb-senioren-aktuell"],"jetpack_publicize_connections":[],"jetpack_featured_media_url":"https:\/\/i0.wp.com\/www.tuseichholzremmighausen.de\/wordpress\/wp-content\/uploads\/2020\/03\/DSC_0020-scaled.jpg?fit=2560%2C1707&ssl=1","jetpack_sharing_enabled":true,"_links":{"self":[{"href":"https:\/\/www.tuseichholzremmighausen.de\/wordpress\/wp-json\/wp\/v2\/posts\/13123","targetHints":{"allow":["GET"]}}],"collection":[{"href":"https:\/\/www.tuseichholzremmighausen.de\/wordpress\/wp-json\/wp\/v2\/posts"}],"about":[{"href":"https:\/\/www.tuseichholzremmighausen.de\/wordpress\/wp-json\/wp\/v2\/types\/post"}],"author":[{"embeddable":true,"href":"https:\/\/www.tuseichholzremmighausen.de\/wordpress\/wp-json\/wp\/v2\/users\/54"}],"replies":[{"embeddable":true,"href":"https:\/\/www.tuseichholzremmighausen.de\/wordpress\/wp-json\/wp\/v2\/comments?post=13123"}],"version-history":[{"count":0,"href":"https:\/\/www.tuseichholzremmighausen.de\/wordpress\/wp-json\/wp\/v2\/posts\/13123\/revisions"}],"wp:featuredmedia":[{"embeddable":true,"href":"https:\/\/www.tuseichholzremmighausen.de\/wordpress\/wp-json\/wp\/v2\/media\/13125"}],"wp:attachment":[{"href":"https:\/\/www.tuseichholzremmighausen.de\/wordpress\/wp-json\/wp\/v2\/media?parent=13123"}],"wp:term":[{"taxonomy":"category","embeddable":true,"href":"https:\/\/www.tuseichholzremmighausen.de\/wordpress\/wp-json\/wp\/v2\/categories?post=13123"},{"taxonomy":"post_tag","embeddable":true,"href":"https:\/\/www.tuseichholzremmighausen.de\/wordpress\/wp-json\/wp\/v2\/tags?post=13123"}],"curies":[{"name":"wp","href":"https:\/\/api.w.org\/{rel}","templated":true}]}}