{"id":13130,"date":"2020-03-04T18:14:46","date_gmt":"2020-03-04T17:14:46","guid":{"rendered":"https:\/\/www.tuseichholzremmighausen.de\/wordpress\/?p=13130"},"modified":"2020-09-11T20:38:05","modified_gmt":"2020-09-11T18:38:05","slug":"zusammen-67-jahre-vorstandsarbeit-im-tus","status":"publish","type":"post","link":"https:\/\/www.tuseichholzremmighausen.de\/wordpress\/archives\/13130","title":{"rendered":"Zusammen 67 Jahre Vorstandsarbeit im TuS!"},"content":{"rendered":"<p>Die ehemaligen Vorstandsmitglieder G\u00fcnter Mischer und Detlev Kriebler wurden anl\u00e4sslich der 1. Vorstandssitzung des neuen TuS-Vorstandes am 3. M\u00e4rz mit einem Blumenstrauss in den Ruhestand verabschiedet. Beide hatten sich auf der JHV im Februar nicht zur Wiederwahl aufstellen lassen.\u00a0 G\u00fcnter Mischer hat 42 Jahre, zuerst als TT-Abteilungsleiter und sp\u00e4ter dann als Sozialwart im Vorstand des TuS mitgearbeitet. Detlev Kriebler steht dem kaum nach, \u00fcber jetzt 25 Jahre bekleidete er das Amt des 2. Schriftf\u00fchrers.<\/p>\n<p>Herzlichen Dank Euch beiden!<br \/>\nSagt der Vorstand &#8211; TuS Eichholz-Remmighausen<\/p>\n","protected":false},"excerpt":{"rendered":"<p>Die ehemaligen Vorstandsmitglieder G\u00fcnter Mischer und Detlev Kriebler wurden anl\u00e4sslich der 1. Vorstandssitzung des neuen TuS-Vorstandes am 3. M\u00e4rz mit<\/p>\n","protected":false},"author":46,"featured_media":13128,"comment_status":"closed","ping_status":"open","sticky":false,"template":"","format":"standard","meta":{"colormag_page_container_layout":"default_layout","colormag_page_sidebar_layout":"default_layout","_jetpack_memberships_contains_paid_content":false,"footnotes":"","jetpack_publicize_message":"","jetpack_publicize_feature_enabled":true,"jetpack_social_post_already_shared":true,"jetpack_social_options":{"image_generator_settings":{"template":"highway","default_image_id":0,"font":"","enabled":false},"version":2}},"categories":[157,165,162,211],"tags":[],"class_list":["post-13130","post","type-post","status-publish","format-standard","has-post-thumbnail","hentry","category-archiv","category-startseite-ohne-fb","category-tus-aktuell","category-vorstand"],"jetpack_publicize_connections":[],"jetpack_featured_media_url":"https:\/\/i0.wp.com\/www.tuseichholzremmighausen.de\/wordpress\/wp-content\/uploads\/2020\/03\/202003_verabschiedung.jpg?fit=800%2C445&ssl=1","jetpack_sharing_enabled":true,"_links":{"self":[{"href":"https:\/\/www.tuseichholzremmighausen.de\/wordpress\/wp-json\/wp\/v2\/posts\/13130","targetHints":{"allow":["GET"]}}],"collection":[{"href":"https:\/\/www.tuseichholzremmighausen.de\/wordpress\/wp-json\/wp\/v2\/posts"}],"about":[{"href":"https:\/\/www.tuseichholzremmighausen.de\/wordpress\/wp-json\/wp\/v2\/types\/post"}],"author":[{"embeddable":true,"href":"https:\/\/www.tuseichholzremmighausen.de\/wordpress\/wp-json\/wp\/v2\/users\/46"}],"replies":[{"embeddable":true,"href":"https:\/\/www.tuseichholzremmighausen.de\/wordpress\/wp-json\/wp\/v2\/comments?post=13130"}],"version-history":[{"count":0,"href":"https:\/\/www.tuseichholzremmighausen.de\/wordpress\/wp-json\/wp\/v2\/posts\/13130\/revisions"}],"wp:featuredmedia":[{"embeddable":true,"href":"https:\/\/www.tuseichholzremmighausen.de\/wordpress\/wp-json\/wp\/v2\/media\/13128"}],"wp:attachment":[{"href":"https:\/\/www.tuseichholzremmighausen.de\/wordpress\/wp-json\/wp\/v2\/media?parent=13130"}],"wp:term":[{"taxonomy":"category","embeddable":true,"href":"https:\/\/www.tuseichholzremmighausen.de\/wordpress\/wp-json\/wp\/v2\/categories?post=13130"},{"taxonomy":"post_tag","embeddable":true,"href":"https:\/\/www.tuseichholzremmighausen.de\/wordpress\/wp-json\/wp\/v2\/tags?post=13130"}],"curies":[{"name":"wp","href":"https:\/\/api.w.org\/{rel}","templated":true}]}}