{"id":13133,"date":"2020-03-05T15:58:21","date_gmt":"2020-03-05T14:58:21","guid":{"rendered":"https:\/\/www.tuseichholzremmighausen.de\/wordpress\/?p=13133"},"modified":"2020-09-11T20:38:05","modified_gmt":"2020-09-11T18:38:05","slug":"auf-gehts","status":"publish","type":"post","link":"https:\/\/www.tuseichholzremmighausen.de\/wordpress\/archives\/13133","title":{"rendered":"Auf gehts &#8230;&#8230; !"},"content":{"rendered":"<p>Der im Februar 2020 gew\u00e4hlte neue Vorstand des TuS Eichholz-Remmighausen fand sich am 3. M\u00e4rz um 19:30 Uhr im Vereinsheim zur konstituierenden Sitzung. Viele Aufgaben stehen auf der Agenda und warten darauf, dass sie einer L\u00f6sung zugef\u00fchrt werden.Thorsten Bewersdorff richtete in seiner Einf\u00fchrung den Blick in die Zukunft. Zuvor sind jedoch schwierige Aufgaben zu bew\u00e4ltigen. Darauf weist auch eine weitere au\u00dferordentliche Mitgliederversammlung am 27. M\u00e4rz um 19:00 Uhr hin. Die Einladung dazu wird kurzfristig erfolgen. Nach 3-st\u00fcndigem Sitzungsmarathon waren dann alle Tagesordnungspunkte abgehandelt!<\/p>\n","protected":false},"excerpt":{"rendered":"<p>Der im Februar 2020 gew\u00e4hlte neue Vorstand des TuS Eichholz-Remmighausen fand sich am 3. M\u00e4rz um 19:30 Uhr im Vereinsheim<\/p>\n","protected":false},"author":2,"featured_media":13129,"comment_status":"closed","ping_status":"open","sticky":false,"template":"","format":"standard","meta":{"colormag_page_container_layout":"default_layout","colormag_page_sidebar_layout":"default_layout","_jetpack_memberships_contains_paid_content":false,"footnotes":"","jetpack_publicize_message":"","jetpack_publicize_feature_enabled":true,"jetpack_social_post_already_shared":true,"jetpack_social_options":{"image_generator_settings":{"template":"highway","default_image_id":0,"font":"","enabled":false},"version":2}},"categories":[157,165,162,211],"tags":[],"class_list":["post-13133","post","type-post","status-publish","format-standard","has-post-thumbnail","hentry","category-archiv","category-startseite-ohne-fb","category-tus-aktuell","category-vorstand"],"jetpack_publicize_connections":[],"jetpack_featured_media_url":"https:\/\/i0.wp.com\/www.tuseichholzremmighausen.de\/wordpress\/wp-content\/uploads\/2020\/03\/202003_vorstand.jpg?fit=800%2C444&ssl=1","jetpack_sharing_enabled":true,"_links":{"self":[{"href":"https:\/\/www.tuseichholzremmighausen.de\/wordpress\/wp-json\/wp\/v2\/posts\/13133","targetHints":{"allow":["GET"]}}],"collection":[{"href":"https:\/\/www.tuseichholzremmighausen.de\/wordpress\/wp-json\/wp\/v2\/posts"}],"about":[{"href":"https:\/\/www.tuseichholzremmighausen.de\/wordpress\/wp-json\/wp\/v2\/types\/post"}],"author":[{"embeddable":true,"href":"https:\/\/www.tuseichholzremmighausen.de\/wordpress\/wp-json\/wp\/v2\/users\/2"}],"replies":[{"embeddable":true,"href":"https:\/\/www.tuseichholzremmighausen.de\/wordpress\/wp-json\/wp\/v2\/comments?post=13133"}],"version-history":[{"count":0,"href":"https:\/\/www.tuseichholzremmighausen.de\/wordpress\/wp-json\/wp\/v2\/posts\/13133\/revisions"}],"wp:featuredmedia":[{"embeddable":true,"href":"https:\/\/www.tuseichholzremmighausen.de\/wordpress\/wp-json\/wp\/v2\/media\/13129"}],"wp:attachment":[{"href":"https:\/\/www.tuseichholzremmighausen.de\/wordpress\/wp-json\/wp\/v2\/media?parent=13133"}],"wp:term":[{"taxonomy":"category","embeddable":true,"href":"https:\/\/www.tuseichholzremmighausen.de\/wordpress\/wp-json\/wp\/v2\/categories?post=13133"},{"taxonomy":"post_tag","embeddable":true,"href":"https:\/\/www.tuseichholzremmighausen.de\/wordpress\/wp-json\/wp\/v2\/tags?post=13133"}],"curies":[{"name":"wp","href":"https:\/\/api.w.org\/{rel}","templated":true}]}}