{"id":13152,"date":"2020-03-10T20:21:50","date_gmt":"2020-03-10T19:21:50","guid":{"rendered":"https:\/\/www.tuseichholzremmighausen.de\/wordpress\/?p=13152"},"modified":"2020-09-11T20:38:05","modified_gmt":"2020-09-11T18:38:05","slug":"hallenbestenkaempfe-in-der-dbb-halle","status":"publish","type":"post","link":"https:\/\/www.tuseichholzremmighausen.de\/wordpress\/archives\/13152","title":{"rendered":"Hallenbestenk\u00e4mpfe in der dbb-Halle"},"content":{"rendered":"<p><strong>Die TuS-Kinder Greta Spie\u00df und Eleonore Roppel siegten bei den Kinder-Hallenbestenk\u00e4mpfen in der dbb-Halle<\/strong><\/p>\n<p><strong>&nbsp;<\/strong>Viel Lob heimste der Kreis-Leichtathletik-Ausschuss Lippe zu den diesj\u00e4hrigen Kinder-Hallenbestenk\u00e4mpfen ein, die in der Detmolder dbb-Halle zur Austragung gekommen waren. \u201eMehrk\u00e4mpfe extra auf die Bed\u00fcrfnisse von U12-Kindern auszurichten, gibt es in nicht vielen Kreisen Westfalens, doch hier hat dies schon eine l\u00e4ngere Tradition. Wir wollten auch dieses Jahr etwas machen, was nur die Minis und nur den Spa\u00df im Vordergrund sieht, denn die J\u00fcngsten sind schlie\u00dflich unsere Zukunft!\u201c wusste Klaus Brand als zufriedener Veranstaltungsleiter zu berichten.<\/p>\n<p>Und die Rechnung ging auf: Man hatte viel Spa\u00df \u00fcber 35m und 35m-Hindernis \u00fcber Papph\u00fcrden, beim Weitsprung in \u201erichtigen\u201c Sand, beim Hochsprung, Sto\u00dfen eines Medizinballs oder beim Werfen eines \u201eHeulers\u201c. Die 11\/10-j\u00e4hrigen Kinder hatten einen Sechskampf, die 9\/8-j\u00e4hrigen einen F\u00fcnfkampf und die U8-Kinder einen Dreikampf zu absolvieren. Nach jeder Disziplin konnte die F\u00fchrung wechseln, und wer zum Schluss die Nase vorn hatte, war zun\u00e4chst nicht abzusehen, was der ganzen Veranstaltung eine zus\u00e4tzliche Spannung verschaffte. Die Eltern fieberten mit ihren Kindern mit, was sich besonders bei Anfeuerung bei den 600m- bzw. 800m-L\u00e4ufen lautstark und in jeder Runde bemerkbar machte. Zwischendurch gab es immer wieder einen Ansturm auf die Cafeteria von Familie Mertens und Inga Brand, und 62 Kinder mit ihren Eltern und Gro\u00dfeltern-Anhang auf den Trib\u00fcnen erlebten zusammen einen harmonischen und spannenden Sonntagnachmittag, wo die Leistung nicht unbedingt im Vordergrund stand.<\/p>\n<figure id=\"attachment_13150\" aria-describedby=\"caption-attachment-13150\" style=\"width: 1080px\" class=\"wp-caption alignleft\"><a href=\"https:\/\/www.tuseichholzremmighausen.de\/wordpress\/lgsued_tus\"><img data-recalc-dims=\"1\" loading=\"lazy\" decoding=\"async\" data-attachment-id=\"13150\" data-permalink=\"https:\/\/www.tuseichholzremmighausen.de\/wordpress\/archives\/13152\/lgsued_tus\" data-orig-file=\"https:\/\/i0.wp.com\/www.tuseichholzremmighausen.de\/wordpress\/wp-content\/uploads\/2020\/03\/LGsued_TuS.jpg?fit=1080%2C895&amp;ssl=1\" data-orig-size=\"1080,895\" data-comments-opened=\"0\" data-image-meta=\"{&quot;aperture&quot;:&quot;2.2&quot;,&quot;credit&quot;:&quot;&quot;,&quot;camera&quot;:&quot;iPhone 6s&quot;,&quot;caption&quot;:&quot;&quot;,&quot;created_timestamp&quot;:&quot;1583687351&quot;,&quot;copyright&quot;:&quot;&quot;,&quot;focal_length&quot;:&quot;4.15&quot;,&quot;iso&quot;:&quot;64&quot;,&quot;shutter_speed&quot;:&quot;0.03030303&quot;,&quot;title&quot;:&quot;&quot;,&quot;orientation&quot;:&quot;1&quot;}\" data-image-title=\"LGsued_TuS\" data-image-description=\"\" data-image-caption=\"\" data-large-file=\"https:\/\/i0.wp.com\/www.tuseichholzremmighausen.de\/wordpress\/wp-content\/uploads\/2020\/03\/LGsued_TuS.jpg?fit=800%2C663&amp;ssl=1\" class=\"size-full wp-image-13150\" src=\"https:\/\/i0.wp.com\/www.tuseichholzremmighausen.de\/wordpress\/wp-content\/uploads\/2020\/03\/LGsued_TuS.jpg?resize=800%2C663&#038;ssl=1\" alt=\"\" width=\"800\" height=\"663\" srcset=\"https:\/\/i0.wp.com\/www.tuseichholzremmighausen.de\/wordpress\/wp-content\/uploads\/2020\/03\/LGsued_TuS.jpg?w=1080&amp;ssl=1 1080w, https:\/\/i0.wp.com\/www.tuseichholzremmighausen.de\/wordpress\/wp-content\/uploads\/2020\/03\/LGsued_TuS.jpg?resize=600%2C497&amp;ssl=1 600w, https:\/\/i0.wp.com\/www.tuseichholzremmighausen.de\/wordpress\/wp-content\/uploads\/2020\/03\/LGsued_TuS.jpg?resize=300%2C249&amp;ssl=1 300w, https:\/\/i0.wp.com\/www.tuseichholzremmighausen.de\/wordpress\/wp-content\/uploads\/2020\/03\/LGsued_TuS.jpg?resize=1024%2C849&amp;ssl=1 1024w, https:\/\/i0.wp.com\/www.tuseichholzremmighausen.de\/wordpress\/wp-content\/uploads\/2020\/03\/LGsued_TuS.jpg?resize=768%2C636&amp;ssl=1 768w\" sizes=\"auto, (max-width: 800px) 100vw, 800px\" \/><\/a><figcaption id=\"caption-attachment-13150\" class=\"wp-caption-text\"><span style=\"font-size: 12pt;\">Greta Spie\u00df wurde als Kreismeisterin gehrt&nbsp; &nbsp;&#8211;&nbsp; &nbsp; <span style=\"font-size: 10pt;\">Foto<\/span><\/span><span style=\"font-size: 10pt;\">&nbsp;\u00a9 Christine Brand<\/span><\/figcaption><\/figure>\n<p>Wettkampfwart Ulrich Offel hatte die Veranstaltung musterg\u00fcltig vorbereitet, so dass es keinen Leerlauf gab. Der Zeitplan passte, und eine stimmungsvolle Siegerehrung bildete den Abschluss, auf der jedes Kind einzeln von Annett Schmid und Axel Offel mit einer Urkunde belohnt wurde &#8211; was jedes Mal ein \u201eBlitzlichtgewitter\u201c zur Folge hatte.<\/p>\n<p>Den Kreis-Kampfrichtern unter Familie Budde und jugendlichen Leistungssportlern der LG Lippe-S\u00fcd, die f\u00fcr die Kinder ihre Freizeit geopfert hatten, wurden von allen Anwesenden mit einem herzlichen Beifall gedankt. Und alle stellten sich zum Abschluss einem Erinnerungsfoto.<\/p>\n<p>\u00dcber ihre Kreismeistertitel freuten sich besonders die Kinder des TuS Eichholz-Remmighausen,&nbsp;Greta Spie\u00df (W9) und Eleonore Roppel,(W8). Dazu kamen noch lippische Vizemeister aus dem TuS:&nbsp; Karolina Essing (W11), Wolf Kr\u00f6ger (M9) und ein dritter Platz von Jana Apelt (W9). Damit wird die Nachwuchsarbeit von Christine Brand eindrucksvoll best\u00e4tigt.&nbsp; Die komplette Ergebnisliste findet ihr unter \u201e<a href=\"http:\/\/www.flvw-lemgo.de\">www.flvw-lemgo.de<\/a><\/p>\n<p>Klaus Brand&nbsp; VKLA<\/p>\n","protected":false},"excerpt":{"rendered":"<p>Die TuS-Kinder Greta Spie\u00df und Eleonore Roppel siegten bei den Kinder-Hallenbestenk\u00e4mpfen in der dbb-Halle &nbsp;Viel Lob heimste der Kreis-Leichtathletik-Ausschuss Lippe<\/p>\n","protected":false},"author":46,"featured_media":13151,"comment_status":"closed","ping_status":"open","sticky":false,"template":"","format":"standard","meta":{"colormag_page_container_layout":"default_layout","colormag_page_sidebar_layout":"default_layout","_jetpack_memberships_contains_paid_content":false,"footnotes":"","jetpack_publicize_message":"","jetpack_publicize_feature_enabled":true,"jetpack_social_post_already_shared":true,"jetpack_social_options":{"image_generator_settings":{"template":"highway","default_image_id":0,"font":"","enabled":false},"version":2}},"categories":[157,165,60,162],"tags":[],"class_list":["post-13152","post","type-post","status-publish","format-standard","has-post-thumbnail","hentry","category-archiv","category-startseite-ohne-fb","category-tul-aktuell","category-tus-aktuell"],"jetpack_publicize_connections":[],"jetpack_featured_media_url":"https:\/\/i0.wp.com\/www.tuseichholzremmighausen.de\/wordpress\/wp-content\/uploads\/2020\/03\/LGsued_TuS_Titel.jpg?fit=800%2C444&ssl=1","jetpack_sharing_enabled":true,"_links":{"self":[{"href":"https:\/\/www.tuseichholzremmighausen.de\/wordpress\/wp-json\/wp\/v2\/posts\/13152","targetHints":{"allow":["GET"]}}],"collection":[{"href":"https:\/\/www.tuseichholzremmighausen.de\/wordpress\/wp-json\/wp\/v2\/posts"}],"about":[{"href":"https:\/\/www.tuseichholzremmighausen.de\/wordpress\/wp-json\/wp\/v2\/types\/post"}],"author":[{"embeddable":true,"href":"https:\/\/www.tuseichholzremmighausen.de\/wordpress\/wp-json\/wp\/v2\/users\/46"}],"replies":[{"embeddable":true,"href":"https:\/\/www.tuseichholzremmighausen.de\/wordpress\/wp-json\/wp\/v2\/comments?post=13152"}],"version-history":[{"count":0,"href":"https:\/\/www.tuseichholzremmighausen.de\/wordpress\/wp-json\/wp\/v2\/posts\/13152\/revisions"}],"wp:featuredmedia":[{"embeddable":true,"href":"https:\/\/www.tuseichholzremmighausen.de\/wordpress\/wp-json\/wp\/v2\/media\/13151"}],"wp:attachment":[{"href":"https:\/\/www.tuseichholzremmighausen.de\/wordpress\/wp-json\/wp\/v2\/media?parent=13152"}],"wp:term":[{"taxonomy":"category","embeddable":true,"href":"https:\/\/www.tuseichholzremmighausen.de\/wordpress\/wp-json\/wp\/v2\/categories?post=13152"},{"taxonomy":"post_tag","embeddable":true,"href":"https:\/\/www.tuseichholzremmighausen.de\/wordpress\/wp-json\/wp\/v2\/tags?post=13152"}],"curies":[{"name":"wp","href":"https:\/\/api.w.org\/{rel}","templated":true}]}}