{"id":13261,"date":"2020-04-30T15:05:15","date_gmt":"2020-04-30T13:05:15","guid":{"rendered":"https:\/\/www.tuseichholzremmighausen.de\/wordpress\/?p=13261"},"modified":"2020-09-11T20:38:04","modified_gmt":"2020-09-11T18:38:04","slug":"tus-sportfest-faellt-aus","status":"publish","type":"post","link":"https:\/\/www.tuseichholzremmighausen.de\/wordpress\/archives\/13261","title":{"rendered":"TuS- Sportfest f\u00e4llt aus!"},"content":{"rendered":"<p>Obwohl wir schon sehr weit in den Planungen, f\u00fcr ein fantastisches TuS-Sportfest im Mai 2020 waren, \u00fcberholt uns leider doch die Realit\u00e4t. Unter den aktuellen Begebenheiten ist es in unseren Augen aktuell v\u00f6llig utopisch das wir Ende des Monats ein unbeschwertes und fr\u00f6hliches Sportfest feiern k\u00f6nnen. Dementsprechend hat sich der Festausschuss bereits vor 2 Wochen darauf geeinigt das wir das diesj\u00e4hrige Sportfest absagen m\u00fcssen. Uns fehlt das Miteinander des Vereinslebens sehr und wir hoffen das wir m\u00f6glichst bald wieder zur Normalit\u00e4t \u00fcbergehen zu d\u00fcrfen. Bleibt fit und gesund!&nbsp;<\/p>\n","protected":false},"excerpt":{"rendered":"<p>Obwohl wir schon sehr weit in den Planungen, f\u00fcr ein fantastisches TuS-Sportfest im Mai 2020 waren, \u00fcberholt uns leider doch<\/p>\n","protected":false},"author":54,"featured_media":13262,"comment_status":"closed","ping_status":"open","sticky":false,"template":"","format":"standard","meta":{"colormag_page_container_layout":"default_layout","colormag_page_sidebar_layout":"default_layout","_jetpack_memberships_contains_paid_content":false,"footnotes":"","jetpack_publicize_message":"","jetpack_publicize_feature_enabled":true,"jetpack_social_post_already_shared":true,"jetpack_social_options":{"image_generator_settings":{"template":"highway","default_image_id":0,"font":"","enabled":false},"version":2}},"categories":[157],"tags":[],"class_list":["post-13261","post","type-post","status-publish","format-standard","has-post-thumbnail","hentry","category-archiv"],"jetpack_publicize_connections":[],"jetpack_featured_media_url":"https:\/\/i0.wp.com\/www.tuseichholzremmighausen.de\/wordpress\/wp-content\/uploads\/2020\/04\/kein_sportfest.jpg?fit=830%2C462&ssl=1","jetpack_sharing_enabled":true,"_links":{"self":[{"href":"https:\/\/www.tuseichholzremmighausen.de\/wordpress\/wp-json\/wp\/v2\/posts\/13261","targetHints":{"allow":["GET"]}}],"collection":[{"href":"https:\/\/www.tuseichholzremmighausen.de\/wordpress\/wp-json\/wp\/v2\/posts"}],"about":[{"href":"https:\/\/www.tuseichholzremmighausen.de\/wordpress\/wp-json\/wp\/v2\/types\/post"}],"author":[{"embeddable":true,"href":"https:\/\/www.tuseichholzremmighausen.de\/wordpress\/wp-json\/wp\/v2\/users\/54"}],"replies":[{"embeddable":true,"href":"https:\/\/www.tuseichholzremmighausen.de\/wordpress\/wp-json\/wp\/v2\/comments?post=13261"}],"version-history":[{"count":0,"href":"https:\/\/www.tuseichholzremmighausen.de\/wordpress\/wp-json\/wp\/v2\/posts\/13261\/revisions"}],"wp:featuredmedia":[{"embeddable":true,"href":"https:\/\/www.tuseichholzremmighausen.de\/wordpress\/wp-json\/wp\/v2\/media\/13262"}],"wp:attachment":[{"href":"https:\/\/www.tuseichholzremmighausen.de\/wordpress\/wp-json\/wp\/v2\/media?parent=13261"}],"wp:term":[{"taxonomy":"category","embeddable":true,"href":"https:\/\/www.tuseichholzremmighausen.de\/wordpress\/wp-json\/wp\/v2\/categories?post=13261"},{"taxonomy":"post_tag","embeddable":true,"href":"https:\/\/www.tuseichholzremmighausen.de\/wordpress\/wp-json\/wp\/v2\/tags?post=13261"}],"curies":[{"name":"wp","href":"https:\/\/api.w.org\/{rel}","templated":true}]}}