{"id":13266,"date":"2020-05-07T23:14:01","date_gmt":"2020-05-07T21:14:01","guid":{"rendered":"https:\/\/www.tuseichholzremmighausen.de\/wordpress\/?p=13266"},"modified":"2020-09-11T20:38:04","modified_gmt":"2020-09-11T18:38:04","slug":"traurig","status":"publish","type":"post","link":"https:\/\/www.tuseichholzremmighausen.de\/wordpress\/archives\/13266","title":{"rendered":"Traurig"},"content":{"rendered":"<p>Der TuS Eichholz-Remmighausen verliert mit Emile Mas einen langj\u00e4hrigen treuen Freund. Das heimt\u00fcckische Corona-Virus beendete ein Leben, das ganz der Organisation und der F\u00f6rderung der Jugendarbeit im Fu\u00dfball gewidmet war. Als Mann der ersten Stunde geh\u00f6rte der Verstorbene zu den F\u00f6rderern des Jugendaustauschs der Detmolder Patenstadt Hasselt mit dem TuS Eichholz-Remmighausen.&nbsp;<\/p>\n<p><a href=\"https:\/\/i0.wp.com\/www.tuseichholzremmighausen.de\/wordpress\/wp-content\/uploads\/2020\/05\/mas.jpg?ssl=1\"><img data-recalc-dims=\"1\" loading=\"lazy\" decoding=\"async\" data-attachment-id=\"13267\" data-permalink=\"https:\/\/www.tuseichholzremmighausen.de\/wordpress\/archives\/13266\/mas\" data-orig-file=\"https:\/\/i0.wp.com\/www.tuseichholzremmighausen.de\/wordpress\/wp-content\/uploads\/2020\/05\/mas.jpg?fit=506%2C824&amp;ssl=1\" data-orig-size=\"506,824\" data-comments-opened=\"0\" data-image-meta=\"{&quot;aperture&quot;:&quot;0&quot;,&quot;credit&quot;:&quot;&quot;,&quot;camera&quot;:&quot;&quot;,&quot;caption&quot;:&quot;&quot;,&quot;created_timestamp&quot;:&quot;0&quot;,&quot;copyright&quot;:&quot;&quot;,&quot;focal_length&quot;:&quot;0&quot;,&quot;iso&quot;:&quot;0&quot;,&quot;shutter_speed&quot;:&quot;0&quot;,&quot;title&quot;:&quot;&quot;,&quot;orientation&quot;:&quot;0&quot;}\" data-image-title=\"mas\" data-image-description=\"\" data-image-caption=\"\" data-large-file=\"https:\/\/i0.wp.com\/www.tuseichholzremmighausen.de\/wordpress\/wp-content\/uploads\/2020\/05\/mas.jpg?fit=506%2C824&amp;ssl=1\" class=\"alignleft size-full wp-image-13267\" src=\"https:\/\/i0.wp.com\/www.tuseichholzremmighausen.de\/wordpress\/wp-content\/uploads\/2020\/05\/mas.jpg?resize=506%2C824&#038;ssl=1\" alt=\"\" width=\"506\" height=\"824\" srcset=\"https:\/\/i0.wp.com\/www.tuseichholzremmighausen.de\/wordpress\/wp-content\/uploads\/2020\/05\/mas.jpg?w=506&amp;ssl=1 506w, https:\/\/i0.wp.com\/www.tuseichholzremmighausen.de\/wordpress\/wp-content\/uploads\/2020\/05\/mas.jpg?resize=184%2C300&amp;ssl=1 184w\" sizes=\"auto, (max-width: 506px) 100vw, 506px\" \/><\/a><br \/>\nJahrzehnte lang f\u00fchrte Emile oder der B\u00e4cker wie er liebevoll genannt wurde die Hasselter Delegation bei den Besuchen auf unserem Sportplatz an. Unvergessen ist der Besuch des Verstorbenen auf der Jubil\u00e4umsveranstaltung des TuS. Emile Mas \u00fcberbrachte dem TuS die offiziellen Gl\u00fcckw\u00fcnsche und das Geschenk der Stadt Hasselt. F\u00fcr seine besonderen Verdienste wurde Emile mit der goldenen Ehrennadel des TuS Eichholz-Remmighausen ausgezeichnet. Alle die ihn \u00fcber die vielen Jahre haben kennen lernen d\u00fcrfen werden sein Andenken in Ehren halten. Unsere Gedanken sind in diesen schweren Zeiten auch bei seinem Sohn Vicki.<\/p>\n<p>&nbsp;<\/p>\n<p>&nbsp;<\/p>\n<p>&nbsp;<\/p>\n<p>&nbsp;<\/p>\n<p>&nbsp;<\/p>\n<p>&nbsp;<\/p>\n<p>&nbsp;<\/p>\n<p>&nbsp;<\/p>\n<p>Ein weiteres Foto von der Jubil\u00e4umsveranstaltung:<br \/>\n<a href=\"https:\/\/i0.wp.com\/www.tuseichholzremmighausen.de\/wordpress\/wp-content\/uploads\/2020\/05\/120501_kommers_087.jpg?ssl=1\"><img data-recalc-dims=\"1\" loading=\"lazy\" decoding=\"async\" data-attachment-id=\"13264\" data-permalink=\"https:\/\/www.tuseichholzremmighausen.de\/wordpress\/archives\/13266\/120501_kommers_087\" data-orig-file=\"https:\/\/i0.wp.com\/www.tuseichholzremmighausen.de\/wordpress\/wp-content\/uploads\/2020\/05\/120501_kommers_087.jpg?fit=799%2C444&amp;ssl=1\" data-orig-size=\"799,444\" data-comments-opened=\"0\" data-image-meta=\"{&quot;aperture&quot;:&quot;2.8&quot;,&quot;credit&quot;:&quot;&quot;,&quot;camera&quot;:&quot;NIKON D40&quot;,&quot;caption&quot;:&quot;&quot;,&quot;created_timestamp&quot;:&quot;1338583735&quot;,&quot;copyright&quot;:&quot;&quot;,&quot;focal_length&quot;:&quot;32&quot;,&quot;iso&quot;:&quot;400&quot;,&quot;shutter_speed&quot;:&quot;0.016666666666667&quot;,&quot;title&quot;:&quot;&quot;,&quot;orientation&quot;:&quot;1&quot;}\" data-image-title=\"120501_kommers_087\" data-image-description=\"\" data-image-caption=\"\" data-large-file=\"https:\/\/i0.wp.com\/www.tuseichholzremmighausen.de\/wordpress\/wp-content\/uploads\/2020\/05\/120501_kommers_087.jpg?fit=799%2C444&amp;ssl=1\" class=\"alignleft size-full wp-image-13264\" src=\"https:\/\/i0.wp.com\/www.tuseichholzremmighausen.de\/wordpress\/wp-content\/uploads\/2020\/05\/120501_kommers_087.jpg?resize=799%2C444&#038;ssl=1\" alt=\"\" width=\"799\" height=\"444\" srcset=\"https:\/\/i0.wp.com\/www.tuseichholzremmighausen.de\/wordpress\/wp-content\/uploads\/2020\/05\/120501_kommers_087.jpg?w=799&amp;ssl=1 799w, https:\/\/i0.wp.com\/www.tuseichholzremmighausen.de\/wordpress\/wp-content\/uploads\/2020\/05\/120501_kommers_087.jpg?resize=600%2C333&amp;ssl=1 600w, https:\/\/i0.wp.com\/www.tuseichholzremmighausen.de\/wordpress\/wp-content\/uploads\/2020\/05\/120501_kommers_087.jpg?resize=300%2C167&amp;ssl=1 300w, https:\/\/i0.wp.com\/www.tuseichholzremmighausen.de\/wordpress\/wp-content\/uploads\/2020\/05\/120501_kommers_087.jpg?resize=768%2C427&amp;ssl=1 768w\" sizes=\"auto, (max-width: 799px) 100vw, 799px\" \/><\/a><\/p>\n","protected":false},"excerpt":{"rendered":"<p>Der TuS Eichholz-Remmighausen verliert mit Emile Mas einen langj\u00e4hrigen treuen Freund. Das heimt\u00fcckische Corona-Virus beendete ein Leben, das ganz der<\/p>\n","protected":false},"author":46,"featured_media":13265,"comment_status":"closed","ping_status":"open","sticky":false,"template":"","format":"standard","meta":{"colormag_page_container_layout":"default_layout","colormag_page_sidebar_layout":"default_layout","_jetpack_memberships_contains_paid_content":false,"footnotes":"","jetpack_publicize_message":"Traurig","jetpack_publicize_feature_enabled":true,"jetpack_social_post_already_shared":true,"jetpack_social_options":{"image_generator_settings":{"template":"highway","default_image_id":0,"font":"","enabled":false},"version":2}},"categories":[157,165,162],"tags":[],"class_list":["post-13266","post","type-post","status-publish","format-standard","has-post-thumbnail","hentry","category-archiv","category-startseite-ohne-fb","category-tus-aktuell"],"jetpack_publicize_connections":[],"jetpack_featured_media_url":"https:\/\/i0.wp.com\/www.tuseichholzremmighausen.de\/wordpress\/wp-content\/uploads\/2020\/05\/120501_kommers_048.jpg?fit=800%2C445&ssl=1","jetpack_sharing_enabled":true,"_links":{"self":[{"href":"https:\/\/www.tuseichholzremmighausen.de\/wordpress\/wp-json\/wp\/v2\/posts\/13266","targetHints":{"allow":["GET"]}}],"collection":[{"href":"https:\/\/www.tuseichholzremmighausen.de\/wordpress\/wp-json\/wp\/v2\/posts"}],"about":[{"href":"https:\/\/www.tuseichholzremmighausen.de\/wordpress\/wp-json\/wp\/v2\/types\/post"}],"author":[{"embeddable":true,"href":"https:\/\/www.tuseichholzremmighausen.de\/wordpress\/wp-json\/wp\/v2\/users\/46"}],"replies":[{"embeddable":true,"href":"https:\/\/www.tuseichholzremmighausen.de\/wordpress\/wp-json\/wp\/v2\/comments?post=13266"}],"version-history":[{"count":0,"href":"https:\/\/www.tuseichholzremmighausen.de\/wordpress\/wp-json\/wp\/v2\/posts\/13266\/revisions"}],"wp:featuredmedia":[{"embeddable":true,"href":"https:\/\/www.tuseichholzremmighausen.de\/wordpress\/wp-json\/wp\/v2\/media\/13265"}],"wp:attachment":[{"href":"https:\/\/www.tuseichholzremmighausen.de\/wordpress\/wp-json\/wp\/v2\/media?parent=13266"}],"wp:term":[{"taxonomy":"category","embeddable":true,"href":"https:\/\/www.tuseichholzremmighausen.de\/wordpress\/wp-json\/wp\/v2\/categories?post=13266"},{"taxonomy":"post_tag","embeddable":true,"href":"https:\/\/www.tuseichholzremmighausen.de\/wordpress\/wp-json\/wp\/v2\/tags?post=13266"}],"curies":[{"name":"wp","href":"https:\/\/api.w.org\/{rel}","templated":true}]}}